{"id":10108,"date":"2026-08-31T08:59:20","date_gmt":"2026-08-31T11:59:20","guid":{"rendered":"https:\/\/interclinicaslitoral.com.br\/blog\/?p=10108"},"modified":"2026-08-31T08:59:27","modified_gmt":"2026-08-31T11:59:27","slug":"internacao-involuntaria-em-praia-grande","status":"publish","type":"post","link":"https:\/\/interclinicaslitoral.com.br\/blog\/internacao-involuntaria-em-praia-grande\/","title":{"rendered":"Interna\u00e7\u00e3o Involunt\u00e1ria em Praia Grande"},"content":{"rendered":"<h1 data-section-id=\"o6h00k\" data-start=\"39\" data-end=\"126\">Interna\u00e7\u00e3o Involunt\u00e1ria em Praia Grande: Como Funciona e Quando Pode Ser Considerada?<\/h1>\n<p data-start=\"128\" data-end=\"481\">A <strong data-start=\"130\" data-end=\"173\">interna\u00e7\u00e3o involunt\u00e1ria em Praia Grande<\/strong> \u00e9 uma modalidade de interna\u00e7\u00e3o realizada sem o consentimento da pessoa. Em situa\u00e7\u00f5es relacionadas \u00e0 depend\u00eancia de \u00e1lcool, crack, coca\u00edna ou outras drogas, algumas fam\u00edlias come\u00e7am a considerar essa possibilidade quando o dependente n\u00e3o aceita ajuda e o quadro se torna cada vez mais dif\u00edcil de administrar.<\/p>\n<p data-start=\"483\" data-end=\"670\">Por\u00e9m, <strong data-start=\"490\" data-end=\"604\">recusar tratamento n\u00e3o significa automaticamente que uma pessoa possa ou deva ser internada contra sua vontade<\/strong>. Existem crit\u00e9rios m\u00e9dicos e legais que precisam ser respeitados.<\/p>\n<p data-start=\"672\" data-end=\"891\">A Lei n\u00ba 13.840\/2019 determina que o tratamento deve priorizar modalidades ambulatoriais e que a interna\u00e7\u00e3o seja utilizada quando os recursos extra-hospitalares forem insuficientes.<\/p>\n<h2 data-section-id=\"1joew7w\" data-start=\"893\" data-end=\"952\">Como funciona a interna\u00e7\u00e3o involunt\u00e1ria em Praia Grande?<\/h2>\n<p data-start=\"954\" data-end=\"1065\">O primeiro passo deve ser uma <strong data-start=\"984\" data-end=\"1018\">avalia\u00e7\u00e3o adequada da situa\u00e7\u00e3o<\/strong>, e n\u00e3o simplesmente a contrata\u00e7\u00e3o de uma vaga.<\/p>\n<p data-start=\"1067\" data-end=\"1366\">Entre os aspectos que podem ser avaliados est\u00e3o o tipo de subst\u00e2ncia utilizada, padr\u00e3o e frequ\u00eancia do consumo, condi\u00e7\u00f5es f\u00edsicas e mentais, capacidade de autocuidado, tratamentos anteriores, reca\u00eddas, situa\u00e7\u00f5es de risco e possibilidade de utilizar alternativas de tratamento fora de uma interna\u00e7\u00e3o.<\/p>\n<p data-start=\"1368\" data-end=\"1637\">A legisla\u00e7\u00e3o determina que a interna\u00e7\u00e3o involunt\u00e1ria seja indicada ap\u00f3s avalia\u00e7\u00e3o do tipo e padr\u00e3o de uso e quando estiver comprovada a impossibilidade de utiliza\u00e7\u00e3o de outras alternativas terap\u00eauticas dispon\u00edveis na rede de sa\u00fade.<\/p>\n<h2 data-section-id=\"gx35r0\" data-start=\"1639\" data-end=\"1662\">Quem pode solicitar?<\/h2>\n<p data-start=\"1664\" data-end=\"1818\">Nos casos disciplinados pela legisla\u00e7\u00e3o sobre depend\u00eancia de drogas, a interna\u00e7\u00e3o involunt\u00e1ria pode ocorrer a pedido de <strong data-start=\"1784\" data-end=\"1817\">familiar ou respons\u00e1vel legal<\/strong>.<\/p>\n<p data-start=\"1820\" data-end=\"2060\">Na absoluta falta deles, a lei tamb\u00e9m prev\u00ea determinadas hip\u00f3teses envolvendo servidores p\u00fablicos da sa\u00fade, assist\u00eancia social ou \u00f3rg\u00e3os integrantes do Sisnad, excluindo servidores da seguran\u00e7a p\u00fablica.<\/p>\n<p data-start=\"2062\" data-end=\"2099\">Mas existe uma diferen\u00e7a fundamental:<\/p>\n<p data-start=\"2101\" data-end=\"2176\"><strong data-start=\"2101\" data-end=\"2176\">A fam\u00edlia pode solicitar. A fam\u00edlia n\u00e3o determina sozinha a interna\u00e7\u00e3o.<\/strong><\/p>\n<h2 data-section-id=\"19mpjq0\" data-start=\"2178\" data-end=\"2208\">Quem autoriza a interna\u00e7\u00e3o?<\/h2>\n<p data-start=\"2210\" data-end=\"2435\">A interna\u00e7\u00e3o de dependentes de drogas precisa ser autorizada por <strong data-start=\"2275\" data-end=\"2396\">m\u00e9dico devidamente registrado no Conselho Regional de Medicina (CRM) do estado onde est\u00e1 localizado o estabelecimento<\/strong>.<\/p>\n<p data-start=\"2437\" data-end=\"2572\">No caso de um estabelecimento localizado no Estado de S\u00e3o Paulo, portanto, \u00e9 necess\u00e1rio observar essa exig\u00eancia legal referente ao CRM.<\/p>\n<p data-start=\"2574\" data-end=\"2658\">A decis\u00e3o pela interna\u00e7\u00e3o involunt\u00e1ria deve ser formalizada pelo m\u00e9dico respons\u00e1vel.<\/p>\n<h2 data-section-id=\"1p9wa6g\" data-start=\"2660\" data-end=\"2717\">Quando a interna\u00e7\u00e3o involunt\u00e1ria pode ser considerada?<\/h2>\n<p data-start=\"2719\" data-end=\"3029\">Algumas situa\u00e7\u00f5es podem justificar uma avalia\u00e7\u00e3o profissional mais urgente, especialmente quando o consumo est\u00e1 associado a comprometimento importante da sa\u00fade, incapacidade significativa de autocuidado, intoxica\u00e7\u00f5es recorrentes, altera\u00e7\u00f5es graves de comportamento ou exposi\u00e7\u00e3o constante a situa\u00e7\u00f5es perigosas.<\/p>\n<p data-start=\"3031\" data-end=\"3116\">Tamb\u00e9m pode existir um hist\u00f3rico de tratamentos anteriores que n\u00e3o foram suficientes.<\/p>\n<p data-start=\"3118\" data-end=\"3252\">Nenhum desses fatores, isoladamente, significa automaticamente que haver\u00e1 interna\u00e7\u00e3o. <strong data-start=\"3204\" data-end=\"3252\">O caso precisa ser avaliado individualmente.<\/strong><\/p>\n<h2 data-section-id=\"c27jiv\" data-start=\"3254\" data-end=\"3311\">Dependente qu\u00edmico n\u00e3o aceita tratamento: o que fazer?<\/h2>\n<p data-start=\"3313\" data-end=\"3428\">Essa \u00e9 provavelmente a situa\u00e7\u00e3o que mais leva fam\u00edlias a pesquisar por <strong data-start=\"3384\" data-end=\"3427\">interna\u00e7\u00e3o involunt\u00e1ria em Praia Grande<\/strong>.<\/p>\n<p data-start=\"3430\" data-end=\"3455\">Quando a pessoa responde:<\/p>\n<p data-start=\"3457\" data-end=\"3492\"><strong data-start=\"3457\" data-end=\"3492\">\u201cEu n\u00e3o preciso de tratamento.\u201d<\/strong><\/p>\n<p data-start=\"3494\" data-end=\"3497\">ou:<\/p>\n<p data-start=\"3499\" data-end=\"3527\"><strong data-start=\"3499\" data-end=\"3527\">\u201cEu paro quando quiser.\u201d<\/strong><\/p>\n<p data-start=\"3529\" data-end=\"3583\">a fam\u00edlia pode sentir que n\u00e3o existe mais alternativa.<\/p>\n<p data-start=\"3585\" data-end=\"3686\">Mas ainda \u00e9 poss\u00edvel procurar orienta\u00e7\u00e3o profissional sem esperar que o dependente tome a iniciativa.<\/p>\n<p data-start=\"3688\" data-end=\"3995\">Praia Grande possui rede p\u00fablica espec\u00edfica para \u00e1lcool e outras drogas. A Prefeitura informa que o munic\u00edpio conta com CAPS AD e que o servi\u00e7o oferece atendimento multidisciplinar e suporte terap\u00eautico para pessoas com problemas relacionados ao \u00e1lcool e outras drogas.<\/p>\n<h2 data-section-id=\"3vfo0c\" data-start=\"3997\" data-end=\"4044\">Onde procurar ajuda p\u00fablica em Praia Grande?<\/h2>\n<p data-start=\"4046\" data-end=\"4135\">Uma refer\u00eancia importante \u00e9 o <span class=\"contents\" data-content-reference-start=\"3967\" data-content-reference-end=\"4004\"><span class=\"\" data-state=\"closed\"><span class=\"hover:entity-accent entity-underline inline cursor-pointer align-baseline\"><span class=\"whitespace-normal\">CAPS AD<\/span><\/span><\/span><\/span>, no bairro Boqueir\u00e3o.<\/p>\n<p data-start=\"4137\" data-end=\"4381\">A Prefeitura de Praia Grande informa atualmente o <strong data-start=\"4187\" data-end=\"4233\">CAPS AD na Rua S\u00e3o Caetano, 400, Boqueir\u00e3o<\/strong>, e descreve o servi\u00e7o como parte da rede municipal de aten\u00e7\u00e3o psicossocial voltada ao \u00e1lcool e outras drogas.<\/p>\n<p data-start=\"4383\" data-end=\"4589\">A rede municipal tamb\u00e9m possui CAPS II e CAPS Infantil, e as unidades de Sa\u00fade da Fam\u00edlia participam da porta de entrada e encaminhamento para cuidados de sa\u00fade mental.<\/p>\n<h2 data-section-id=\"38id94\" data-start=\"4591\" data-end=\"4653\">Dependente de coca\u00edna pode ser internado involuntariamente?<\/h2>\n<p data-start=\"4655\" data-end=\"4802\">Pode haver indica\u00e7\u00e3o de interna\u00e7\u00e3o em determinados quadros, mas <strong data-start=\"4719\" data-end=\"4801\">usar coca\u00edna n\u00e3o significa automaticamente precisar de interna\u00e7\u00e3o involunt\u00e1ria<\/strong>.<\/p>\n<p data-start=\"4804\" data-end=\"4970\">\u00c9 necess\u00e1rio analisar frequ\u00eancia, compuls\u00e3o, consequ\u00eancias do consumo, condi\u00e7\u00f5es f\u00edsicas e psiqui\u00e1tricas, riscos e possibilidade de tratamento por outras modalidades.<\/p>\n<p data-start=\"4972\" data-end=\"5109\">O objetivo deve ser encontrar o <strong data-start=\"5004\" data-end=\"5033\">n\u00edvel de cuidado adequado<\/strong>, e n\u00e3o simplesmente internar porque determinada droga est\u00e1 sendo utilizada.<\/p>\n<h2 data-section-id=\"n7cpir\" data-start=\"5111\" data-end=\"5133\">E no caso do crack?<\/h2>\n<p data-start=\"5135\" data-end=\"5163\">O mesmo princ\u00edpio se aplica.<\/p>\n<p data-start=\"5165\" data-end=\"5288\">O crack pode estar associado a quadros de grande comprometimento, mas a avalia\u00e7\u00e3o precisa considerar a situa\u00e7\u00e3o individual.<\/p>\n<p data-start=\"5290\" data-end=\"5465\">Se a pessoa n\u00e3o aceita ajuda, a fam\u00edlia pode procurar orienta\u00e7\u00e3o e relatar detalhadamente o que est\u00e1 acontecendo para que os profissionais avaliem as alternativas dispon\u00edveis.<\/p>\n<h2 data-section-id=\"1lr9ygr\" data-start=\"5467\" data-end=\"5509\">Interna\u00e7\u00e3o involunt\u00e1ria para alcoolismo<\/h2>\n<p data-start=\"5511\" data-end=\"5619\">A depend\u00eancia grave do \u00e1lcool merece aten\u00e7\u00e3o especial porque algumas pessoas desenvolvem depend\u00eancia f\u00edsica.<\/p>\n<p data-start=\"5621\" data-end=\"5756\">Nesses casos, interromper abruptamente o consumo pode provocar sintomas de abstin\u00eancia e, em determinados quadros, complica\u00e7\u00f5es graves.<\/p>\n<p data-start=\"5758\" data-end=\"5925\">Se houver <strong data-start=\"5768\" data-end=\"5868\">convuls\u00f5es, perda de consci\u00eancia, confus\u00e3o intensa, dificuldade respirat\u00f3ria ou outra emerg\u00eancia<\/strong>, a prioridade \u00e9 procurar atendimento m\u00e9dico de urg\u00eancia.<\/p>\n<h2 data-section-id=\"1e2fpgl\" data-start=\"5927\" data-end=\"5976\">Onde pode acontecer a interna\u00e7\u00e3o involunt\u00e1ria?<\/h2>\n<p data-start=\"5978\" data-end=\"6188\">A Lei n\u00ba 13.840\/2019 estabelece que a interna\u00e7\u00e3o de dependentes de drogas seja realizada em <strong data-start=\"6070\" data-end=\"6149\">unidades de sa\u00fade ou hospitais gerais dotados de equipes multidisciplinares<\/strong>.<\/p>\n<p data-start=\"6190\" data-end=\"6244\">Esse detalhe \u00e9 essencial para fam\u00edlias procurando por:<\/p>\n<p data-start=\"6246\" data-end=\"6300\"><strong data-start=\"6246\" data-end=\"6300\">cl\u00ednica de interna\u00e7\u00e3o involunt\u00e1ria em Praia Grande<\/strong><\/p>\n<p data-start=\"6302\" data-end=\"6344\"><strong data-start=\"6302\" data-end=\"6344\">cl\u00ednica de recupera\u00e7\u00e3o em Praia Grande<\/strong><\/p>\n<p data-start=\"6346\" data-end=\"6348\">ou<\/p>\n<p data-start=\"6350\" data-end=\"6411\"><strong data-start=\"6350\" data-end=\"6410\">interna\u00e7\u00e3o para dependentes qu\u00edmicos na Baixada Santista<\/strong>.<\/p>\n<p data-start=\"6413\" data-end=\"6585\">Antes de contratar qualquer estabelecimento, verifique se ele possui efetivamente a natureza, licenciamento, profissionais e estrutura necess\u00e1rios para o servi\u00e7o anunciado.<\/p>\n<h2 data-section-id=\"331bel\" data-start=\"6587\" data-end=\"6651\">Comunidade terap\u00eautica pode realizar interna\u00e7\u00e3o involunt\u00e1ria?<\/h2>\n<p data-start=\"6653\" data-end=\"6754\">\u00c9 importante diferenciar <strong data-start=\"6678\" data-end=\"6719\">acolhimento em comunidade terap\u00eautica<\/strong> de interna\u00e7\u00e3o em servi\u00e7o de sa\u00fade.<\/p>\n<p data-start=\"6756\" data-end=\"6970\">A legisla\u00e7\u00e3o estabelece requisitos pr\u00f3prios para o acolhimento em comunidade terap\u00eautica e prev\u00ea a <strong data-start=\"6855\" data-end=\"6891\">ades\u00e3o e perman\u00eancia volunt\u00e1rias<\/strong> como caracter\u00edstica desse acolhimento.<\/p>\n<p data-start=\"6972\" data-end=\"7116\">Por isso, uma fam\u00edlia que acredita existir necessidade de interna\u00e7\u00e3o involunt\u00e1ria deve procurar avalia\u00e7\u00e3o em um <strong data-start=\"7084\" data-end=\"7115\">servi\u00e7o de sa\u00fade habilitado<\/strong>.<\/p>\n<h2 data-section-id=\"tjhvxw\" data-start=\"7118\" data-end=\"7167\">Quanto tempo dura uma interna\u00e7\u00e3o involunt\u00e1ria?<\/h2>\n<p data-start=\"7169\" data-end=\"7421\">Para depend\u00eancia de drogas nos casos disciplinados pela Lei n\u00ba 13.840\/2019, a interna\u00e7\u00e3o involunt\u00e1ria deve permanecer <strong data-start=\"7287\" data-end=\"7337\">somente pelo tempo necess\u00e1rio \u00e0 desintoxica\u00e7\u00e3o<\/strong>, respeitando o prazo m\u00e1ximo de <strong data-start=\"7369\" data-end=\"7380\">90 dias<\/strong>.<\/p>\n<p data-start=\"7423\" data-end=\"7471\">O t\u00e9rmino \u00e9 determinado pelo m\u00e9dico respons\u00e1vel.<\/p>\n<p data-start=\"7473\" data-end=\"7492\">Isso significa que:<\/p>\n<p data-start=\"7494\" data-end=\"7552\"><strong data-start=\"7494\" data-end=\"7552\">90 dias n\u00e3o s\u00e3o uma dura\u00e7\u00e3o obrigat\u00f3ria de tratamento.<\/strong><\/p>\n<p data-start=\"7554\" data-end=\"7608\">\u00c9 o limite m\u00e1ximo estabelecido nessa regra espec\u00edfica.<\/p>\n<p data-start=\"7610\" data-end=\"7770\">A pr\u00f3pria legisla\u00e7\u00e3o tamb\u00e9m permite que a fam\u00edlia ou representante legal requeira ao m\u00e9dico a interrup\u00e7\u00e3o do tratamento.<\/p>\n<h2 data-section-id=\"9ym0h2\" data-start=\"7772\" data-end=\"7824\">Interna\u00e7\u00e3o involunt\u00e1ria \u00e9 a primeira alternativa?<\/h2>\n<p data-start=\"7826\" data-end=\"7834\"><strong data-start=\"7826\" data-end=\"7834\">N\u00e3o.<\/strong><\/p>\n<p data-start=\"7836\" data-end=\"8051\">A legisla\u00e7\u00e3o determina prioridade para modalidades ambulatoriais e estabelece que a interna\u00e7\u00e3o somente seja indicada quando os recursos extra-hospitalares forem insuficientes.<\/p>\n<p data-start=\"8053\" data-end=\"8161\">Em Praia Grande, isso ganha ainda mais import\u00e2ncia porque existe uma rede municipal de aten\u00e7\u00e3o psicossocial.<\/p>\n<p data-start=\"8163\" data-end=\"8529\">Dependendo do caso, o caminho pode envolver <strong data-start=\"8207\" data-end=\"8325\">USAFAs, CAPS, CAPS AD, atendimento m\u00e9dico, acompanhamento psicol\u00f3gico, psiquiatria e outras modalidades de cuidado<\/strong>. A Prefeitura informa que os CAPS da cidade realizam acolhimento e acompanhamento especializado, inclusive permitindo acolhimento direto em determinadas situa\u00e7\u00f5es.<\/p>\n<h2 data-section-id=\"10oin0k\" data-start=\"8531\" data-end=\"8587\">Como escolher uma cl\u00ednica de interna\u00e7\u00e3o involunt\u00e1ria?<\/h2>\n<p data-start=\"8589\" data-end=\"8697\">Antes de contratar uma cl\u00ednica para algu\u00e9m de Praia Grande ou da Baixada Santista, verifique cuidadosamente:<\/p>\n<ul data-start=\"8699\" data-end=\"9013\">\n<li data-section-id=\"1fq8661\" data-start=\"8699\" data-end=\"8734\">Licenciamento do estabelecimento;<\/li>\n<li data-section-id=\"1aab8pq\" data-start=\"8735\" data-end=\"8757\">Respons\u00e1vel t\u00e9cnico;<\/li>\n<li data-section-id=\"stz8u\" data-start=\"8758\" data-end=\"8779\">M\u00e9dico respons\u00e1vel;<\/li>\n<li data-section-id=\"fxxhyz\" data-start=\"8780\" data-end=\"8806\">Equipe multidisciplinar;<\/li>\n<li data-section-id=\"199en7z\" data-start=\"8807\" data-end=\"8837\">Avalia\u00e7\u00e3o antes da admiss\u00e3o;<\/li>\n<li data-section-id=\"1899qnz\" data-start=\"8838\" data-end=\"8868\">Protocolos para emerg\u00eancias;<\/li>\n<li data-section-id=\"1urva4i\" data-start=\"8869\" data-end=\"8901\">Administra\u00e7\u00e3o de medicamentos;<\/li>\n<li data-section-id=\"ybpeyw\" data-start=\"8902\" data-end=\"8935\">Plano individual de tratamento;<\/li>\n<li data-section-id=\"2zfj7f\" data-start=\"8936\" data-end=\"8962\">Participa\u00e7\u00e3o da fam\u00edlia;<\/li>\n<li data-section-id=\"g5jney\" data-start=\"8963\" data-end=\"8986\">Planejamento de alta;<\/li>\n<li data-section-id=\"qwd2dx\" data-start=\"8987\" data-end=\"9013\">Continuidade do cuidado.<\/li>\n<\/ul>\n<p data-start=\"9015\" data-end=\"9155\">Desconfie de promessas como <strong data-start=\"9043\" data-end=\"9082\">\u201cinterna\u00e7\u00e3o involunt\u00e1ria garantida\u201d<\/strong>, <strong data-start=\"9084\" data-end=\"9130\">\u201cinternamos qualquer pessoa imediatamente\u201d<\/strong> ou <strong data-start=\"9134\" data-end=\"9154\">\u201ccura garantida\u201d<\/strong>.<\/p>\n<p data-start=\"9157\" data-end=\"9233\">A exist\u00eancia de indica\u00e7\u00e3o para interna\u00e7\u00e3o depende de avalia\u00e7\u00e3o profissional.<\/p>\n<h2 data-section-id=\"1e99m3x\" data-start=\"9235\" data-end=\"9281\">Depois da interna\u00e7\u00e3o, o tratamento continua<\/h2>\n<p data-start=\"9283\" data-end=\"9342\">A interna\u00e7\u00e3o n\u00e3o deve ser considerada o tratamento inteiro.<\/p>\n<p data-start=\"9344\" data-end=\"9567\">Dependendo da situa\u00e7\u00e3o, depois da estabiliza\u00e7\u00e3o podem ser necess\u00e1rios acompanhamento psicol\u00f3gico, atendimento m\u00e9dico ou psiqui\u00e1trico, CAPS AD, grupos de apoio, orienta\u00e7\u00e3o familiar, preven\u00e7\u00e3o de reca\u00eddas e reinser\u00e7\u00e3o social.<\/p>\n<p data-start=\"9569\" data-end=\"9668\">A recupera\u00e7\u00e3o precisa trabalhar tamb\u00e9m o que acontecer\u00e1 <strong data-start=\"9625\" data-end=\"9667\">quando a pessoa voltar para sua rotina<\/strong>.<\/p>\n<h2 data-section-id=\"1n7h79t\" data-start=\"9670\" data-end=\"9736\">Interna\u00e7\u00e3o involunt\u00e1ria em Praia Grande: qual o primeiro passo?<\/h2>\n<p data-start=\"9738\" data-end=\"9872\">Se n\u00e3o existe uma emerg\u00eancia, o primeiro passo \u00e9 <strong data-start=\"9787\" data-end=\"9871\">procurar avalia\u00e7\u00e3o profissional e explicar detalhadamente o que est\u00e1 acontecendo<\/strong>.<\/p>\n<p data-start=\"9874\" data-end=\"10076\">A fam\u00edlia pode organizar informa\u00e7\u00f5es sobre quais subst\u00e2ncias est\u00e3o sendo utilizadas, frequ\u00eancia do consumo, epis\u00f3dios recentes, tratamentos anteriores, reca\u00eddas, problemas de sa\u00fade e situa\u00e7\u00f5es de risco.<\/p>\n<p data-start=\"10078\" data-end=\"10240\">Com essas informa\u00e7\u00f5es, torna-se poss\u00edvel avaliar se existe possibilidade de tratamento ambulatorial ou se um n\u00edvel mais intensivo de cuidado deve ser considerado.<\/p>\n<p data-start=\"10242\" data-end=\"10427\">Para moradores de Praia Grande, a pr\u00f3pria rede municipal oferece atendimento especializado para problemas relacionados ao \u00e1lcool e outras drogas.<\/p>\n<p data-start=\"10429\" data-end=\"10481\"><strong data-start=\"10429\" data-end=\"10481\">Atendimento e orienta\u00e7\u00e3o 24 horas: 11 95452-1548<\/strong><\/p>\n","protected":false},"excerpt":{"rendered":"<p>Interna\u00e7\u00e3o Involunt\u00e1ria em Praia Grande: Como Funciona e Quando Pode Ser Considerada? A interna\u00e7\u00e3o involunt\u00e1ria em Praia Grande \u00e9 uma modalidade de interna\u00e7\u00e3o realizada\u2026<\/p>\n","protected":false},"author":1,"featured_media":0,"comment_status":"open","ping_status":"open","sticky":false,"template":"","format":"standard","meta":{"footnotes":""},"categories":[137,145],"tags":[359,360],"class_list":["post-10108","post","type-post","status-publish","format-standard","hentry","category-clinica-de-internacao-compulsoria","category-clinica-involuntaria","tag-internacao-involuntaria-em-praia-grande-feminina","tag-internacao-involuntaria-em-praia-grande-masculina"],"yoast_head":"<!-- This site is optimized with the Yoast SEO Premium plugin v27.6.1 (Yoast SEO v28.2) - https:\/\/yoast.com\/product\/yoast-seo-premium-wordpress\/ -->\n<title>Interna\u00e7\u00e3o Involunt\u00e1ria em Praia Grande - Blog Inter Cl\u00ednicas Litoral<\/title>\n<meta name=\"description\" content=\"Interna\u00e7\u00e3o involunt\u00e1ria em Praia Grande: entenda como funciona, quem pode solicitar, autoriza\u00e7\u00e3o m\u00e9dica, prazo, crit\u00e9rios e tratamento para depend\u00eancia qu\u00edmica e alcoolismo na Baixada Santista.\" \/>\n<meta name=\"robots\" content=\"index, follow, max-snippet:-1, max-image-preview:large, max-video-preview:-1\" \/>\n<link rel=\"canonical\" href=\"https:\/\/interclinicaslitoral.com.br\/blog\/internacao-involuntaria-em-praia-grande\/\" \/>\n<meta property=\"og:locale\" content=\"pt_PT\" \/>\n<meta property=\"og:type\" content=\"article\" \/>\n<meta property=\"og:title\" content=\"Interna\u00e7\u00e3o Involunt\u00e1ria em Praia Grande\" \/>\n<meta property=\"og:description\" content=\"Interna\u00e7\u00e3o involunt\u00e1ria em Praia Grande: entenda como funciona, quem pode solicitar, autoriza\u00e7\u00e3o m\u00e9dica, prazo, crit\u00e9rios e tratamento para depend\u00eancia qu\u00edmica e alcoolismo na Baixada Santista.\" \/>\n<meta property=\"og:url\" content=\"https:\/\/interclinicaslitoral.com.br\/blog\/internacao-involuntaria-em-praia-grande\/\" \/>\n<meta property=\"og:site_name\" content=\"Blog Inter Cl\u00ednicas Litoral\" \/>\n<meta property=\"article:published_time\" content=\"2026-08-31T11:59:20+00:00\" \/>\n<meta property=\"article:modified_time\" content=\"2026-08-31T11:59:27+00:00\" \/>\n<meta name=\"author\" content=\"admin\" \/>\n<meta name=\"twitter:card\" content=\"summary_large_image\" \/>\n<meta name=\"twitter:label1\" content=\"Escrito por\" \/>\n\t<meta name=\"twitter:data1\" content=\"admin\" \/>\n\t<meta name=\"twitter:label2\" content=\"Tempo estimado de leitura\" \/>\n\t<meta name=\"twitter:data2\" content=\"8 minutos\" \/>\n<script type=\"application\/ld+json\" class=\"yoast-schema-graph\">{\"@context\":\"https:\\\/\\\/schema.org\",\"@graph\":[{\"@type\":\"Article\",\"@id\":\"https:\\\/\\\/interclinicaslitoral.com.br\\\/blog\\\/internacao-involuntaria-em-praia-grande\\\/#article\",\"isPartOf\":{\"@id\":\"https:\\\/\\\/interclinicaslitoral.com.br\\\/blog\\\/internacao-involuntaria-em-praia-grande\\\/\"},\"author\":{\"name\":\"admin\",\"@id\":\"https:\\\/\\\/interclinicaslitoral.com.br\\\/blog\\\/#\\\/schema\\\/person\\\/0722a1a552d2deb98d1ad7f7ef92ffd4\"},\"headline\":\"Interna\u00e7\u00e3o Involunt\u00e1ria em Praia Grande\",\"datePublished\":\"2026-08-31T11:59:20+00:00\",\"dateModified\":\"2026-08-31T11:59:27+00:00\",\"mainEntityOfPage\":{\"@id\":\"https:\\\/\\\/interclinicaslitoral.com.br\\\/blog\\\/internacao-involuntaria-em-praia-grande\\\/\"},\"wordCount\":1578,\"commentCount\":0,\"keywords\":[\"Interna\u00e7\u00e3o Involunt\u00e1ria em Praia Grande feminina\",\"Interna\u00e7\u00e3o Involunt\u00e1ria em Praia Grande masculina\"],\"articleSection\":[\"Clinica de Interna\u00e7\u00e3o Compuls\u00f3ria\",\"Clinica Involunt\u00e1ria\"],\"inLanguage\":\"pt-PT\",\"potentialAction\":[{\"@type\":\"CommentAction\",\"name\":\"Comment\",\"target\":[\"https:\\\/\\\/interclinicaslitoral.com.br\\\/blog\\\/internacao-involuntaria-em-praia-grande\\\/#respond\"]}]},{\"@type\":\"WebPage\",\"@id\":\"https:\\\/\\\/interclinicaslitoral.com.br\\\/blog\\\/internacao-involuntaria-em-praia-grande\\\/\",\"url\":\"https:\\\/\\\/interclinicaslitoral.com.br\\\/blog\\\/internacao-involuntaria-em-praia-grande\\\/\",\"name\":\"Interna\u00e7\u00e3o Involunt\u00e1ria em Praia Grande - Blog Inter Cl\u00ednicas Litoral\",\"isPartOf\":{\"@id\":\"https:\\\/\\\/interclinicaslitoral.com.br\\\/blog\\\/#website\"},\"datePublished\":\"2026-08-31T11:59:20+00:00\",\"dateModified\":\"2026-08-31T11:59:27+00:00\",\"author\":{\"@id\":\"https:\\\/\\\/interclinicaslitoral.com.br\\\/blog\\\/#\\\/schema\\\/person\\\/0722a1a552d2deb98d1ad7f7ef92ffd4\"},\"description\":\"Interna\u00e7\u00e3o involunt\u00e1ria em Praia Grande: entenda como funciona, quem pode solicitar, autoriza\u00e7\u00e3o m\u00e9dica, prazo, crit\u00e9rios e tratamento para depend\u00eancia qu\u00edmica e alcoolismo na Baixada Santista.\",\"breadcrumb\":{\"@id\":\"https:\\\/\\\/interclinicaslitoral.com.br\\\/blog\\\/internacao-involuntaria-em-praia-grande\\\/#breadcrumb\"},\"inLanguage\":\"pt-PT\",\"potentialAction\":[{\"@type\":\"ReadAction\",\"target\":[\"https:\\\/\\\/interclinicaslitoral.com.br\\\/blog\\\/internacao-involuntaria-em-praia-grande\\\/\"]}]},{\"@type\":\"BreadcrumbList\",\"@id\":\"https:\\\/\\\/interclinicaslitoral.com.br\\\/blog\\\/internacao-involuntaria-em-praia-grande\\\/#breadcrumb\",\"itemListElement\":[{\"@type\":\"ListItem\",\"position\":1,\"name\":\"In\u00edcio\",\"item\":\"https:\\\/\\\/interclinicaslitoral.com.br\\\/blog\\\/\"},{\"@type\":\"ListItem\",\"position\":2,\"name\":\"Interna\u00e7\u00e3o Involunt\u00e1ria em Praia Grande\"}]},{\"@type\":\"WebSite\",\"@id\":\"https:\\\/\\\/interclinicaslitoral.com.br\\\/blog\\\/#website\",\"url\":\"https:\\\/\\\/interclinicaslitoral.com.br\\\/blog\\\/\",\"name\":\"Blog Inter Cl\u00ednicas Litoral\",\"description\":\"Conte\u00fados sobre depend\u00eancia qu\u00edmica, alcoolismo, sa\u00fade mental, apoio familiar e caminhos de cuidado em todo o Litoral Paulista.\",\"potentialAction\":[{\"@type\":\"SearchAction\",\"target\":{\"@type\":\"EntryPoint\",\"urlTemplate\":\"https:\\\/\\\/interclinicaslitoral.com.br\\\/blog\\\/?s={search_term_string}\"},\"query-input\":{\"@type\":\"PropertyValueSpecification\",\"valueRequired\":true,\"valueName\":\"search_term_string\"}}],\"inLanguage\":\"pt-PT\"},{\"@type\":\"Person\",\"@id\":\"https:\\\/\\\/interclinicaslitoral.com.br\\\/blog\\\/#\\\/schema\\\/person\\\/0722a1a552d2deb98d1ad7f7ef92ffd4\",\"name\":\"admin\",\"image\":{\"@type\":\"ImageObject\",\"inLanguage\":\"pt-PT\",\"@id\":\"https:\\\/\\\/secure.gravatar.com\\\/avatar\\\/f7939cba5930278804513e8435a0e8943ddbb1f002264bfb6cbe0fbe692dd410?s=96&d=mm&r=g\",\"url\":\"https:\\\/\\\/secure.gravatar.com\\\/avatar\\\/f7939cba5930278804513e8435a0e8943ddbb1f002264bfb6cbe0fbe692dd410?s=96&d=mm&r=g\",\"contentUrl\":\"https:\\\/\\\/secure.gravatar.com\\\/avatar\\\/f7939cba5930278804513e8435a0e8943ddbb1f002264bfb6cbe0fbe692dd410?s=96&d=mm&r=g\",\"caption\":\"admin\"},\"url\":\"https:\\\/\\\/interclinicaslitoral.com.br\\\/blog\\\/author\\\/admin\\\/\"}]}<\/script>\n<!-- \/ Yoast SEO Premium plugin. -->","yoast_head_json":{"title":"Interna\u00e7\u00e3o Involunt\u00e1ria em Praia Grande - Blog Inter Cl\u00ednicas Litoral","description":"Interna\u00e7\u00e3o involunt\u00e1ria em Praia Grande: entenda como funciona, quem pode solicitar, autoriza\u00e7\u00e3o m\u00e9dica, prazo, crit\u00e9rios e tratamento para depend\u00eancia qu\u00edmica e alcoolismo na Baixada Santista.","robots":{"index":"index","follow":"follow","max-snippet":"max-snippet:-1","max-image-preview":"max-image-preview:large","max-video-preview":"max-video-preview:-1"},"canonical":"https:\/\/interclinicaslitoral.com.br\/blog\/internacao-involuntaria-em-praia-grande\/","og_locale":"pt_PT","og_type":"article","og_title":"Interna\u00e7\u00e3o Involunt\u00e1ria em Praia Grande","og_description":"Interna\u00e7\u00e3o involunt\u00e1ria em Praia Grande: entenda como funciona, quem pode solicitar, autoriza\u00e7\u00e3o m\u00e9dica, prazo, crit\u00e9rios e tratamento para depend\u00eancia qu\u00edmica e alcoolismo na Baixada Santista.","og_url":"https:\/\/interclinicaslitoral.com.br\/blog\/internacao-involuntaria-em-praia-grande\/","og_site_name":"Blog Inter Cl\u00ednicas Litoral","article_published_time":"2026-08-31T11:59:20+00:00","article_modified_time":"2026-08-31T11:59:27+00:00","author":"admin","twitter_card":"summary_large_image","twitter_misc":{"Escrito por":"admin","Tempo estimado de leitura":"8 minutos"},"schema":{"@context":"https:\/\/schema.org","@graph":[{"@type":"Article","@id":"https:\/\/interclinicaslitoral.com.br\/blog\/internacao-involuntaria-em-praia-grande\/#article","isPartOf":{"@id":"https:\/\/interclinicaslitoral.com.br\/blog\/internacao-involuntaria-em-praia-grande\/"},"author":{"name":"admin","@id":"https:\/\/interclinicaslitoral.com.br\/blog\/#\/schema\/person\/0722a1a552d2deb98d1ad7f7ef92ffd4"},"headline":"Interna\u00e7\u00e3o Involunt\u00e1ria em Praia Grande","datePublished":"2026-08-31T11:59:20+00:00","dateModified":"2026-08-31T11:59:27+00:00","mainEntityOfPage":{"@id":"https:\/\/interclinicaslitoral.com.br\/blog\/internacao-involuntaria-em-praia-grande\/"},"wordCount":1578,"commentCount":0,"keywords":["Interna\u00e7\u00e3o Involunt\u00e1ria em Praia Grande feminina","Interna\u00e7\u00e3o Involunt\u00e1ria em Praia Grande masculina"],"articleSection":["Clinica de Interna\u00e7\u00e3o Compuls\u00f3ria","Clinica Involunt\u00e1ria"],"inLanguage":"pt-PT","potentialAction":[{"@type":"CommentAction","name":"Comment","target":["https:\/\/interclinicaslitoral.com.br\/blog\/internacao-involuntaria-em-praia-grande\/#respond"]}]},{"@type":"WebPage","@id":"https:\/\/interclinicaslitoral.com.br\/blog\/internacao-involuntaria-em-praia-grande\/","url":"https:\/\/interclinicaslitoral.com.br\/blog\/internacao-involuntaria-em-praia-grande\/","name":"Interna\u00e7\u00e3o Involunt\u00e1ria em Praia Grande - Blog Inter Cl\u00ednicas Litoral","isPartOf":{"@id":"https:\/\/interclinicaslitoral.com.br\/blog\/#website"},"datePublished":"2026-08-31T11:59:20+00:00","dateModified":"2026-08-31T11:59:27+00:00","author":{"@id":"https:\/\/interclinicaslitoral.com.br\/blog\/#\/schema\/person\/0722a1a552d2deb98d1ad7f7ef92ffd4"},"description":"Interna\u00e7\u00e3o involunt\u00e1ria em Praia Grande: entenda como funciona, quem pode solicitar, autoriza\u00e7\u00e3o m\u00e9dica, prazo, crit\u00e9rios e tratamento para depend\u00eancia qu\u00edmica e alcoolismo na Baixada Santista.","breadcrumb":{"@id":"https:\/\/interclinicaslitoral.com.br\/blog\/internacao-involuntaria-em-praia-grande\/#breadcrumb"},"inLanguage":"pt-PT","potentialAction":[{"@type":"ReadAction","target":["https:\/\/interclinicaslitoral.com.br\/blog\/internacao-involuntaria-em-praia-grande\/"]}]},{"@type":"BreadcrumbList","@id":"https:\/\/interclinicaslitoral.com.br\/blog\/internacao-involuntaria-em-praia-grande\/#breadcrumb","itemListElement":[{"@type":"ListItem","position":1,"name":"In\u00edcio","item":"https:\/\/interclinicaslitoral.com.br\/blog\/"},{"@type":"ListItem","position":2,"name":"Interna\u00e7\u00e3o Involunt\u00e1ria em Praia Grande"}]},{"@type":"WebSite","@id":"https:\/\/interclinicaslitoral.com.br\/blog\/#website","url":"https:\/\/interclinicaslitoral.com.br\/blog\/","name":"Blog Inter Cl\u00ednicas Litoral","description":"Conte\u00fados sobre depend\u00eancia qu\u00edmica, alcoolismo, sa\u00fade mental, apoio familiar e caminhos de cuidado em todo o Litoral Paulista.","potentialAction":[{"@type":"SearchAction","target":{"@type":"EntryPoint","urlTemplate":"https:\/\/interclinicaslitoral.com.br\/blog\/?s={search_term_string}"},"query-input":{"@type":"PropertyValueSpecification","valueRequired":true,"valueName":"search_term_string"}}],"inLanguage":"pt-PT"},{"@type":"Person","@id":"https:\/\/interclinicaslitoral.com.br\/blog\/#\/schema\/person\/0722a1a552d2deb98d1ad7f7ef92ffd4","name":"admin","image":{"@type":"ImageObject","inLanguage":"pt-PT","@id":"https:\/\/secure.gravatar.com\/avatar\/f7939cba5930278804513e8435a0e8943ddbb1f002264bfb6cbe0fbe692dd410?s=96&d=mm&r=g","url":"https:\/\/secure.gravatar.com\/avatar\/f7939cba5930278804513e8435a0e8943ddbb1f002264bfb6cbe0fbe692dd410?s=96&d=mm&r=g","contentUrl":"https:\/\/secure.gravatar.com\/avatar\/f7939cba5930278804513e8435a0e8943ddbb1f002264bfb6cbe0fbe692dd410?s=96&d=mm&r=g","caption":"admin"},"url":"https:\/\/interclinicaslitoral.com.br\/blog\/author\/admin\/"}]}},"_links":{"self":[{"href":"https:\/\/interclinicaslitoral.com.br\/blog\/wp-json\/wp\/v2\/posts\/10108","targetHints":{"allow":["GET"]}}],"collection":[{"href":"https:\/\/interclinicaslitoral.com.br\/blog\/wp-json\/wp\/v2\/posts"}],"about":[{"href":"https:\/\/interclinicaslitoral.com.br\/blog\/wp-json\/wp\/v2\/types\/post"}],"author":[{"embeddable":true,"href":"https:\/\/interclinicaslitoral.com.br\/blog\/wp-json\/wp\/v2\/users\/1"}],"replies":[{"embeddable":true,"href":"https:\/\/interclinicaslitoral.com.br\/blog\/wp-json\/wp\/v2\/comments?post=10108"}],"version-history":[{"count":1,"href":"https:\/\/interclinicaslitoral.com.br\/blog\/wp-json\/wp\/v2\/posts\/10108\/revisions"}],"predecessor-version":[{"id":10109,"href":"https:\/\/interclinicaslitoral.com.br\/blog\/wp-json\/wp\/v2\/posts\/10108\/revisions\/10109"}],"wp:attachment":[{"href":"https:\/\/interclinicaslitoral.com.br\/blog\/wp-json\/wp\/v2\/media?parent=10108"}],"wp:term":[{"taxonomy":"category","embeddable":true,"href":"https:\/\/interclinicaslitoral.com.br\/blog\/wp-json\/wp\/v2\/categories?post=10108"},{"taxonomy":"post_tag","embeddable":true,"href":"https:\/\/interclinicaslitoral.com.br\/blog\/wp-json\/wp\/v2\/tags?post=10108"}],"curies":[{"name":"wp","href":"https:\/\/api.w.org\/{rel}","templated":true}]}}