{"id":10106,"date":"2026-08-25T09:44:16","date_gmt":"2026-08-25T12:44:16","guid":{"rendered":"https:\/\/interclinicaslitoral.com.br\/blog\/?p=10106"},"modified":"2026-08-25T09:44:25","modified_gmt":"2026-08-25T12:44:25","slug":"como-funciona-a-internacao-involuntaria-em-sao-vicente","status":"publish","type":"post","link":"https:\/\/interclinicaslitoral.com.br\/blog\/como-funciona-a-internacao-involuntaria-em-sao-vicente\/","title":{"rendered":"Como Funciona a Interna\u00e7\u00e3o Involunt\u00e1ria em S\u00e3o Vicente?"},"content":{"rendered":"<h1 data-section-id=\"n49hli\" data-start=\"0\" data-end=\"57\">Como Funciona a Interna\u00e7\u00e3o Involunt\u00e1ria em S\u00e3o Vicente?<\/h1>\n<p data-start=\"59\" data-end=\"276\">A <strong data-start=\"61\" data-end=\"103\">interna\u00e7\u00e3o involunt\u00e1ria em S\u00e3o Vicente<\/strong> \u00e9 uma modalidade de interna\u00e7\u00e3o realizada sem o consentimento da pessoa e pode ser considerada em situa\u00e7\u00f5es espec\u00edficas relacionadas \u00e0 depend\u00eancia de \u00e1lcool e outras drogas.<\/p>\n<p data-start=\"278\" data-end=\"480\">Ela n\u00e3o acontece simplesmente porque a fam\u00edlia deseja internar algu\u00e9m ou porque o dependente se recusa a fazer tratamento. No Brasil, existem <strong data-start=\"420\" data-end=\"450\">crit\u00e9rios m\u00e9dicos e legais<\/strong> que precisam ser respeitados.<\/p>\n<p data-start=\"482\" data-end=\"628\">Para fam\u00edlias de <strong data-start=\"499\" data-end=\"536\">S\u00e3o Vicente e da Baixada Santista<\/strong>, compreender esse processo \u00e9 fundamental para buscar ajuda de maneira segura e respons\u00e1vel.<\/p>\n<h2 data-section-id=\"lyvtcr\" data-start=\"630\" data-end=\"665\">O que \u00e9 interna\u00e7\u00e3o involunt\u00e1ria?<\/h2>\n<p data-start=\"667\" data-end=\"726\">\u00c9 a interna\u00e7\u00e3o realizada <strong data-start=\"692\" data-end=\"725\">sem o consentimento da pessoa<\/strong>.<\/p>\n<p data-start=\"728\" data-end=\"989\">Nos casos de depend\u00eancia de drogas abrangidos pela Lei n\u00ba 11.343\/2006, alterada pela Lei n\u00ba 13.840\/2019, a interna\u00e7\u00e3o deve ser autorizada por m\u00e9dico e utilizada quando outras alternativas terap\u00eauticas dispon\u00edveis na rede de aten\u00e7\u00e3o \u00e0 sa\u00fade forem insuficientes.<\/p>\n<p data-start=\"991\" data-end=\"1016\">\u00c9 importante diferenciar:<\/p>\n<p data-start=\"1018\" data-end=\"1082\"><strong data-start=\"1018\" data-end=\"1044\">Interna\u00e7\u00e3o volunt\u00e1ria:<\/strong> ocorre com o consentimento da pessoa.<\/p>\n<p data-start=\"1084\" data-end=\"1189\"><strong data-start=\"1084\" data-end=\"1112\">Interna\u00e7\u00e3o involunt\u00e1ria:<\/strong> ocorre sem consentimento, mediante os crit\u00e9rios m\u00e9dicos e legais aplic\u00e1veis.<\/p>\n<p data-start=\"1191\" data-end=\"1252\"><strong data-start=\"1191\" data-end=\"1218\">Interna\u00e7\u00e3o compuls\u00f3ria:<\/strong> decorre de determina\u00e7\u00e3o judicial.<\/p>\n<h2 data-section-id=\"szillh\" data-start=\"1254\" data-end=\"1312\">Como funciona a interna\u00e7\u00e3o involunt\u00e1ria em S\u00e3o Vicente?<\/h2>\n<p data-start=\"1314\" data-end=\"1382\">O processo deve come\u00e7ar com uma <strong data-start=\"1346\" data-end=\"1381\">avalia\u00e7\u00e3o da situa\u00e7\u00e3o da pessoa<\/strong>.<\/p>\n<p data-start=\"1384\" data-end=\"1447\">N\u00e3o deveria come\u00e7ar simplesmente com a contrata\u00e7\u00e3o de uma vaga.<\/p>\n<p data-start=\"1449\" data-end=\"1492\">Durante a avalia\u00e7\u00e3o podem ser considerados:<\/p>\n<ul data-start=\"1494\" data-end=\"1780\">\n<li data-section-id=\"fmv35w\" data-start=\"1494\" data-end=\"1519\">Subst\u00e2ncias utilizadas;<\/li>\n<li data-section-id=\"1es78y2\" data-start=\"1520\" data-end=\"1553\">Frequ\u00eancia e padr\u00e3o do consumo;<\/li>\n<li data-section-id=\"wmwjy0\" data-start=\"1554\" data-end=\"1574\">Condi\u00e7\u00f5es f\u00edsicas;<\/li>\n<li data-section-id=\"1asyjfp\" data-start=\"1575\" data-end=\"1590\">Sa\u00fade mental;<\/li>\n<li data-section-id=\"1obnmkx\" data-start=\"1591\" data-end=\"1619\">Capacidade de autocuidado;<\/li>\n<li data-section-id=\"1hkg158\" data-start=\"1620\" data-end=\"1647\">Hist\u00f3rico de tratamentos;<\/li>\n<li data-section-id=\"m9tthv\" data-start=\"1648\" data-end=\"1670\">Reca\u00eddas anteriores;<\/li>\n<li data-section-id=\"1w51w5k\" data-start=\"1671\" data-end=\"1692\">Situa\u00e7\u00f5es de risco;<\/li>\n<li data-section-id=\"gng3oa\" data-start=\"1693\" data-end=\"1736\">Possibilidade de tratamento ambulatorial;<\/li>\n<li data-section-id=\"uxl76d\" data-start=\"1737\" data-end=\"1780\">Alternativas existentes na rede de sa\u00fade.<\/li>\n<\/ul>\n<p data-start=\"1782\" data-end=\"1874\">A partir dessas informa\u00e7\u00f5es, o profissional poder\u00e1 determinar o n\u00edvel de cuidado necess\u00e1rio.<\/p>\n<h2 data-section-id=\"gx35r0\" data-start=\"1876\" data-end=\"1899\">Quem pode solicitar?<\/h2>\n<p data-start=\"1901\" data-end=\"1986\">A interna\u00e7\u00e3o involunt\u00e1ria pode ocorrer a pedido de <strong data-start=\"1952\" data-end=\"1985\">familiar ou respons\u00e1vel legal<\/strong>.<\/p>\n<p data-start=\"1988\" data-end=\"2236\">Na absoluta falta deles, a legisla\u00e7\u00e3o tamb\u00e9m prev\u00ea situa\u00e7\u00f5es espec\u00edficas em que a solicita\u00e7\u00e3o pode partir de servidor p\u00fablico das \u00e1reas de sa\u00fade, assist\u00eancia social ou \u00f3rg\u00e3os integrantes do Sisnad, excetuados os profissionais da seguran\u00e7a p\u00fablica.<\/p>\n<p data-start=\"2238\" data-end=\"2279\">Existe, por\u00e9m, uma diferen\u00e7a fundamental:<\/p>\n<p data-start=\"2281\" data-end=\"2319\"><strong data-start=\"2281\" data-end=\"2319\">Solicitar n\u00e3o significa autorizar.<\/strong><\/p>\n<p data-start=\"2321\" data-end=\"2424\">A fam\u00edlia pode procurar ajuda e apresentar a situa\u00e7\u00e3o. A indica\u00e7\u00e3o precisa passar por avalia\u00e7\u00e3o m\u00e9dica.<\/p>\n<h2 data-section-id=\"8b4l4u\" data-start=\"2426\" data-end=\"2469\">Quem autoriza a interna\u00e7\u00e3o involunt\u00e1ria?<\/h2>\n<p data-start=\"2471\" data-end=\"2650\">A legisla\u00e7\u00e3o determina que a interna\u00e7\u00e3o seja autorizada por <strong data-start=\"2531\" data-end=\"2648\">m\u00e9dico devidamente registrado no Conselho Regional de Medicina (CRM) do estado onde se encontra o estabelecimento<\/strong>.<\/p>\n<p data-start=\"2652\" data-end=\"2777\">Portanto, a assinatura de um familiar n\u00e3o \u00e9 suficiente, sozinha, para determinar que algu\u00e9m seja internado involuntariamente.<\/p>\n<p data-start=\"2779\" data-end=\"2820\">A avalia\u00e7\u00e3o m\u00e9dica \u00e9 uma etapa essencial.<\/p>\n<h2 data-section-id=\"1h8j3wv\" data-start=\"2822\" data-end=\"2853\">Quando pode ser considerada?<\/h2>\n<p data-start=\"2855\" data-end=\"2935\">Algumas situa\u00e7\u00f5es podem levar a fam\u00edlia a procurar avalia\u00e7\u00e3o com maior urg\u00eancia:<\/p>\n<ul data-start=\"2937\" data-end=\"3232\">\n<li data-section-id=\"14mmi8z\" data-start=\"2937\" data-end=\"2984\">Grave comprometimento relacionado ao consumo;<\/li>\n<li data-section-id=\"1k0i73f\" data-start=\"2985\" data-end=\"3029\">Incapacidade significativa de autocuidado;<\/li>\n<li data-section-id=\"ff4hgq\" data-start=\"3030\" data-end=\"3057\">Intoxica\u00e7\u00f5es recorrentes;<\/li>\n<li data-section-id=\"1rzdeu9\" data-start=\"3058\" data-end=\"3081\">Complica\u00e7\u00f5es f\u00edsicas;<\/li>\n<li data-section-id=\"e1amu7\" data-start=\"3082\" data-end=\"3123\">Altera\u00e7\u00f5es importantes de sa\u00fade mental;<\/li>\n<li data-section-id=\"1hj5uyf\" data-start=\"3124\" data-end=\"3168\">Exposi\u00e7\u00e3o frequente a situa\u00e7\u00f5es perigosas;<\/li>\n<li data-section-id=\"1c1jk6e\" data-start=\"3169\" data-end=\"3232\">Insufici\u00eancia de alternativas menos intensivas de tratamento.<\/li>\n<\/ul>\n<p data-start=\"3234\" data-end=\"3318\">Esses fatores <strong data-start=\"3248\" data-end=\"3317\">n\u00e3o significam automaticamente que haver\u00e1 interna\u00e7\u00e3o involunt\u00e1ria<\/strong>.<\/p>\n<p data-start=\"3320\" data-end=\"3367\">Cada caso precisa ser avaliado individualmente.<\/p>\n<h2 data-section-id=\"hyuxzt\" data-start=\"3369\" data-end=\"3416\">A pessoa n\u00e3o querer tratamento \u00e9 suficiente?<\/h2>\n<p data-start=\"3418\" data-end=\"3426\"><strong data-start=\"3418\" data-end=\"3426\">N\u00e3o.<\/strong><\/p>\n<p data-start=\"3428\" data-end=\"3530\">Uma pessoa recusar tratamento n\u00e3o significa, por si s\u00f3, que ela possa ser internada involuntariamente.<\/p>\n<p data-start=\"3532\" data-end=\"3704\">A legisla\u00e7\u00e3o estabelece que devem ser avaliados o tipo de droga, o padr\u00e3o de uso e a impossibilidade de utiliza\u00e7\u00e3o de outras alternativas terap\u00eauticas dispon\u00edveis na rede.<\/p>\n<p data-start=\"3706\" data-end=\"3884\">Essa \u00e9 uma informa\u00e7\u00e3o importante para fam\u00edlias que procuram por <strong data-start=\"3770\" data-end=\"3812\">interna\u00e7\u00e3o involunt\u00e1ria em S\u00e3o Vicente<\/strong> depois de v\u00e1rias tentativas de convencer o dependente a procurar ajuda.<\/p>\n<h2 data-section-id=\"1lr9ygr\" data-start=\"3886\" data-end=\"3928\">Interna\u00e7\u00e3o involunt\u00e1ria para alcoolismo<\/h2>\n<p data-start=\"3930\" data-end=\"3992\">Casos graves de depend\u00eancia do \u00e1lcool exigem aten\u00e7\u00e3o especial.<\/p>\n<p data-start=\"3994\" data-end=\"4100\">Algumas pessoas com depend\u00eancia f\u00edsica podem apresentar sintomas importantes quando interrompem o consumo.<\/p>\n<p data-start=\"4102\" data-end=\"4196\">Por isso, uma tentativa improvisada de desintoxica\u00e7\u00e3o pode ser perigosa em determinados casos.<\/p>\n<p data-start=\"4198\" data-end=\"4361\">Quando existem <strong data-start=\"4213\" data-end=\"4320\">convuls\u00f5es, perda de consci\u00eancia, confus\u00e3o mental intensa, dificuldade respirat\u00f3ria ou outra emerg\u00eancia<\/strong>, a prioridade \u00e9 atendimento de urg\u00eancia.<\/p>\n<h2 data-section-id=\"1l0tlal\" data-start=\"4363\" data-end=\"4402\">Interna\u00e7\u00e3o involunt\u00e1ria para coca\u00edna<\/h2>\n<p data-start=\"4404\" data-end=\"4479\">O uso de coca\u00edna n\u00e3o determina automaticamente a necessidade de interna\u00e7\u00e3o.<\/p>\n<p data-start=\"4481\" data-end=\"4633\">A avalia\u00e7\u00e3o precisa considerar fatores como padr\u00e3o de consumo, compuls\u00e3o, condi\u00e7\u00f5es f\u00edsicas e psiqui\u00e1tricas, riscos associados e tratamentos anteriores.<\/p>\n<p data-start=\"4635\" data-end=\"4758\">Dependendo da situa\u00e7\u00e3o, podem existir alternativas ambulatoriais ou pode ser necess\u00e1rio um n\u00edvel mais intensivo de cuidado.<\/p>\n<h2 data-section-id=\"pjxym1\" data-start=\"4760\" data-end=\"4797\">Interna\u00e7\u00e3o involunt\u00e1ria para crack<\/h2>\n<p data-start=\"4799\" data-end=\"4835\">O mesmo princ\u00edpio vale para o crack.<\/p>\n<p data-start=\"4837\" data-end=\"5019\">Embora determinados padr\u00f5es de consumo possam provocar grande comprometimento da rotina e da sa\u00fade, <strong data-start=\"4937\" data-end=\"5018\">a subst\u00e2ncia utilizada, isoladamente, n\u00e3o determina a interna\u00e7\u00e3o involunt\u00e1ria<\/strong>.<\/p>\n<p data-start=\"5021\" data-end=\"5064\">\u00c9 necess\u00e1rio avaliar a pessoa como um todo.<\/p>\n<h2 data-section-id=\"5ae0v7\" data-start=\"5066\" data-end=\"5102\">Onde pode acontecer a interna\u00e7\u00e3o?<\/h2>\n<p data-start=\"5104\" data-end=\"5288\">Nos casos de depend\u00eancia de drogas disciplinados pela Lei n\u00ba 13.840\/2019, a interna\u00e7\u00e3o deve ocorrer em <strong data-start=\"5207\" data-end=\"5286\">unidades de sa\u00fade ou hospitais gerais dotados de equipes multidisciplinares<\/strong>.<\/p>\n<p data-start=\"5290\" data-end=\"5449\">Por isso, quem procura uma <strong data-start=\"5317\" data-end=\"5370\">cl\u00ednica de interna\u00e7\u00e3o involunt\u00e1ria em S\u00e3o Vicente<\/strong> deve verificar cuidadosamente a natureza e a regulariza\u00e7\u00e3o do estabelecimento.<\/p>\n<p data-start=\"5451\" data-end=\"5460\">Pergunte:<\/p>\n<ul data-start=\"5462\" data-end=\"5727\">\n<li data-section-id=\"1rw51h0\" data-start=\"5462\" data-end=\"5494\">\u00c9 um estabelecimento de sa\u00fade?<\/li>\n<li data-section-id=\"1aqaz29\" data-start=\"5495\" data-end=\"5527\">Possui licenciamento adequado?<\/li>\n<li data-section-id=\"1qmslps\" data-start=\"5528\" data-end=\"5559\">Quem \u00e9 o respons\u00e1vel t\u00e9cnico?<\/li>\n<li data-section-id=\"tmr730\" data-start=\"5560\" data-end=\"5588\">Existe m\u00e9dico respons\u00e1vel?<\/li>\n<li data-section-id=\"ba3rv\" data-start=\"5589\" data-end=\"5624\">Qual equipe acompanha o paciente?<\/li>\n<li data-section-id=\"xywzpx\" data-start=\"5625\" data-end=\"5657\">Como funcionam as emerg\u00eancias?<\/li>\n<li data-section-id=\"fpz51h\" data-start=\"5658\" data-end=\"5696\">Como s\u00e3o administrados medicamentos?<\/li>\n<li data-section-id=\"kea14o\" data-start=\"5697\" data-end=\"5727\">Existe planejamento de alta?<\/li>\n<\/ul>\n<h2 data-section-id=\"yqacq5\" data-start=\"5729\" data-end=\"5790\">Comunidade terap\u00eautica pode fazer interna\u00e7\u00e3o involunt\u00e1ria?<\/h2>\n<p data-start=\"5792\" data-end=\"5917\">\u00c9 necess\u00e1rio diferenciar uma <strong data-start=\"5821\" data-end=\"5858\">comunidade terap\u00eautica acolhedora<\/strong> de um estabelecimento de sa\u00fade habilitado para interna\u00e7\u00e3o.<\/p>\n<p data-start=\"5919\" data-end=\"6095\">A Anvisa esclarece que a perman\u00eancia em comunidades terap\u00eauticas acolhedoras deve ser <strong data-start=\"6005\" data-end=\"6019\">volunt\u00e1ria<\/strong> e que a interna\u00e7\u00e3o involunt\u00e1ria somente pode ocorrer em servi\u00e7os de sa\u00fade.<\/p>\n<p data-start=\"6097\" data-end=\"6193\">Portanto, uma comunidade terap\u00eautica n\u00e3o deve simplesmente manter uma pessoa contra sua vontade.<\/p>\n<h2 data-section-id=\"5lxzhj\" data-start=\"6195\" data-end=\"6222\">Quanto tempo pode durar?<\/h2>\n<p data-start=\"6224\" data-end=\"6423\">Para a interna\u00e7\u00e3o involunt\u00e1ria de dependentes de drogas disciplinada pela Lei n\u00ba 13.840\/2019, o per\u00edodo deve ser <strong data-start=\"6337\" data-end=\"6377\">apenas o necess\u00e1rio \u00e0 desintoxica\u00e7\u00e3o<\/strong>, respeitando o limite m\u00e1ximo de <strong data-start=\"6410\" data-end=\"6421\">90 dias<\/strong>.<\/p>\n<p data-start=\"6425\" data-end=\"6473\">O t\u00e9rmino \u00e9 determinado pelo m\u00e9dico respons\u00e1vel.<\/p>\n<p data-start=\"6475\" data-end=\"6494\">Isso significa que:<\/p>\n<p data-start=\"6496\" data-end=\"6544\"><strong data-start=\"6496\" data-end=\"6544\">90 dias n\u00e3o representam dura\u00e7\u00e3o obrigat\u00f3ria.<\/strong><\/p>\n<p data-start=\"6546\" data-end=\"6593\">Trata-se do limite m\u00e1ximo previsto nessa regra.<\/p>\n<h2 data-section-id=\"o3mfnv\" data-start=\"6595\" data-end=\"6637\">A fam\u00edlia pode solicitar a interrup\u00e7\u00e3o?<\/h2>\n<p data-start=\"6639\" data-end=\"6643\">Sim.<\/p>\n<p data-start=\"6645\" data-end=\"6766\">A legisla\u00e7\u00e3o prev\u00ea que a fam\u00edlia ou representante legal pode requerer ao m\u00e9dico respons\u00e1vel a interrup\u00e7\u00e3o do tratamento.<\/p>\n<p data-start=\"6768\" data-end=\"6836\">Por isso, a participa\u00e7\u00e3o familiar deve continuar durante o processo.<\/p>\n<h2 data-section-id=\"kdoic\" data-start=\"6838\" data-end=\"6877\">A interna\u00e7\u00e3o precisa ser comunicada?<\/h2>\n<p data-start=\"6879\" data-end=\"7008\">A legisla\u00e7\u00e3o tamb\u00e9m prev\u00ea mecanismos de fiscaliza\u00e7\u00e3o e comunica\u00e7\u00e3o das interna\u00e7\u00f5es e altas involunt\u00e1rias aos \u00f3rg\u00e3os competentes.<\/p>\n<p data-start=\"7010\" data-end=\"7121\">Isso refor\u00e7a que a interna\u00e7\u00e3o involunt\u00e1ria <strong data-start=\"7053\" data-end=\"7120\">n\u00e3o \u00e9 simplesmente um acordo particular entre fam\u00edlia e cl\u00ednica<\/strong>.<\/p>\n<p data-start=\"7123\" data-end=\"7184\">Existem responsabilidades formais que precisam ser cumpridas.<\/p>\n<h2 data-section-id=\"1gv83nf\" data-start=\"7186\" data-end=\"7252\">Existe atendimento p\u00fablico para \u00e1lcool e drogas em S\u00e3o Vicente?<\/h2>\n<p data-start=\"7254\" data-end=\"7518\">Sim. A rede municipal de S\u00e3o Vicente possui servi\u00e7os de sa\u00fade mental, incluindo atendimento relacionado ao uso de \u00e1lcool e outras drogas. Para saber a porta de entrada e o servi\u00e7o adequado no momento, a fam\u00edlia pode consultar diretamente a rede municipal de sa\u00fade.<\/p>\n<p data-start=\"7520\" data-end=\"7557\"><span class=\"contents\" data-content-reference-start=\"7691\" data-content-reference-end=\"7781\"><span class=\"\" data-state=\"closed\"><a class=\"decorated-link cursor-pointer\" target=\"_blank\" rel=\"noopener\">Prefeitura de S\u00e3o Vicente \u2014 Sa\u00fade<\/a><\/span><\/span><\/p>\n<p data-start=\"7559\" data-end=\"7762\">O SUS tamb\u00e9m possui CAPS e outros componentes da Rede de Aten\u00e7\u00e3o Psicossocial destinados ao acompanhamento de pessoas com necessidades relacionadas \u00e0 sa\u00fade mental e ao uso prejudicial de \u00e1lcool e drogas.<\/p>\n<h2 data-section-id=\"ybo6vt\" data-start=\"7764\" data-end=\"7810\">Interna\u00e7\u00e3o involunt\u00e1ria \u00e9 a primeira op\u00e7\u00e3o?<\/h2>\n<p data-start=\"7812\" data-end=\"7820\"><strong data-start=\"7812\" data-end=\"7820\">N\u00e3o.<\/strong><\/p>\n<p data-start=\"7822\" data-end=\"7897\">Sempre que adequado, devem ser consideradas alternativas menos restritivas.<\/p>\n<p data-start=\"7899\" data-end=\"7946\">Dependendo do caso, o tratamento pode envolver:<\/p>\n<ul data-start=\"7948\" data-end=\"8092\">\n<li data-section-id=\"16wnh1u\" data-start=\"7948\" data-end=\"7955\">CAPS;<\/li>\n<li data-section-id=\"9zbgyf\" data-start=\"7956\" data-end=\"7966\">CAPS AD;<\/li>\n<li data-section-id=\"1j4hhzr\" data-start=\"7967\" data-end=\"7973\">UBS;<\/li>\n<li data-section-id=\"1doe85r\" data-start=\"7974\" data-end=\"7989\">Psicoterapia;<\/li>\n<li data-section-id=\"1xfrzfc\" data-start=\"7990\" data-end=\"8011\">Atendimento m\u00e9dico;<\/li>\n<li data-section-id=\"x47ozh\" data-start=\"8012\" data-end=\"8042\">Acompanhamento psiqui\u00e1trico;<\/li>\n<li data-section-id=\"1yw09c7\" data-start=\"8043\" data-end=\"8069\">Tratamento ambulatorial;<\/li>\n<li data-section-id=\"1ny7le\" data-start=\"8070\" data-end=\"8092\">Orienta\u00e7\u00e3o familiar.<\/li>\n<\/ul>\n<p data-start=\"8094\" data-end=\"8183\">A pergunta mais importante n\u00e3o deve ser apenas <strong data-start=\"8141\" data-end=\"8177\">\u201ccomo conseguir uma interna\u00e7\u00e3o?\u201d<\/strong>, mas:<\/p>\n<p data-start=\"8185\" data-end=\"8247\"><strong data-start=\"8185\" data-end=\"8247\">\u201cQual n\u00edvel de cuidado essa pessoa precisa neste momento?\u201d<\/strong><\/p>\n<h2 data-section-id=\"1ynnm8z\" data-start=\"8249\" data-end=\"8310\">Como escolher uma cl\u00ednica para uma fam\u00edlia de S\u00e3o Vicente?<\/h2>\n<p data-start=\"8312\" data-end=\"8482\">Para quem procura atendimento particular em <strong data-start=\"8356\" data-end=\"8431\">S\u00e3o Vicente, Santos, Praia Grande ou outras cidades da Baixada Santista<\/strong>, vale investigar a institui\u00e7\u00e3o antes de contratar.<\/p>\n<p data-start=\"8484\" data-end=\"8707\">Verifique regulariza\u00e7\u00e3o, equipe, respons\u00e1vel t\u00e9cnico, estrutura para emerg\u00eancias, acompanhamento m\u00e9dico quando necess\u00e1rio, administra\u00e7\u00e3o de medicamentos, participa\u00e7\u00e3o familiar e planejamento para continuidade do tratamento.<\/p>\n<p data-start=\"8709\" data-end=\"8737\">Desconfie de promessas como:<\/p>\n<p data-start=\"8739\" data-end=\"8779\"><strong data-start=\"8739\" data-end=\"8779\">\u201cInterna\u00e7\u00e3o involunt\u00e1ria garantida.\u201d<\/strong><\/p>\n<p data-start=\"8781\" data-end=\"8828\"><strong data-start=\"8781\" data-end=\"8828\">\u201cInternamos qualquer pessoa imediatamente.\u201d<\/strong><\/p>\n<p data-start=\"8830\" data-end=\"8851\"><strong data-start=\"8830\" data-end=\"8851\">\u201cCura garantida.\u201d<\/strong><\/p>\n<p data-start=\"8853\" data-end=\"8965\">Uma institui\u00e7\u00e3o respons\u00e1vel n\u00e3o deve garantir antecipadamente uma decis\u00e3o que depende de avalia\u00e7\u00e3o profissional.<\/p>\n<h2 data-section-id=\"o5lrq9\" data-start=\"8967\" data-end=\"9012\">O tratamento continua depois da interna\u00e7\u00e3o<\/h2>\n<p data-start=\"9014\" data-end=\"9060\">A interna\u00e7\u00e3o pode representar apenas uma fase.<\/p>\n<p data-start=\"9062\" data-end=\"9256\">Depois dela, a continuidade pode envolver psicoterapia, atendimento m\u00e9dico ou psiqui\u00e1trico quando indicado, CAPS, grupos de apoio, orienta\u00e7\u00e3o familiar, preven\u00e7\u00e3o de reca\u00eddas e reinser\u00e7\u00e3o social.<\/p>\n<p data-start=\"9258\" data-end=\"9424\">O objetivo n\u00e3o deve ser simplesmente retirar a pessoa temporariamente do contato com \u00e1lcool ou drogas, mas construir condi\u00e7\u00f5es para a <strong data-start=\"9392\" data-end=\"9423\">continuidade da recupera\u00e7\u00e3o<\/strong>.<\/p>\n<h2 data-section-id=\"1p7uyn6\" data-start=\"9426\" data-end=\"9492\">Interna\u00e7\u00e3o involunt\u00e1ria em S\u00e3o Vicente: onde buscar orienta\u00e7\u00e3o?<\/h2>\n<p data-start=\"9494\" data-end=\"9676\">Fam\u00edlias de <strong data-start=\"9506\" data-end=\"9543\">S\u00e3o Vicente e da Baixada Santista<\/strong> que enfrentam uma situa\u00e7\u00e3o grave relacionada \u00e0 depend\u00eancia qu\u00edmica ou ao alcoolismo podem come\u00e7ar procurando avalia\u00e7\u00e3o profissional.<\/p>\n<p data-start=\"9678\" data-end=\"9830\">Quando realmente indicada, a interna\u00e7\u00e3o involunt\u00e1ria deve ser realizada com <strong data-start=\"9754\" data-end=\"9829\">avalia\u00e7\u00e3o m\u00e9dica, respeito aos requisitos legais, seguran\u00e7a e dignidade<\/strong>.<\/p>\n<p data-start=\"9832\" data-end=\"9902\">Ela deve representar uma medida de cuidado e prote\u00e7\u00e3o \u2014 nunca puni\u00e7\u00e3o.<\/p>\n<p data-start=\"9904\" data-end=\"9956\"><strong data-start=\"9904\" data-end=\"9956\">Atendimento e orienta\u00e7\u00e3o 24 horas: 11 95452-1548<\/strong><\/p>\n","protected":false},"excerpt":{"rendered":"<p>Como Funciona a Interna\u00e7\u00e3o Involunt\u00e1ria em S\u00e3o Vicente? A interna\u00e7\u00e3o involunt\u00e1ria em S\u00e3o Vicente \u00e9 uma modalidade de interna\u00e7\u00e3o realizada sem o consentimento da\u2026<\/p>\n","protected":false},"author":1,"featured_media":0,"comment_status":"open","ping_status":"open","sticky":false,"template":"","format":"standard","meta":{"footnotes":""},"categories":[133,145],"tags":[356,357,358],"class_list":["post-10106","post","type-post","status-publish","format-standard","hentry","category-clinica-de-recuperacao","category-clinica-involuntaria","tag-como-funciona-a-internacao-involuntaria-em-sao-vicente","tag-como-funciona-a-internacao-involuntaria-em-sao-vicente-feminina","tag-como-funciona-a-internacao-involuntaria-em-sao-vicente-masculina"],"yoast_head":"<!-- This site is optimized with the Yoast SEO Premium plugin v27.6.1 (Yoast SEO v28.2) - https:\/\/yoast.com\/product\/yoast-seo-premium-wordpress\/ -->\n<title>Como Funciona a Interna\u00e7\u00e3o Involunt\u00e1ria em S\u00e3o Vicente? - Blog Inter Cl\u00ednicas Litoral<\/title>\n<meta name=\"description\" content=\"Como funciona a interna\u00e7\u00e3o involunt\u00e1ria em S\u00e3o Vicente? Entenda quem pode solicitar, autoriza\u00e7\u00e3o m\u00e9dica, prazo, crit\u00e9rios e tratamento para depend\u00eancia qu\u00edmica e alcoolismo na Baixada Santista.\" \/>\n<meta name=\"robots\" content=\"index, follow, max-snippet:-1, max-image-preview:large, max-video-preview:-1\" \/>\n<link rel=\"canonical\" href=\"https:\/\/interclinicaslitoral.com.br\/blog\/como-funciona-a-internacao-involuntaria-em-sao-vicente\/\" \/>\n<meta property=\"og:locale\" content=\"pt_PT\" \/>\n<meta property=\"og:type\" content=\"article\" \/>\n<meta property=\"og:title\" content=\"Como Funciona a Interna\u00e7\u00e3o Involunt\u00e1ria em S\u00e3o Vicente?\" \/>\n<meta property=\"og:description\" content=\"Como funciona a interna\u00e7\u00e3o involunt\u00e1ria em S\u00e3o Vicente? Entenda quem pode solicitar, autoriza\u00e7\u00e3o m\u00e9dica, prazo, crit\u00e9rios e tratamento para depend\u00eancia qu\u00edmica e alcoolismo na Baixada Santista.\" \/>\n<meta property=\"og:url\" content=\"https:\/\/interclinicaslitoral.com.br\/blog\/como-funciona-a-internacao-involuntaria-em-sao-vicente\/\" \/>\n<meta property=\"og:site_name\" content=\"Blog Inter Cl\u00ednicas Litoral\" \/>\n<meta property=\"article:published_time\" content=\"2026-08-25T12:44:16+00:00\" \/>\n<meta property=\"article:modified_time\" content=\"2026-08-25T12:44:25+00:00\" \/>\n<meta name=\"author\" content=\"admin\" \/>\n<meta name=\"twitter:card\" content=\"summary_large_image\" \/>\n<meta name=\"twitter:label1\" content=\"Escrito por\" \/>\n\t<meta name=\"twitter:data1\" content=\"admin\" \/>\n\t<meta name=\"twitter:label2\" content=\"Tempo estimado de leitura\" \/>\n\t<meta name=\"twitter:data2\" content=\"8 minutos\" \/>\n<script type=\"application\/ld+json\" class=\"yoast-schema-graph\">{\"@context\":\"https:\\\/\\\/schema.org\",\"@graph\":[{\"@type\":\"Article\",\"@id\":\"https:\\\/\\\/interclinicaslitoral.com.br\\\/blog\\\/como-funciona-a-internacao-involuntaria-em-sao-vicente\\\/#article\",\"isPartOf\":{\"@id\":\"https:\\\/\\\/interclinicaslitoral.com.br\\\/blog\\\/como-funciona-a-internacao-involuntaria-em-sao-vicente\\\/\"},\"author\":{\"name\":\"admin\",\"@id\":\"https:\\\/\\\/interclinicaslitoral.com.br\\\/blog\\\/#\\\/schema\\\/person\\\/0722a1a552d2deb98d1ad7f7ef92ffd4\"},\"headline\":\"Como Funciona a Interna\u00e7\u00e3o Involunt\u00e1ria em S\u00e3o Vicente?\",\"datePublished\":\"2026-08-25T12:44:16+00:00\",\"dateModified\":\"2026-08-25T12:44:25+00:00\",\"mainEntityOfPage\":{\"@id\":\"https:\\\/\\\/interclinicaslitoral.com.br\\\/blog\\\/como-funciona-a-internacao-involuntaria-em-sao-vicente\\\/\"},\"wordCount\":1599,\"commentCount\":0,\"keywords\":[\"Como Funciona a Interna\u00e7\u00e3o Involunt\u00e1ria em S\u00e3o Vicente?\",\"Como Funciona a Interna\u00e7\u00e3o Involunt\u00e1ria em S\u00e3o Vicente? feminina\",\"Como Funciona a Interna\u00e7\u00e3o Involunt\u00e1ria em S\u00e3o Vicente? masculina\"],\"articleSection\":[\"Clinica de recupera\u00e7\u00e3o\",\"Clinica Involunt\u00e1ria\"],\"inLanguage\":\"pt-PT\",\"potentialAction\":[{\"@type\":\"CommentAction\",\"name\":\"Comment\",\"target\":[\"https:\\\/\\\/interclinicaslitoral.com.br\\\/blog\\\/como-funciona-a-internacao-involuntaria-em-sao-vicente\\\/#respond\"]}]},{\"@type\":\"WebPage\",\"@id\":\"https:\\\/\\\/interclinicaslitoral.com.br\\\/blog\\\/como-funciona-a-internacao-involuntaria-em-sao-vicente\\\/\",\"url\":\"https:\\\/\\\/interclinicaslitoral.com.br\\\/blog\\\/como-funciona-a-internacao-involuntaria-em-sao-vicente\\\/\",\"name\":\"Como Funciona a Interna\u00e7\u00e3o Involunt\u00e1ria em S\u00e3o Vicente? - Blog Inter Cl\u00ednicas Litoral\",\"isPartOf\":{\"@id\":\"https:\\\/\\\/interclinicaslitoral.com.br\\\/blog\\\/#website\"},\"datePublished\":\"2026-08-25T12:44:16+00:00\",\"dateModified\":\"2026-08-25T12:44:25+00:00\",\"author\":{\"@id\":\"https:\\\/\\\/interclinicaslitoral.com.br\\\/blog\\\/#\\\/schema\\\/person\\\/0722a1a552d2deb98d1ad7f7ef92ffd4\"},\"description\":\"Como funciona a interna\u00e7\u00e3o involunt\u00e1ria em S\u00e3o Vicente? Entenda quem pode solicitar, autoriza\u00e7\u00e3o m\u00e9dica, prazo, crit\u00e9rios e tratamento para depend\u00eancia qu\u00edmica e alcoolismo na Baixada Santista.\",\"breadcrumb\":{\"@id\":\"https:\\\/\\\/interclinicaslitoral.com.br\\\/blog\\\/como-funciona-a-internacao-involuntaria-em-sao-vicente\\\/#breadcrumb\"},\"inLanguage\":\"pt-PT\",\"potentialAction\":[{\"@type\":\"ReadAction\",\"target\":[\"https:\\\/\\\/interclinicaslitoral.com.br\\\/blog\\\/como-funciona-a-internacao-involuntaria-em-sao-vicente\\\/\"]}]},{\"@type\":\"BreadcrumbList\",\"@id\":\"https:\\\/\\\/interclinicaslitoral.com.br\\\/blog\\\/como-funciona-a-internacao-involuntaria-em-sao-vicente\\\/#breadcrumb\",\"itemListElement\":[{\"@type\":\"ListItem\",\"position\":1,\"name\":\"In\u00edcio\",\"item\":\"https:\\\/\\\/interclinicaslitoral.com.br\\\/blog\\\/\"},{\"@type\":\"ListItem\",\"position\":2,\"name\":\"Como Funciona a Interna\u00e7\u00e3o Involunt\u00e1ria em S\u00e3o Vicente?\"}]},{\"@type\":\"WebSite\",\"@id\":\"https:\\\/\\\/interclinicaslitoral.com.br\\\/blog\\\/#website\",\"url\":\"https:\\\/\\\/interclinicaslitoral.com.br\\\/blog\\\/\",\"name\":\"Blog Inter Cl\u00ednicas Litoral\",\"description\":\"Conte\u00fados sobre depend\u00eancia qu\u00edmica, alcoolismo, sa\u00fade mental, apoio familiar e caminhos de cuidado em todo o Litoral Paulista.\",\"potentialAction\":[{\"@type\":\"SearchAction\",\"target\":{\"@type\":\"EntryPoint\",\"urlTemplate\":\"https:\\\/\\\/interclinicaslitoral.com.br\\\/blog\\\/?s={search_term_string}\"},\"query-input\":{\"@type\":\"PropertyValueSpecification\",\"valueRequired\":true,\"valueName\":\"search_term_string\"}}],\"inLanguage\":\"pt-PT\"},{\"@type\":\"Person\",\"@id\":\"https:\\\/\\\/interclinicaslitoral.com.br\\\/blog\\\/#\\\/schema\\\/person\\\/0722a1a552d2deb98d1ad7f7ef92ffd4\",\"name\":\"admin\",\"image\":{\"@type\":\"ImageObject\",\"inLanguage\":\"pt-PT\",\"@id\":\"https:\\\/\\\/secure.gravatar.com\\\/avatar\\\/f7939cba5930278804513e8435a0e8943ddbb1f002264bfb6cbe0fbe692dd410?s=96&d=mm&r=g\",\"url\":\"https:\\\/\\\/secure.gravatar.com\\\/avatar\\\/f7939cba5930278804513e8435a0e8943ddbb1f002264bfb6cbe0fbe692dd410?s=96&d=mm&r=g\",\"contentUrl\":\"https:\\\/\\\/secure.gravatar.com\\\/avatar\\\/f7939cba5930278804513e8435a0e8943ddbb1f002264bfb6cbe0fbe692dd410?s=96&d=mm&r=g\",\"caption\":\"admin\"},\"url\":\"https:\\\/\\\/interclinicaslitoral.com.br\\\/blog\\\/author\\\/admin\\\/\"}]}<\/script>\n<!-- \/ Yoast SEO Premium plugin. -->","yoast_head_json":{"title":"Como Funciona a Interna\u00e7\u00e3o Involunt\u00e1ria em S\u00e3o Vicente? - Blog Inter Cl\u00ednicas Litoral","description":"Como funciona a interna\u00e7\u00e3o involunt\u00e1ria em S\u00e3o Vicente? Entenda quem pode solicitar, autoriza\u00e7\u00e3o m\u00e9dica, prazo, crit\u00e9rios e tratamento para depend\u00eancia qu\u00edmica e alcoolismo na Baixada Santista.","robots":{"index":"index","follow":"follow","max-snippet":"max-snippet:-1","max-image-preview":"max-image-preview:large","max-video-preview":"max-video-preview:-1"},"canonical":"https:\/\/interclinicaslitoral.com.br\/blog\/como-funciona-a-internacao-involuntaria-em-sao-vicente\/","og_locale":"pt_PT","og_type":"article","og_title":"Como Funciona a Interna\u00e7\u00e3o Involunt\u00e1ria em S\u00e3o Vicente?","og_description":"Como funciona a interna\u00e7\u00e3o involunt\u00e1ria em S\u00e3o Vicente? Entenda quem pode solicitar, autoriza\u00e7\u00e3o m\u00e9dica, prazo, crit\u00e9rios e tratamento para depend\u00eancia qu\u00edmica e alcoolismo na Baixada Santista.","og_url":"https:\/\/interclinicaslitoral.com.br\/blog\/como-funciona-a-internacao-involuntaria-em-sao-vicente\/","og_site_name":"Blog Inter Cl\u00ednicas Litoral","article_published_time":"2026-08-25T12:44:16+00:00","article_modified_time":"2026-08-25T12:44:25+00:00","author":"admin","twitter_card":"summary_large_image","twitter_misc":{"Escrito por":"admin","Tempo estimado de leitura":"8 minutos"},"schema":{"@context":"https:\/\/schema.org","@graph":[{"@type":"Article","@id":"https:\/\/interclinicaslitoral.com.br\/blog\/como-funciona-a-internacao-involuntaria-em-sao-vicente\/#article","isPartOf":{"@id":"https:\/\/interclinicaslitoral.com.br\/blog\/como-funciona-a-internacao-involuntaria-em-sao-vicente\/"},"author":{"name":"admin","@id":"https:\/\/interclinicaslitoral.com.br\/blog\/#\/schema\/person\/0722a1a552d2deb98d1ad7f7ef92ffd4"},"headline":"Como Funciona a Interna\u00e7\u00e3o Involunt\u00e1ria em S\u00e3o Vicente?","datePublished":"2026-08-25T12:44:16+00:00","dateModified":"2026-08-25T12:44:25+00:00","mainEntityOfPage":{"@id":"https:\/\/interclinicaslitoral.com.br\/blog\/como-funciona-a-internacao-involuntaria-em-sao-vicente\/"},"wordCount":1599,"commentCount":0,"keywords":["Como Funciona a Interna\u00e7\u00e3o Involunt\u00e1ria em S\u00e3o Vicente?","Como Funciona a Interna\u00e7\u00e3o Involunt\u00e1ria em S\u00e3o Vicente? feminina","Como Funciona a Interna\u00e7\u00e3o Involunt\u00e1ria em S\u00e3o Vicente? masculina"],"articleSection":["Clinica de recupera\u00e7\u00e3o","Clinica Involunt\u00e1ria"],"inLanguage":"pt-PT","potentialAction":[{"@type":"CommentAction","name":"Comment","target":["https:\/\/interclinicaslitoral.com.br\/blog\/como-funciona-a-internacao-involuntaria-em-sao-vicente\/#respond"]}]},{"@type":"WebPage","@id":"https:\/\/interclinicaslitoral.com.br\/blog\/como-funciona-a-internacao-involuntaria-em-sao-vicente\/","url":"https:\/\/interclinicaslitoral.com.br\/blog\/como-funciona-a-internacao-involuntaria-em-sao-vicente\/","name":"Como Funciona a Interna\u00e7\u00e3o Involunt\u00e1ria em S\u00e3o Vicente? - Blog Inter Cl\u00ednicas Litoral","isPartOf":{"@id":"https:\/\/interclinicaslitoral.com.br\/blog\/#website"},"datePublished":"2026-08-25T12:44:16+00:00","dateModified":"2026-08-25T12:44:25+00:00","author":{"@id":"https:\/\/interclinicaslitoral.com.br\/blog\/#\/schema\/person\/0722a1a552d2deb98d1ad7f7ef92ffd4"},"description":"Como funciona a interna\u00e7\u00e3o involunt\u00e1ria em S\u00e3o Vicente? Entenda quem pode solicitar, autoriza\u00e7\u00e3o m\u00e9dica, prazo, crit\u00e9rios e tratamento para depend\u00eancia qu\u00edmica e alcoolismo na Baixada Santista.","breadcrumb":{"@id":"https:\/\/interclinicaslitoral.com.br\/blog\/como-funciona-a-internacao-involuntaria-em-sao-vicente\/#breadcrumb"},"inLanguage":"pt-PT","potentialAction":[{"@type":"ReadAction","target":["https:\/\/interclinicaslitoral.com.br\/blog\/como-funciona-a-internacao-involuntaria-em-sao-vicente\/"]}]},{"@type":"BreadcrumbList","@id":"https:\/\/interclinicaslitoral.com.br\/blog\/como-funciona-a-internacao-involuntaria-em-sao-vicente\/#breadcrumb","itemListElement":[{"@type":"ListItem","position":1,"name":"In\u00edcio","item":"https:\/\/interclinicaslitoral.com.br\/blog\/"},{"@type":"ListItem","position":2,"name":"Como Funciona a Interna\u00e7\u00e3o Involunt\u00e1ria em S\u00e3o Vicente?"}]},{"@type":"WebSite","@id":"https:\/\/interclinicaslitoral.com.br\/blog\/#website","url":"https:\/\/interclinicaslitoral.com.br\/blog\/","name":"Blog Inter Cl\u00ednicas Litoral","description":"Conte\u00fados sobre depend\u00eancia qu\u00edmica, alcoolismo, sa\u00fade mental, apoio familiar e caminhos de cuidado em todo o Litoral Paulista.","potentialAction":[{"@type":"SearchAction","target":{"@type":"EntryPoint","urlTemplate":"https:\/\/interclinicaslitoral.com.br\/blog\/?s={search_term_string}"},"query-input":{"@type":"PropertyValueSpecification","valueRequired":true,"valueName":"search_term_string"}}],"inLanguage":"pt-PT"},{"@type":"Person","@id":"https:\/\/interclinicaslitoral.com.br\/blog\/#\/schema\/person\/0722a1a552d2deb98d1ad7f7ef92ffd4","name":"admin","image":{"@type":"ImageObject","inLanguage":"pt-PT","@id":"https:\/\/secure.gravatar.com\/avatar\/f7939cba5930278804513e8435a0e8943ddbb1f002264bfb6cbe0fbe692dd410?s=96&d=mm&r=g","url":"https:\/\/secure.gravatar.com\/avatar\/f7939cba5930278804513e8435a0e8943ddbb1f002264bfb6cbe0fbe692dd410?s=96&d=mm&r=g","contentUrl":"https:\/\/secure.gravatar.com\/avatar\/f7939cba5930278804513e8435a0e8943ddbb1f002264bfb6cbe0fbe692dd410?s=96&d=mm&r=g","caption":"admin"},"url":"https:\/\/interclinicaslitoral.com.br\/blog\/author\/admin\/"}]}},"_links":{"self":[{"href":"https:\/\/interclinicaslitoral.com.br\/blog\/wp-json\/wp\/v2\/posts\/10106","targetHints":{"allow":["GET"]}}],"collection":[{"href":"https:\/\/interclinicaslitoral.com.br\/blog\/wp-json\/wp\/v2\/posts"}],"about":[{"href":"https:\/\/interclinicaslitoral.com.br\/blog\/wp-json\/wp\/v2\/types\/post"}],"author":[{"embeddable":true,"href":"https:\/\/interclinicaslitoral.com.br\/blog\/wp-json\/wp\/v2\/users\/1"}],"replies":[{"embeddable":true,"href":"https:\/\/interclinicaslitoral.com.br\/blog\/wp-json\/wp\/v2\/comments?post=10106"}],"version-history":[{"count":1,"href":"https:\/\/interclinicaslitoral.com.br\/blog\/wp-json\/wp\/v2\/posts\/10106\/revisions"}],"predecessor-version":[{"id":10107,"href":"https:\/\/interclinicaslitoral.com.br\/blog\/wp-json\/wp\/v2\/posts\/10106\/revisions\/10107"}],"wp:attachment":[{"href":"https:\/\/interclinicaslitoral.com.br\/blog\/wp-json\/wp\/v2\/media?parent=10106"}],"wp:term":[{"taxonomy":"category","embeddable":true,"href":"https:\/\/interclinicaslitoral.com.br\/blog\/wp-json\/wp\/v2\/categories?post=10106"},{"taxonomy":"post_tag","embeddable":true,"href":"https:\/\/interclinicaslitoral.com.br\/blog\/wp-json\/wp\/v2\/tags?post=10106"}],"curies":[{"name":"wp","href":"https:\/\/api.w.org\/{rel}","templated":true}]}}