{"id":10097,"date":"2026-08-20T10:39:15","date_gmt":"2026-08-20T13:39:15","guid":{"rendered":"https:\/\/interclinicaslitoral.com.br\/blog\/?p=10097"},"modified":"2026-08-20T10:39:15","modified_gmt":"2026-08-20T13:39:15","slug":"clinica-de-recuperacao-na-baixada-santista","status":"publish","type":"post","link":"https:\/\/interclinicaslitoral.com.br\/blog\/clinica-de-recuperacao-na-baixada-santista\/","title":{"rendered":"cl\u00ednica de recupera\u00e7\u00e3o na Baixada Santista"},"content":{"rendered":"<h1 class=\"PDq2pG_selectionAnchorContainer\" data-section-id=\"1eqjco4\" data-start=\"0\" data-end=\"94\">Cl\u00ednica de Recupera\u00e7\u00e3o na Baixada Santista: Tratamento para Depend\u00eancia Qu\u00edmica e Alcoolismo<\/h1>\n<p data-start=\"96\" data-end=\"493\">Buscar uma <strong data-start=\"107\" data-end=\"153\">cl\u00ednica de recupera\u00e7\u00e3o na Baixada Santista<\/strong> pode ser um passo importante para fam\u00edlias que enfrentam problemas relacionados ao \u00e1lcool, coca\u00edna, crack e outras drogas. A regi\u00e3o inclui cidades como <strong data-start=\"306\" data-end=\"372\">Santos, S\u00e3o Vicente, Praia Grande, Guaruj\u00e1, Cubat\u00e3o e Bertioga<\/strong>, munic\u00edpios que tamb\u00e9m fazem parte da \u00e1rea trabalhada pela Inter Cl\u00ednicas Litoral.<\/p>\n<p data-start=\"495\" data-end=\"744\">A depend\u00eancia qu\u00edmica pode provocar consequ\u00eancias f\u00edsicas, emocionais, familiares, profissionais e financeiras. Por isso, a escolha do tratamento deve considerar as necessidades individuais da pessoa e o n\u00edvel de cuidado adequado para cada situa\u00e7\u00e3o.<\/p>\n<h2 data-section-id=\"1cs12ib\" data-start=\"746\" data-end=\"792\">Quando procurar uma cl\u00ednica de recupera\u00e7\u00e3o?<\/h2>\n<p data-start=\"794\" data-end=\"905\">A fam\u00edlia deve ficar atenta quando o consumo de \u00e1lcool ou drogas come\u00e7a a comprometer diferentes \u00e1reas da vida.<\/p>\n<p data-start=\"907\" data-end=\"937\">Alguns sinais importantes s\u00e3o:<\/p>\n<ul data-start=\"939\" data-end=\"1335\">\n<li data-section-id=\"11h6g5u\" data-start=\"939\" data-end=\"975\">Perda de controle sobre o consumo;<\/li>\n<li data-section-id=\"kzpcz6\" data-start=\"976\" data-end=\"1009\">Tentativas frustradas de parar;<\/li>\n<li data-section-id=\"1kl3f29\" data-start=\"1010\" data-end=\"1032\">Reca\u00eddas frequentes;<\/li>\n<li data-section-id=\"rpland\" data-start=\"1033\" data-end=\"1070\">Mudan\u00e7as intensas de comportamento;<\/li>\n<li data-section-id=\"w0sdbd\" data-start=\"1071\" data-end=\"1094\">Problemas familiares;<\/li>\n<li data-section-id=\"1g29wpp\" data-start=\"1095\" data-end=\"1128\">Abandono das responsabilidades;<\/li>\n<li data-section-id=\"1t3i0gi\" data-start=\"1129\" data-end=\"1176\">Problemas financeiros relacionados \u00e0s drogas;<\/li>\n<li data-section-id=\"jkp2o9\" data-start=\"1177\" data-end=\"1216\">Preju\u00edzos no trabalho ou nos estudos;<\/li>\n<li data-section-id=\"118l0st\" data-start=\"1217\" data-end=\"1237\">Isolamento social;<\/li>\n<li data-section-id=\"l3h8i1\" data-start=\"1238\" data-end=\"1272\">Problemas f\u00edsicos ou emocionais;<\/li>\n<li data-section-id=\"1b7qfti\" data-start=\"1273\" data-end=\"1335\">Continua\u00e7\u00e3o do consumo mesmo diante de consequ\u00eancias graves.<\/li>\n<\/ul>\n<p data-start=\"1337\" data-end=\"1689\">A presen\u00e7a desses sinais n\u00e3o significa automaticamente que uma pessoa precise ser internada. O primeiro passo deve ser uma <strong data-start=\"1460\" data-end=\"1482\">avalia\u00e7\u00e3o adequada<\/strong> para determinar o n\u00edvel de cuidado necess\u00e1rio. A legisla\u00e7\u00e3o brasileira estabelece prioridade para modalidades ambulatoriais e prev\u00ea interna\u00e7\u00e3o em situa\u00e7\u00f5es espec\u00edficas.<\/p>\n<h2 data-section-id=\"pdbwv3\" data-start=\"1691\" data-end=\"1746\">Como funciona o tratamento para depend\u00eancia qu\u00edmica?<\/h2>\n<p data-start=\"1748\" data-end=\"1906\">O tratamento pode variar conforme a subst\u00e2ncia utilizada, intensidade do consumo, condi\u00e7\u00f5es f\u00edsicas e psicol\u00f3gicas, hist\u00f3rico de reca\u00eddas e situa\u00e7\u00e3o familiar.<\/p>\n<h3 data-section-id=\"ogwikp\" data-start=\"1908\" data-end=\"1932\">1. Avalia\u00e7\u00e3o inicial<\/h3>\n<p data-start=\"1934\" data-end=\"1989\">\u00c9 importante conhecer o hist\u00f3rico da pessoa, incluindo:<\/p>\n<ul data-start=\"1991\" data-end=\"2182\">\n<li data-section-id=\"fmv35w\" data-start=\"1991\" data-end=\"2016\">Subst\u00e2ncias utilizadas;<\/li>\n<li data-section-id=\"1noni7i\" data-start=\"2017\" data-end=\"2041\">Frequ\u00eancia de consumo;<\/li>\n<li data-section-id=\"sos2m9\" data-start=\"2042\" data-end=\"2067\">Tratamentos anteriores;<\/li>\n<li data-section-id=\"wmwjy0\" data-start=\"2068\" data-end=\"2088\">Condi\u00e7\u00f5es f\u00edsicas;<\/li>\n<li data-section-id=\"1asyjfp\" data-start=\"2089\" data-end=\"2104\">Sa\u00fade mental;<\/li>\n<li data-section-id=\"iaosaa\" data-start=\"2105\" data-end=\"2127\">Uso de medicamentos;<\/li>\n<li data-section-id=\"1t85dmm\" data-start=\"2128\" data-end=\"2152\">Hist\u00f3rico de reca\u00eddas;<\/li>\n<li data-section-id=\"ifmeds\" data-start=\"2153\" data-end=\"2182\">Ambiente familiar e social.<\/li>\n<\/ul>\n<p data-start=\"2184\" data-end=\"2259\">Essas informa\u00e7\u00f5es ajudam a estabelecer um plano de cuidado individualizado.<\/p>\n<h2 data-section-id=\"15cbi9j\" data-start=\"2261\" data-end=\"2297\">2. Desintoxica\u00e7\u00e3o e estabiliza\u00e7\u00e3o<\/h2>\n<p data-start=\"2299\" data-end=\"2391\">Alguns pacientes podem precisar de acompanhamento de sa\u00fade durante a interrup\u00e7\u00e3o do consumo.<\/p>\n<p data-start=\"2393\" data-end=\"2489\">A necessidade depende principalmente da subst\u00e2ncia utilizada e das condi\u00e7\u00f5es cl\u00ednicas da pessoa.<\/p>\n<p data-start=\"2491\" data-end=\"2624\">No alcoolismo, por exemplo, determinadas formas de abstin\u00eancia podem apresentar complica\u00e7\u00f5es importantes e exigir assist\u00eancia m\u00e9dica.<\/p>\n<p data-start=\"2626\" data-end=\"2831\">A desintoxica\u00e7\u00e3o, entretanto, <strong data-start=\"2656\" data-end=\"2692\">n\u00e3o representa todo o tratamento<\/strong>. Depois da estabiliza\u00e7\u00e3o, \u00e9 necess\u00e1rio continuar trabalhando os aspectos comportamentais, emocionais e sociais relacionados \u00e0 depend\u00eancia.<\/p>\n<h2 data-section-id=\"1lvd0xb\" data-start=\"2833\" data-end=\"2865\">3. Acompanhamento terap\u00eautico<\/h2>\n<p data-start=\"2867\" data-end=\"2970\">Dependendo da modalidade escolhida e da habilita\u00e7\u00e3o do estabelecimento, o acompanhamento pode envolver:<\/p>\n<ul data-start=\"2972\" data-end=\"3248\">\n<li data-section-id=\"1doe85r\" data-start=\"2972\" data-end=\"2987\">Psicoterapia;<\/li>\n<li data-section-id=\"1bjrrqz\" data-start=\"2988\" data-end=\"3025\">Atendimento m\u00e9dico quando indicado;<\/li>\n<li data-section-id=\"s2m9s0\" data-start=\"3026\" data-end=\"3071\">Atendimento psiqui\u00e1trico quando necess\u00e1rio;<\/li>\n<li data-section-id=\"yj3m7e\" data-start=\"3072\" data-end=\"3108\">Atividades individuais e em grupo;<\/li>\n<li data-section-id=\"loraxl\" data-start=\"3109\" data-end=\"3146\">Educa\u00e7\u00e3o sobre depend\u00eancia qu\u00edmica;<\/li>\n<li data-section-id=\"yjfu9h\" data-start=\"3147\" data-end=\"3171\">Organiza\u00e7\u00e3o da rotina;<\/li>\n<li data-section-id=\"1us9uss\" data-start=\"3172\" data-end=\"3205\">Desenvolvimento de habilidades;<\/li>\n<li data-section-id=\"firjlq\" data-start=\"3206\" data-end=\"3223\">Apoio familiar;<\/li>\n<li data-section-id=\"wij9dk\" data-start=\"3224\" data-end=\"3248\">Preven\u00e7\u00e3o de reca\u00eddas.<\/li>\n<\/ul>\n<p data-start=\"3250\" data-end=\"3392\">O objetivo n\u00e3o deve ser apenas interromper temporariamente o consumo, mas ajudar a pessoa a desenvolver condi\u00e7\u00f5es para manter sua recupera\u00e7\u00e3o.<\/p>\n<h2 data-section-id=\"jpfhe4\" data-start=\"3394\" data-end=\"3443\">Tratamento para alcoolismo na Baixada Santista<\/h2>\n<p data-start=\"3445\" data-end=\"3594\">O \u00e1lcool \u00e9 uma subst\u00e2ncia legalizada, mas seu consumo problem\u00e1tico pode causar depend\u00eancia e consequ\u00eancias importantes para a sa\u00fade e para a fam\u00edlia.<\/p>\n<p data-start=\"3596\" data-end=\"3624\">O tratamento pode trabalhar:<\/p>\n<ul data-start=\"3626\" data-end=\"3807\">\n<li data-section-id=\"ymyiub\" data-start=\"3626\" data-end=\"3650\">Controle da compuls\u00e3o;<\/li>\n<li data-section-id=\"8l0gtx\" data-start=\"3651\" data-end=\"3680\">Identifica\u00e7\u00e3o dos gatilhos;<\/li>\n<li data-section-id=\"bnjfil\" data-start=\"3681\" data-end=\"3702\">Mudan\u00e7a de h\u00e1bitos;<\/li>\n<li data-section-id=\"16rp8or\" data-start=\"3703\" data-end=\"3721\">Sa\u00fade emocional;<\/li>\n<li data-section-id=\"wij9d9\" data-start=\"3722\" data-end=\"3746\">Preven\u00e7\u00e3o de reca\u00eddas;<\/li>\n<li data-section-id=\"xl0vxh\" data-start=\"3747\" data-end=\"3786\">Reconstru\u00e7\u00e3o dos v\u00ednculos familiares;<\/li>\n<li data-section-id=\"p3v6ea\" data-start=\"3787\" data-end=\"3807\">Reinser\u00e7\u00e3o social.<\/li>\n<\/ul>\n<p data-start=\"3809\" data-end=\"3974\">Em pessoas com depend\u00eancia f\u00edsica importante, parar de beber abruptamente pode apresentar riscos. A avalia\u00e7\u00e3o profissional \u00e9 particularmente importante nesses casos.<\/p>\n<h2 data-section-id=\"1ojbpms\" data-start=\"3976\" data-end=\"4002\">Tratamento para coca\u00edna<\/h2>\n<p data-start=\"4004\" data-end=\"4100\">A depend\u00eancia de coca\u00edna pode provocar forte compuls\u00e3o e dificuldade para interromper o consumo.<\/p>\n<p data-start=\"4102\" data-end=\"4250\">O tratamento pode trabalhar comportamentos relacionados \u00e0 droga, gatilhos, sa\u00fade mental, organiza\u00e7\u00e3o da rotina e estrat\u00e9gias para prevenir reca\u00eddas.<\/p>\n<p data-start=\"4252\" data-end=\"4329\">Tamb\u00e9m \u00e9 importante avaliar o uso simult\u00e2neo de \u00e1lcool ou outras subst\u00e2ncias.<\/p>\n<h2 data-section-id=\"1l2o5yo\" data-start=\"4331\" data-end=\"4355\">Tratamento para crack<\/h2>\n<p data-start=\"4357\" data-end=\"4497\">Por apresentar efeitos r\u00e1pidos e intensos, o crack pode estar associado a padr\u00f5es repetitivos de consumo e grande comprometimento da rotina.<\/p>\n<p data-start=\"4499\" data-end=\"4576\">O acompanhamento deve considerar n\u00e3o apenas a interrup\u00e7\u00e3o do uso, mas tamb\u00e9m:<\/p>\n<ul data-start=\"4578\" data-end=\"4712\">\n<li data-section-id=\"2itdes\" data-start=\"4578\" data-end=\"4590\">Compuls\u00e3o;<\/li>\n<li data-section-id=\"1yzr9ih\" data-start=\"4591\" data-end=\"4606\">Sa\u00fade f\u00edsica;<\/li>\n<li data-section-id=\"1asyjfp\" data-start=\"4607\" data-end=\"4622\">Sa\u00fade mental;<\/li>\n<li data-section-id=\"1xh8zgu\" data-start=\"4623\" data-end=\"4645\">Rela\u00e7\u00f5es familiares;<\/li>\n<li data-section-id=\"1g4uvmd\" data-start=\"4646\" data-end=\"4666\">Condi\u00e7\u00f5es sociais;<\/li>\n<li data-section-id=\"wij9d9\" data-start=\"4667\" data-end=\"4691\">Preven\u00e7\u00e3o de reca\u00eddas;<\/li>\n<li data-section-id=\"p3v6ea\" data-start=\"4692\" data-end=\"4712\">Reinser\u00e7\u00e3o social.<\/li>\n<\/ul>\n<p data-start=\"4714\" data-end=\"4758\">Cada caso deve ser avaliado individualmente.<\/p>\n<h2 data-section-id=\"h3906r\" data-start=\"4760\" data-end=\"4795\">Cl\u00ednica de recupera\u00e7\u00e3o em Santos<\/h2>\n<p data-start=\"4797\" data-end=\"4884\">Santos \u00e9 uma das cidades com maior volume de buscas por tratamento na Baixada Santista.<\/p>\n<p data-start=\"4886\" data-end=\"5078\">Quem pesquisa por <strong data-start=\"4904\" data-end=\"4940\">cl\u00ednica de recupera\u00e7\u00e3o em Santos<\/strong> tamb\u00e9m costuma procurar informa\u00e7\u00f5es sobre tratamento para alcoolismo, depend\u00eancia qu\u00edmica, coca\u00edna, crack e possibilidades de interna\u00e7\u00e3o.<\/p>\n<p data-start=\"5080\" data-end=\"5228\">A localiza\u00e7\u00e3o, por\u00e9m, n\u00e3o deve ser o \u00fanico crit\u00e9rio. A fam\u00edlia precisa verificar estrutura, regularidade, profissionais e modalidade de atendimento.<\/p>\n<h2 data-section-id=\"hknr2\" data-start=\"5230\" data-end=\"5270\">Cl\u00ednica de recupera\u00e7\u00e3o em S\u00e3o Vicente<\/h2>\n<p data-start=\"5272\" data-end=\"5384\">Fam\u00edlias de S\u00e3o Vicente tamb\u00e9m podem procurar atendimento para problemas relacionados ao \u00e1lcool e outras drogas.<\/p>\n<p data-start=\"5386\" data-end=\"5599\">A proximidade geogr\u00e1fica pode facilitar a participa\u00e7\u00e3o familiar, mas \u00e9 importante comparar os servi\u00e7os oferecidos e verificar se a institui\u00e7\u00e3o realmente possui estrutura compat\u00edvel com as necessidades do paciente.<\/p>\n<h2 data-section-id=\"1arlnx3\" data-start=\"5601\" data-end=\"5642\">Cl\u00ednica de recupera\u00e7\u00e3o em Praia Grande<\/h2>\n<p data-start=\"5644\" data-end=\"5721\">Outra busca relevante na regi\u00e3o \u00e9 <strong data-start=\"5678\" data-end=\"5720\">cl\u00ednica de recupera\u00e7\u00e3o em Praia Grande<\/strong>.<\/p>\n<p data-start=\"5723\" data-end=\"5789\">Fam\u00edlias devem avaliar n\u00e3o apenas pre\u00e7o e localiza\u00e7\u00e3o, mas tamb\u00e9m:<\/p>\n<ul data-start=\"5791\" data-end=\"5942\">\n<li data-section-id=\"1wzpf65\" data-start=\"5791\" data-end=\"5816\">Qualifica\u00e7\u00e3o da equipe;<\/li>\n<li data-section-id=\"1ub6fho\" data-start=\"5817\" data-end=\"5829\">Seguran\u00e7a;<\/li>\n<li data-section-id=\"uvov41\" data-start=\"5830\" data-end=\"5852\">Plano de tratamento;<\/li>\n<li data-section-id=\"1oj6xrh\" data-start=\"5853\" data-end=\"5879\">Acompanhamento familiar;<\/li>\n<li data-section-id=\"1tjw1ef\" data-start=\"5880\" data-end=\"5911\">Procedimentos em emerg\u00eancias;<\/li>\n<li data-section-id=\"1b9gw3a\" data-start=\"5912\" data-end=\"5942\">Continuidade depois da alta.<\/li>\n<\/ul>\n<h2 data-section-id=\"1wrhgxd\" data-start=\"5944\" data-end=\"5980\">Cl\u00ednica de recupera\u00e7\u00e3o no Guaruj\u00e1<\/h2>\n<p data-start=\"5982\" data-end=\"6117\">Quem procura <strong data-start=\"5995\" data-end=\"6045\">tratamento para depend\u00eancia qu\u00edmica no Guaruj\u00e1<\/strong> tamb\u00e9m pode avaliar servi\u00e7os dispon\u00edveis em outros munic\u00edpios pr\u00f3ximos.<\/p>\n<p data-start=\"6119\" data-end=\"6219\">Isso aumenta as possibilidades de encontrar uma modalidade compat\u00edvel com as necessidades da pessoa.<\/p>\n<h2 data-section-id=\"ghbma2\" data-start=\"6221\" data-end=\"6257\">Atendimento em Cubat\u00e3o e Bertioga<\/h2>\n<p data-start=\"6259\" data-end=\"6398\">A estrat\u00e9gia regional tamb\u00e9m pode atender fam\u00edlias de <strong data-start=\"6313\" data-end=\"6335\">Cubat\u00e3o e Bertioga<\/strong> que procuram orienta\u00e7\u00e3o para depend\u00eancia qu\u00edmica e alcoolismo.<\/p>\n<p data-start=\"6400\" data-end=\"6783\">Para o seu site, inclusive, faz sentido trabalhar essas cidades dentro de uma p\u00e1gina principal da Baixada Santista e criar p\u00e1ginas locais espec\u00edficas para as cidades mais importantes. A pr\u00f3pria Inter Cl\u00ednicas Litoral atualmente apresenta Santos, S\u00e3o Vicente, Praia Grande, Guaruj\u00e1, Cubat\u00e3o e Bertioga dentro de sua cobertura da Baixada Santista.<\/p>\n<h2 data-section-id=\"akoy6s\" data-start=\"6785\" data-end=\"6834\">Todo dependente qu\u00edmico precisa ser internado?<\/h2>\n<p data-start=\"6836\" data-end=\"6844\"><strong data-start=\"6836\" data-end=\"6844\">N\u00e3o.<\/strong><\/p>\n<p data-start=\"6846\" data-end=\"6902\">A interna\u00e7\u00e3o \u00e9 apenas uma das possibilidades de cuidado.<\/p>\n<p data-start=\"6904\" data-end=\"7156\">A legisla\u00e7\u00e3o brasileira estabelece que o tratamento deve ocorrer dentro de uma rede de aten\u00e7\u00e3o \u00e0 sa\u00fade, priorizando modalidades ambulatoriais e considerando a interna\u00e7\u00e3o de forma excepcional conforme a necessidade.<\/p>\n<p data-start=\"7158\" data-end=\"7194\">Outras possibilidades podem incluir:<\/p>\n<ul data-start=\"7196\" data-end=\"7360\">\n<li data-section-id=\"9zbgyf\" data-start=\"7196\" data-end=\"7206\">CAPS AD;<\/li>\n<li data-section-id=\"1doe85r\" data-start=\"7207\" data-end=\"7222\">Psicoterapia;<\/li>\n<li data-section-id=\"6z9thh\" data-start=\"7223\" data-end=\"7243\">Consultas m\u00e9dicas;<\/li>\n<li data-section-id=\"17evbp7\" data-start=\"7244\" data-end=\"7287\">Atendimento psiqui\u00e1trico quando indicado;<\/li>\n<li data-section-id=\"1yw09c7\" data-start=\"7288\" data-end=\"7314\">Tratamento ambulatorial;<\/li>\n<li data-section-id=\"1pbjb3a\" data-start=\"7315\" data-end=\"7333\">Grupos de apoio;<\/li>\n<li data-section-id=\"1oj6xrs\" data-start=\"7334\" data-end=\"7360\">Acompanhamento familiar.<\/li>\n<\/ul>\n<p data-start=\"7362\" data-end=\"7587\">Os CAPS s\u00e3o servi\u00e7os p\u00fablicos de sa\u00fade mental e atendem tamb\u00e9m pessoas com necessidades relacionadas ao uso prejudicial de \u00e1lcool e outras drogas, contando com equipes multiprofissionais.<\/p>\n<h2 data-section-id=\"1ltjnd3\" data-start=\"7589\" data-end=\"7628\">Interna\u00e7\u00e3o volunt\u00e1ria e involunt\u00e1ria<\/h2>\n<p data-start=\"7630\" data-end=\"7691\">Na interna\u00e7\u00e3o volunt\u00e1ria, a pessoa concorda com o tratamento.<\/p>\n<p data-start=\"7693\" data-end=\"7809\">J\u00e1 a interna\u00e7\u00e3o involunt\u00e1ria ocorre sem o consentimento do dependente e est\u00e1 sujeita a crit\u00e9rios legais espec\u00edficos.<\/p>\n<p data-start=\"7811\" data-end=\"8099\">A Lei n\u00ba 13.840\/2019 estabelece que a interna\u00e7\u00e3o de dependentes de drogas deve ocorrer em unidades de sa\u00fade ou hospitais gerais com equipes multidisciplinares e ser autorizada por m\u00e9dico registrado no CRM do estado onde se encontra o estabelecimento.<\/p>\n<p data-start=\"8101\" data-end=\"8213\">Por isso, uma interna\u00e7\u00e3o involunt\u00e1ria n\u00e3o deve ser tratada simplesmente como uma contrata\u00e7\u00e3o feita pela fam\u00edlia.<\/p>\n<h2 data-section-id=\"47fw23\" data-start=\"8215\" data-end=\"8249\">Quanto tempo dura o tratamento?<\/h2>\n<p data-start=\"8251\" data-end=\"8301\">N\u00e3o existe um per\u00edodo igual para todas as pessoas.<\/p>\n<p data-start=\"8303\" data-end=\"8337\">A dura\u00e7\u00e3o depende de fatores como:<\/p>\n<ul data-start=\"8339\" data-end=\"8520\">\n<li data-section-id=\"1owkw94\" data-start=\"8339\" data-end=\"8366\">Gravidade da depend\u00eancia;<\/li>\n<li data-section-id=\"fmv35w\" data-start=\"8367\" data-end=\"8392\">Subst\u00e2ncias utilizadas;<\/li>\n<li data-section-id=\"1yzr9ih\" data-start=\"8393\" data-end=\"8408\">Sa\u00fade f\u00edsica;<\/li>\n<li data-section-id=\"1asyjfp\" data-start=\"8409\" data-end=\"8424\">Sa\u00fade mental;<\/li>\n<li data-section-id=\"1t85dmm\" data-start=\"8425\" data-end=\"8449\">Hist\u00f3rico de reca\u00eddas;<\/li>\n<li data-section-id=\"b2t23o\" data-start=\"8450\" data-end=\"8486\">Evolu\u00e7\u00e3o durante o acompanhamento;<\/li>\n<li data-section-id=\"dbuvxi\" data-start=\"8487\" data-end=\"8520\">Condi\u00e7\u00f5es familiares e sociais.<\/li>\n<\/ul>\n<p data-start=\"8522\" data-end=\"8669\">Mais importante do que estabelecer antecipadamente um n\u00famero fixo de dias \u00e9 definir objetivos terap\u00eauticos e preparar a continuidade do tratamento.<\/p>\n<h2 data-section-id=\"3nduh7\" data-start=\"8671\" data-end=\"8710\">O tratamento termina depois da alta?<\/h2>\n<p data-start=\"8712\" data-end=\"8732\">N\u00e3o necessariamente.<\/p>\n<p data-start=\"8734\" data-end=\"8799\">A continuidade do cuidado \u00e9 uma parte fundamental da recupera\u00e7\u00e3o.<\/p>\n<p data-start=\"8801\" data-end=\"8955\">Ap\u00f3s uma fase mais intensiva, o acompanhamento pode envolver psicoterapia, CAPS AD, consultas, grupos de apoio, preven\u00e7\u00e3o de reca\u00eddas e reinser\u00e7\u00e3o social.<\/p>\n<p data-start=\"8957\" data-end=\"9216\">As orienta\u00e7\u00f5es do Minist\u00e9rio da Sa\u00fade para alta hospitalar relacionada aos transtornos por uso de \u00e1lcool tamb\u00e9m destacam a necessidade de definir o acompanhamento posterior e orientar paciente e familiares sobre reca\u00eddas.<\/p>\n<h2 data-section-id=\"fcsvjk\" data-start=\"9218\" data-end=\"9282\">Como escolher uma cl\u00ednica de recupera\u00e7\u00e3o na Baixada Santista?<\/h2>\n<p data-start=\"9284\" data-end=\"9338\">Antes de contratar uma institui\u00e7\u00e3o, procure verificar:<\/p>\n<ul data-start=\"9340\" data-end=\"9677\">\n<li data-section-id=\"m7zncx\" data-start=\"9340\" data-end=\"9375\">Regulariza\u00e7\u00e3o do estabelecimento;<\/li>\n<li data-section-id=\"1aab8pq\" data-start=\"9376\" data-end=\"9398\">Respons\u00e1vel t\u00e9cnico;<\/li>\n<li data-section-id=\"1j8icd8\" data-start=\"9399\" data-end=\"9432\">Qualifica\u00e7\u00e3o dos profissionais;<\/li>\n<li data-section-id=\"321wm2\" data-start=\"9433\" data-end=\"9461\">Modalidade de atendimento;<\/li>\n<li data-section-id=\"afqvuf\" data-start=\"9462\" data-end=\"9481\">Estrutura f\u00edsica;<\/li>\n<li data-section-id=\"1xoocj7\" data-start=\"9482\" data-end=\"9502\">Plano terap\u00eautico;<\/li>\n<li data-section-id=\"1ub6fho\" data-start=\"9503\" data-end=\"9515\">Seguran\u00e7a;<\/li>\n<li data-section-id=\"1urva4i\" data-start=\"9516\" data-end=\"9548\">Administra\u00e7\u00e3o de medicamentos;<\/li>\n<li data-section-id=\"cp7r7h\" data-start=\"9549\" data-end=\"9582\">Procedimentos para emerg\u00eancias;<\/li>\n<li data-section-id=\"2zfj7f\" data-start=\"9583\" data-end=\"9609\">Participa\u00e7\u00e3o da fam\u00edlia;<\/li>\n<li data-section-id=\"1k410q6\" data-start=\"9610\" data-end=\"9641\">Valores e servi\u00e7os inclu\u00eddos;<\/li>\n<li data-section-id=\"dqdl19\" data-start=\"9642\" data-end=\"9677\">Planejamento para depois da alta.<\/li>\n<\/ul>\n<p data-start=\"9679\" data-end=\"9869\">Tamb\u00e9m \u00e9 importante entender se o estabelecimento procurado \u00e9 uma <strong data-start=\"9745\" data-end=\"9807\">cl\u00ednica, hospital, comunidade terap\u00eautica ou outro servi\u00e7o<\/strong>, pois existem diferen\u00e7as importantes entre essas modalidades.<\/p>\n<p data-start=\"9871\" data-end=\"9993\">Desconfie de promessas de <strong data-start=\"9897\" data-end=\"9915\">cura garantida<\/strong> ou de institui\u00e7\u00f5es que afirmam possuir uma \u00fanica solu\u00e7\u00e3o adequada para todos.<\/p>\n<h2 data-section-id=\"1fhrwv8\" data-start=\"9995\" data-end=\"10038\">Tratamento gratuito para \u00e1lcool e drogas<\/h2>\n<p data-start=\"10040\" data-end=\"10132\">Fam\u00edlias que n\u00e3o possuem condi\u00e7\u00f5es de contratar atendimento particular podem procurar o SUS.<\/p>\n<p data-start=\"10134\" data-end=\"10384\">Os <strong data-start=\"10137\" data-end=\"10145\">CAPS<\/strong>, inclusive CAPS AD, s\u00e3o servi\u00e7os p\u00fablicos abertos \u00e0 comunidade. O Minist\u00e9rio da Sa\u00fade informa que eles oferecem cuidado cont\u00ednuo, acompanhamento cl\u00ednico e apoio psicossocial aos usu\u00e1rios e familiares.<\/p>\n<p data-start=\"10386\" data-end=\"10478\">UBS e outros componentes da Rede de Aten\u00e7\u00e3o Psicossocial tamb\u00e9m podem participar do cuidado.<\/p>\n<h2 data-section-id=\"m5xd29\" data-start=\"10480\" data-end=\"10517\">A fam\u00edlia faz parte da recupera\u00e7\u00e3o<\/h2>\n<p data-start=\"10519\" data-end=\"10591\">A depend\u00eancia qu\u00edmica raramente afeta somente quem utiliza a subst\u00e2ncia.<\/p>\n<p data-start=\"10593\" data-end=\"10713\">Pais, filhos, companheiros e outros familiares podem enfrentar desgaste emocional, conflitos e dificuldades financeiras.<\/p>\n<p data-start=\"10715\" data-end=\"10759\">Por isso, orienta\u00e7\u00e3o familiar pode ajudar a:<\/p>\n<ul data-start=\"10761\" data-end=\"10953\">\n<li data-section-id=\"7cuzgp\" data-start=\"10761\" data-end=\"10783\">Estabelecer limites;<\/li>\n<li data-section-id=\"16fj6x6\" data-start=\"10784\" data-end=\"10809\">Melhorar a comunica\u00e7\u00e3o;<\/li>\n<li data-section-id=\"1b1u4m4\" data-start=\"10810\" data-end=\"10832\">Reconhecer gatilhos;<\/li>\n<li data-section-id=\"ir155w\" data-start=\"10833\" data-end=\"10865\">Identificar sinais de reca\u00edda;<\/li>\n<li data-section-id=\"opoh0l\" data-start=\"10866\" data-end=\"10914\">Evitar comportamentos que facilitem o consumo;<\/li>\n<li data-section-id=\"k9d5m6\" data-start=\"10915\" data-end=\"10953\">Apoiar a continuidade do tratamento.<\/li>\n<\/ul>\n<h2 data-section-id=\"30s0vp\" data-start=\"10955\" data-end=\"11030\">Cl\u00ednica de recupera\u00e7\u00e3o na Baixada Santista: recupera\u00e7\u00e3o e novos caminhos<\/h2>\n<p data-start=\"11032\" data-end=\"11164\">Procurar uma <strong data-start=\"11045\" data-end=\"11091\">cl\u00ednica de recupera\u00e7\u00e3o na Baixada Santista<\/strong> pode ser o come\u00e7o de uma mudan\u00e7a importante para a pessoa e sua fam\u00edlia.<\/p>\n<p data-start=\"11166\" data-end=\"11306\">Mais importante do que simplesmente encontrar uma cl\u00ednica pr\u00f3xima \u00e9 identificar <strong data-start=\"11246\" data-end=\"11305\">qual n\u00edvel de cuidado aquela pessoa realmente necessita<\/strong>.<\/p>\n<p data-start=\"11308\" data-end=\"11630\">Para fam\u00edlias de <strong data-start=\"11325\" data-end=\"11391\">Santos, S\u00e3o Vicente, Praia Grande, Guaruj\u00e1, Cubat\u00e3o e Bertioga<\/strong>, existem diferentes caminhos para buscar orienta\u00e7\u00e3o e tratamento. Avalia\u00e7\u00e3o adequada, profissionais qualificados, participa\u00e7\u00e3o familiar e continuidade dos cuidados s\u00e3o elementos importantes para construir uma recupera\u00e7\u00e3o mais consistente.<\/p>\n<p data-start=\"11632\" data-end=\"11684\"><strong data-start=\"11632\" data-end=\"11684\">Atendimento e orienta\u00e7\u00e3o 24 horas: 11 95452-1548<\/strong><\/p>\n","protected":false},"excerpt":{"rendered":"<p>Cl\u00ednica de Recupera\u00e7\u00e3o na Baixada Santista: Tratamento para Depend\u00eancia Qu\u00edmica e Alcoolismo Buscar uma cl\u00ednica de recupera\u00e7\u00e3o na Baixada Santista pode ser um passo\u2026<\/p>\n","protected":false},"author":3,"featured_media":0,"comment_status":"open","ping_status":"open","sticky":false,"template":"","format":"standard","meta":{"footnotes":""},"categories":[144,133],"tags":[347,346],"class_list":["post-10097","post","type-post","status-publish","format-standard","hentry","category-clinica-12-passos","category-clinica-de-recuperacao","tag-clinica-de-recuperacao-na-baixada-santista-tratamento-feminino","tag-clinica-de-recuperacao-na-baixada-santista-tratamento-masculino"],"yoast_head":"<!-- This site is optimized with the Yoast SEO Premium plugin v27.6.1 (Yoast SEO v28.2) - https:\/\/yoast.com\/product\/yoast-seo-premium-wordpress\/ -->\n<title>cl\u00ednica de recupera\u00e7\u00e3o na Baixada Santista - Blog Inter Cl\u00ednicas Litoral<\/title>\n<meta name=\"description\" content=\"Cl\u00ednica de recupera\u00e7\u00e3o na Baixada Santista para depend\u00eancia qu\u00edmica e alcoolismo. Tratamento para \u00e1lcool e drogas em Santos, S\u00e3o Vicente, Praia Grande, Guaruj\u00e1 e regi\u00e3o.\" \/>\n<meta name=\"robots\" content=\"index, follow, max-snippet:-1, max-image-preview:large, max-video-preview:-1\" \/>\n<link rel=\"canonical\" href=\"https:\/\/interclinicaslitoral.com.br\/blog\/clinica-de-recuperacao-na-baixada-santista\/\" \/>\n<meta property=\"og:locale\" content=\"pt_PT\" \/>\n<meta property=\"og:type\" content=\"article\" \/>\n<meta property=\"og:title\" content=\"cl\u00ednica de recupera\u00e7\u00e3o na Baixada Santista\" \/>\n<meta property=\"og:description\" content=\"Cl\u00ednica de recupera\u00e7\u00e3o na Baixada Santista para depend\u00eancia qu\u00edmica e alcoolismo. Tratamento para \u00e1lcool e drogas em Santos, S\u00e3o Vicente, Praia Grande, Guaruj\u00e1 e regi\u00e3o.\" \/>\n<meta property=\"og:url\" content=\"https:\/\/interclinicaslitoral.com.br\/blog\/clinica-de-recuperacao-na-baixada-santista\/\" \/>\n<meta property=\"og:site_name\" content=\"Blog Inter Cl\u00ednicas Litoral\" \/>\n<meta property=\"article:published_time\" content=\"2026-08-20T13:39:15+00:00\" \/>\n<meta name=\"author\" content=\"Mateus Lima\" \/>\n<meta name=\"twitter:card\" content=\"summary_large_image\" \/>\n<meta name=\"twitter:label1\" content=\"Escrito por\" \/>\n\t<meta name=\"twitter:data1\" content=\"Mateus Lima\" \/>\n\t<meta name=\"twitter:label2\" content=\"Tempo estimado de leitura\" \/>\n\t<meta name=\"twitter:data2\" content=\"9 minutos\" \/>\n<script type=\"application\/ld+json\" class=\"yoast-schema-graph\">{\"@context\":\"https:\\\/\\\/schema.org\",\"@graph\":[{\"@type\":\"Article\",\"@id\":\"https:\\\/\\\/interclinicaslitoral.com.br\\\/blog\\\/clinica-de-recuperacao-na-baixada-santista\\\/#article\",\"isPartOf\":{\"@id\":\"https:\\\/\\\/interclinicaslitoral.com.br\\\/blog\\\/clinica-de-recuperacao-na-baixada-santista\\\/\"},\"author\":{\"name\":\"Mateus Lima\",\"@id\":\"https:\\\/\\\/interclinicaslitoral.com.br\\\/blog\\\/#\\\/schema\\\/person\\\/25efe000f884103571c66b32e6cdbc80\"},\"headline\":\"cl\u00ednica de recupera\u00e7\u00e3o na Baixada Santista\",\"datePublished\":\"2026-08-20T13:39:15+00:00\",\"mainEntityOfPage\":{\"@id\":\"https:\\\/\\\/interclinicaslitoral.com.br\\\/blog\\\/clinica-de-recuperacao-na-baixada-santista\\\/\"},\"wordCount\":1792,\"commentCount\":0,\"keywords\":[\"cl\u00ednica de recupera\u00e7\u00e3o na Baixada Santista tratamento feminino\",\"cl\u00ednica de recupera\u00e7\u00e3o na Baixada Santista tratamento masculino\"],\"articleSection\":[\"Clinica 12 passos\",\"Clinica de recupera\u00e7\u00e3o\"],\"inLanguage\":\"pt-PT\",\"potentialAction\":[{\"@type\":\"CommentAction\",\"name\":\"Comment\",\"target\":[\"https:\\\/\\\/interclinicaslitoral.com.br\\\/blog\\\/clinica-de-recuperacao-na-baixada-santista\\\/#respond\"]}]},{\"@type\":\"WebPage\",\"@id\":\"https:\\\/\\\/interclinicaslitoral.com.br\\\/blog\\\/clinica-de-recuperacao-na-baixada-santista\\\/\",\"url\":\"https:\\\/\\\/interclinicaslitoral.com.br\\\/blog\\\/clinica-de-recuperacao-na-baixada-santista\\\/\",\"name\":\"cl\u00ednica de recupera\u00e7\u00e3o na Baixada Santista - Blog Inter Cl\u00ednicas Litoral\",\"isPartOf\":{\"@id\":\"https:\\\/\\\/interclinicaslitoral.com.br\\\/blog\\\/#website\"},\"datePublished\":\"2026-08-20T13:39:15+00:00\",\"author\":{\"@id\":\"https:\\\/\\\/interclinicaslitoral.com.br\\\/blog\\\/#\\\/schema\\\/person\\\/25efe000f884103571c66b32e6cdbc80\"},\"description\":\"Cl\u00ednica de recupera\u00e7\u00e3o na Baixada Santista para depend\u00eancia qu\u00edmica e alcoolismo. Tratamento para \u00e1lcool e drogas em Santos, S\u00e3o Vicente, Praia Grande, Guaruj\u00e1 e regi\u00e3o.\",\"breadcrumb\":{\"@id\":\"https:\\\/\\\/interclinicaslitoral.com.br\\\/blog\\\/clinica-de-recuperacao-na-baixada-santista\\\/#breadcrumb\"},\"inLanguage\":\"pt-PT\",\"potentialAction\":[{\"@type\":\"ReadAction\",\"target\":[\"https:\\\/\\\/interclinicaslitoral.com.br\\\/blog\\\/clinica-de-recuperacao-na-baixada-santista\\\/\"]}]},{\"@type\":\"BreadcrumbList\",\"@id\":\"https:\\\/\\\/interclinicaslitoral.com.br\\\/blog\\\/clinica-de-recuperacao-na-baixada-santista\\\/#breadcrumb\",\"itemListElement\":[{\"@type\":\"ListItem\",\"position\":1,\"name\":\"In\u00edcio\",\"item\":\"https:\\\/\\\/interclinicaslitoral.com.br\\\/blog\\\/\"},{\"@type\":\"ListItem\",\"position\":2,\"name\":\"cl\u00ednica de recupera\u00e7\u00e3o na Baixada Santista\"}]},{\"@type\":\"WebSite\",\"@id\":\"https:\\\/\\\/interclinicaslitoral.com.br\\\/blog\\\/#website\",\"url\":\"https:\\\/\\\/interclinicaslitoral.com.br\\\/blog\\\/\",\"name\":\"Blog Inter Cl\u00ednicas Litoral\",\"description\":\"Conte\u00fados sobre depend\u00eancia qu\u00edmica, alcoolismo, sa\u00fade mental, apoio familiar e caminhos de cuidado em todo o Litoral Paulista.\",\"potentialAction\":[{\"@type\":\"SearchAction\",\"target\":{\"@type\":\"EntryPoint\",\"urlTemplate\":\"https:\\\/\\\/interclinicaslitoral.com.br\\\/blog\\\/?s={search_term_string}\"},\"query-input\":{\"@type\":\"PropertyValueSpecification\",\"valueRequired\":true,\"valueName\":\"search_term_string\"}}],\"inLanguage\":\"pt-PT\"},{\"@type\":\"Person\",\"@id\":\"https:\\\/\\\/interclinicaslitoral.com.br\\\/blog\\\/#\\\/schema\\\/person\\\/25efe000f884103571c66b32e6cdbc80\",\"name\":\"Mateus Lima\",\"image\":{\"@type\":\"ImageObject\",\"inLanguage\":\"pt-PT\",\"@id\":\"https:\\\/\\\/secure.gravatar.com\\\/avatar\\\/8ee3361f3710b50ec788c884d8bbd3c52dbf13c1bf31d03b9492860d33ca61a9?s=96&d=mm&r=g\",\"url\":\"https:\\\/\\\/secure.gravatar.com\\\/avatar\\\/8ee3361f3710b50ec788c884d8bbd3c52dbf13c1bf31d03b9492860d33ca61a9?s=96&d=mm&r=g\",\"contentUrl\":\"https:\\\/\\\/secure.gravatar.com\\\/avatar\\\/8ee3361f3710b50ec788c884d8bbd3c52dbf13c1bf31d03b9492860d33ca61a9?s=96&d=mm&r=g\",\"caption\":\"Mateus Lima\"},\"url\":\"https:\\\/\\\/interclinicaslitoral.com.br\\\/blog\\\/author\\\/mateus\\\/\"}]}<\/script>\n<!-- \/ Yoast SEO Premium plugin. -->","yoast_head_json":{"title":"cl\u00ednica de recupera\u00e7\u00e3o na Baixada Santista - Blog Inter Cl\u00ednicas Litoral","description":"Cl\u00ednica de recupera\u00e7\u00e3o na Baixada Santista para depend\u00eancia qu\u00edmica e alcoolismo. Tratamento para \u00e1lcool e drogas em Santos, S\u00e3o Vicente, Praia Grande, Guaruj\u00e1 e regi\u00e3o.","robots":{"index":"index","follow":"follow","max-snippet":"max-snippet:-1","max-image-preview":"max-image-preview:large","max-video-preview":"max-video-preview:-1"},"canonical":"https:\/\/interclinicaslitoral.com.br\/blog\/clinica-de-recuperacao-na-baixada-santista\/","og_locale":"pt_PT","og_type":"article","og_title":"cl\u00ednica de recupera\u00e7\u00e3o na Baixada Santista","og_description":"Cl\u00ednica de recupera\u00e7\u00e3o na Baixada Santista para depend\u00eancia qu\u00edmica e alcoolismo. Tratamento para \u00e1lcool e drogas em Santos, S\u00e3o Vicente, Praia Grande, Guaruj\u00e1 e regi\u00e3o.","og_url":"https:\/\/interclinicaslitoral.com.br\/blog\/clinica-de-recuperacao-na-baixada-santista\/","og_site_name":"Blog Inter Cl\u00ednicas Litoral","article_published_time":"2026-08-20T13:39:15+00:00","author":"Mateus Lima","twitter_card":"summary_large_image","twitter_misc":{"Escrito por":"Mateus Lima","Tempo estimado de leitura":"9 minutos"},"schema":{"@context":"https:\/\/schema.org","@graph":[{"@type":"Article","@id":"https:\/\/interclinicaslitoral.com.br\/blog\/clinica-de-recuperacao-na-baixada-santista\/#article","isPartOf":{"@id":"https:\/\/interclinicaslitoral.com.br\/blog\/clinica-de-recuperacao-na-baixada-santista\/"},"author":{"name":"Mateus Lima","@id":"https:\/\/interclinicaslitoral.com.br\/blog\/#\/schema\/person\/25efe000f884103571c66b32e6cdbc80"},"headline":"cl\u00ednica de recupera\u00e7\u00e3o na Baixada Santista","datePublished":"2026-08-20T13:39:15+00:00","mainEntityOfPage":{"@id":"https:\/\/interclinicaslitoral.com.br\/blog\/clinica-de-recuperacao-na-baixada-santista\/"},"wordCount":1792,"commentCount":0,"keywords":["cl\u00ednica de recupera\u00e7\u00e3o na Baixada Santista tratamento feminino","cl\u00ednica de recupera\u00e7\u00e3o na Baixada Santista tratamento masculino"],"articleSection":["Clinica 12 passos","Clinica de recupera\u00e7\u00e3o"],"inLanguage":"pt-PT","potentialAction":[{"@type":"CommentAction","name":"Comment","target":["https:\/\/interclinicaslitoral.com.br\/blog\/clinica-de-recuperacao-na-baixada-santista\/#respond"]}]},{"@type":"WebPage","@id":"https:\/\/interclinicaslitoral.com.br\/blog\/clinica-de-recuperacao-na-baixada-santista\/","url":"https:\/\/interclinicaslitoral.com.br\/blog\/clinica-de-recuperacao-na-baixada-santista\/","name":"cl\u00ednica de recupera\u00e7\u00e3o na Baixada Santista - Blog Inter Cl\u00ednicas Litoral","isPartOf":{"@id":"https:\/\/interclinicaslitoral.com.br\/blog\/#website"},"datePublished":"2026-08-20T13:39:15+00:00","author":{"@id":"https:\/\/interclinicaslitoral.com.br\/blog\/#\/schema\/person\/25efe000f884103571c66b32e6cdbc80"},"description":"Cl\u00ednica de recupera\u00e7\u00e3o na Baixada Santista para depend\u00eancia qu\u00edmica e alcoolismo. Tratamento para \u00e1lcool e drogas em Santos, S\u00e3o Vicente, Praia Grande, Guaruj\u00e1 e regi\u00e3o.","breadcrumb":{"@id":"https:\/\/interclinicaslitoral.com.br\/blog\/clinica-de-recuperacao-na-baixada-santista\/#breadcrumb"},"inLanguage":"pt-PT","potentialAction":[{"@type":"ReadAction","target":["https:\/\/interclinicaslitoral.com.br\/blog\/clinica-de-recuperacao-na-baixada-santista\/"]}]},{"@type":"BreadcrumbList","@id":"https:\/\/interclinicaslitoral.com.br\/blog\/clinica-de-recuperacao-na-baixada-santista\/#breadcrumb","itemListElement":[{"@type":"ListItem","position":1,"name":"In\u00edcio","item":"https:\/\/interclinicaslitoral.com.br\/blog\/"},{"@type":"ListItem","position":2,"name":"cl\u00ednica de recupera\u00e7\u00e3o na Baixada Santista"}]},{"@type":"WebSite","@id":"https:\/\/interclinicaslitoral.com.br\/blog\/#website","url":"https:\/\/interclinicaslitoral.com.br\/blog\/","name":"Blog Inter Cl\u00ednicas Litoral","description":"Conte\u00fados sobre depend\u00eancia qu\u00edmica, alcoolismo, sa\u00fade mental, apoio familiar e caminhos de cuidado em todo o Litoral Paulista.","potentialAction":[{"@type":"SearchAction","target":{"@type":"EntryPoint","urlTemplate":"https:\/\/interclinicaslitoral.com.br\/blog\/?s={search_term_string}"},"query-input":{"@type":"PropertyValueSpecification","valueRequired":true,"valueName":"search_term_string"}}],"inLanguage":"pt-PT"},{"@type":"Person","@id":"https:\/\/interclinicaslitoral.com.br\/blog\/#\/schema\/person\/25efe000f884103571c66b32e6cdbc80","name":"Mateus Lima","image":{"@type":"ImageObject","inLanguage":"pt-PT","@id":"https:\/\/secure.gravatar.com\/avatar\/8ee3361f3710b50ec788c884d8bbd3c52dbf13c1bf31d03b9492860d33ca61a9?s=96&d=mm&r=g","url":"https:\/\/secure.gravatar.com\/avatar\/8ee3361f3710b50ec788c884d8bbd3c52dbf13c1bf31d03b9492860d33ca61a9?s=96&d=mm&r=g","contentUrl":"https:\/\/secure.gravatar.com\/avatar\/8ee3361f3710b50ec788c884d8bbd3c52dbf13c1bf31d03b9492860d33ca61a9?s=96&d=mm&r=g","caption":"Mateus Lima"},"url":"https:\/\/interclinicaslitoral.com.br\/blog\/author\/mateus\/"}]}},"_links":{"self":[{"href":"https:\/\/interclinicaslitoral.com.br\/blog\/wp-json\/wp\/v2\/posts\/10097","targetHints":{"allow":["GET"]}}],"collection":[{"href":"https:\/\/interclinicaslitoral.com.br\/blog\/wp-json\/wp\/v2\/posts"}],"about":[{"href":"https:\/\/interclinicaslitoral.com.br\/blog\/wp-json\/wp\/v2\/types\/post"}],"author":[{"embeddable":true,"href":"https:\/\/interclinicaslitoral.com.br\/blog\/wp-json\/wp\/v2\/users\/3"}],"replies":[{"embeddable":true,"href":"https:\/\/interclinicaslitoral.com.br\/blog\/wp-json\/wp\/v2\/comments?post=10097"}],"version-history":[{"count":1,"href":"https:\/\/interclinicaslitoral.com.br\/blog\/wp-json\/wp\/v2\/posts\/10097\/revisions"}],"predecessor-version":[{"id":10098,"href":"https:\/\/interclinicaslitoral.com.br\/blog\/wp-json\/wp\/v2\/posts\/10097\/revisions\/10098"}],"wp:attachment":[{"href":"https:\/\/interclinicaslitoral.com.br\/blog\/wp-json\/wp\/v2\/media?parent=10097"}],"wp:term":[{"taxonomy":"category","embeddable":true,"href":"https:\/\/interclinicaslitoral.com.br\/blog\/wp-json\/wp\/v2\/categories?post=10097"},{"taxonomy":"post_tag","embeddable":true,"href":"https:\/\/interclinicaslitoral.com.br\/blog\/wp-json\/wp\/v2\/tags?post=10097"}],"curies":[{"name":"wp","href":"https:\/\/api.w.org\/{rel}","templated":true}]}}