{"id":10091,"date":"2026-08-19T10:26:00","date_gmt":"2026-08-19T13:26:00","guid":{"rendered":"https:\/\/interclinicaslitoral.com.br\/blog\/?p=10091"},"modified":"2026-08-19T10:26:00","modified_gmt":"2026-08-19T13:26:00","slug":"clinica-de-recuperacao-em-miracatu-dependencia-quimica-e-alcoolismo","status":"publish","type":"post","link":"https:\/\/interclinicaslitoral.com.br\/blog\/clinica-de-recuperacao-em-miracatu-dependencia-quimica-e-alcoolismo\/","title":{"rendered":"Cl\u00ednica de Recupera\u00e7\u00e3o em Miracatu | Depend\u00eancia Qu\u00edmica e Alcoolismo"},"content":{"rendered":"<h1>Cl\u00ednica de recupera\u00e7\u00e3o em Miracatu: tratamento para depend\u00eancia qu\u00edmica e alcoolismo<\/h1>\n<p class=\"isSelectedEnd\">Encontrar uma <strong>cl\u00ednica de recupera\u00e7\u00e3o em Miracatu<\/strong> \u00e9 uma das principais preocupa\u00e7\u00f5es de fam\u00edlias que enfrentam problemas relacionados \u00e0 depend\u00eancia qu\u00edmica ou ao alcoolismo.<\/p>\n<p class=\"isSelectedEnd\">Quando o uso de \u00e1lcool ou outras drogas come\u00e7a a provocar consequ\u00eancias familiares, profissionais, financeiras e sociais, procurar orienta\u00e7\u00e3o especializada pode ser um passo importante.<\/p>\n<p class=\"isSelectedEnd\">Para moradores de <strong>Miracatu e regi\u00e3o do Vale do Ribeira<\/strong>, tamb\u00e9m \u00e9 poss\u00edvel avaliar alternativas de tratamento em cidades pr\u00f3ximas do litoral paulista, incluindo institui\u00e7\u00f5es localizadas em Itanha\u00e9m.<\/p>\n<h2>Tratamento para dependentes qu\u00edmicos em Miracatu<\/h2>\n<p class=\"isSelectedEnd\">A depend\u00eancia qu\u00edmica \u00e9 uma condi\u00e7\u00e3o complexa e o atendimento adequado depende das necessidades de cada pessoa.<\/p>\n<p class=\"isSelectedEnd\">Por isso, antes de escolher uma institui\u00e7\u00e3o, \u00e9 importante entender o hist\u00f3rico do paciente, as subst\u00e2ncias utilizadas, sua condi\u00e7\u00e3o atual e qual modalidade de atendimento \u00e9 apropriada.<\/p>\n<p class=\"isSelectedEnd\">O tratamento pode envolver diferentes estrat\u00e9gias e profissionais, dependendo do servi\u00e7o contratado e da avalia\u00e7\u00e3o realizada.<\/p>\n<p class=\"isSelectedEnd\">Entre os objetivos est\u00e3o interromper o ciclo de consumo, trabalhar aspectos comportamentais e emocionais e favorecer a reconstru\u00e7\u00e3o dos v\u00ednculos familiares e sociais.<\/p>\n<h2>Tratamento para alcoolismo em Miracatu<\/h2>\n<p class=\"isSelectedEnd\">O consumo problem\u00e1tico de \u00e1lcool tamb\u00e9m pode causar consequ\u00eancias graves para a pessoa e sua fam\u00edlia.<\/p>\n<p class=\"isSelectedEnd\">Alguns sinais merecem aten\u00e7\u00e3o:<\/p>\n<ul data-spread=\"false\">\n<li>dificuldade para controlar a quantidade consumida;<\/li>\n<li>consumo frequente ou di\u00e1rio;<\/li>\n<li>problemas familiares relacionados \u00e0 bebida;<\/li>\n<li>faltas ou dificuldades no trabalho;<\/li>\n<li>abandono de responsabilidades;<\/li>\n<li>altera\u00e7\u00f5es significativas de comportamento;<\/li>\n<li>tentativas frustradas de parar;<\/li>\n<li>retorno ao consumo ap\u00f3s per\u00edodos de abstin\u00eancia.<\/li>\n<\/ul>\n<p class=\"isSelectedEnd\">Quando esses comportamentos aparecem, buscar avalia\u00e7\u00e3o e orienta\u00e7\u00e3o profissional \u00e9 recomendado.<\/p>\n<h2>Como funciona uma cl\u00ednica de recupera\u00e7\u00e3o?<\/h2>\n<p class=\"isSelectedEnd\">O funcionamento varia de acordo com a modalidade da institui\u00e7\u00e3o.<\/p>\n<p class=\"isSelectedEnd\">Por isso, a fam\u00edlia deve perguntar exatamente quais servi\u00e7os s\u00e3o oferecidos.<\/p>\n<p class=\"isSelectedEnd\">Um programa pode incluir atividades terap\u00eauticas, grupos, acompanhamento individual, orienta\u00e7\u00e3o familiar, atividades de rotina e a\u00e7\u00f5es voltadas \u00e0 reinser\u00e7\u00e3o social.<\/p>\n<p class=\"isSelectedEnd\">\u00c9 importante n\u00e3o presumir que todas as chamadas &#8220;cl\u00ednicas de recupera\u00e7\u00e3o&#8221; oferecem os mesmos servi\u00e7os.<\/p>\n<h2>Cl\u00ednica de recupera\u00e7\u00e3o pr\u00f3xima a Miracatu<\/h2>\n<p class=\"isSelectedEnd\">Quem mora em Miracatu n\u00e3o precisa necessariamente limitar a busca ao pr\u00f3prio munic\u00edpio.<\/p>\n<p class=\"isSelectedEnd\">Dependendo da situa\u00e7\u00e3o, a fam\u00edlia pode avaliar institui\u00e7\u00f5es em outras localidades do <strong>Vale do Ribeira, Litoral Sul e Baixada Santista<\/strong>.<\/p>\n<p class=\"isSelectedEnd\">Uma das possibilidades \u00e9 <strong>Itanha\u00e9m<\/strong>, onde est\u00e1 localizada a Vida Livre.<\/p>\n<p class=\"isSelectedEnd\">Essa proximidade regional pode facilitar o contato da fam\u00edlia com a institui\u00e7\u00e3o e o acompanhamento durante o processo.<\/p>\n<h2>Vida Livre: atendimento em Itanha\u00e9m para fam\u00edlias da regi\u00e3o<\/h2>\n<p class=\"isSelectedEnd\">A <strong>Vida Livre \u2013 Associa\u00e7\u00e3o Portal de Interven\u00e7\u00e3o e Apoio Biopsicossocial<\/strong> desenvolve projetos voltados ao acolhimento, assist\u00eancia e reinser\u00e7\u00e3o social.<\/p>\n<p class=\"isSelectedEnd\">Entre suas iniciativas est\u00e1 a <strong>CT Vida Livre<\/strong>, direcionada ao atendimento relacionado \u00e0 depend\u00eancia qu\u00edmica e alcoolismo.<\/p>\n<p class=\"isSelectedEnd\">Para fam\u00edlias de Miracatu que estejam procurando uma alternativa de tratamento no litoral de S\u00e3o Paulo, a Vida Livre pode ser considerada entre as op\u00e7\u00f5es dispon\u00edveis.<\/p>\n<p class=\"isSelectedEnd\">A proposta busca combinar acolhimento, rotina estruturada, atividades terap\u00eauticas e a\u00e7\u00f5es de reinser\u00e7\u00e3o social.<\/p>\n<h2>Por que moradores de Miracatu podem procurar tratamento em Itanha\u00e9m?<\/h2>\n<p class=\"isSelectedEnd\">A escolha de uma institui\u00e7\u00e3o n\u00e3o deve considerar somente a cidade.<\/p>\n<p class=\"isSelectedEnd\">\u00c9 importante comparar:<\/p>\n<ul data-spread=\"false\">\n<li>proposta de atendimento;<\/li>\n<li>estrutura;<\/li>\n<li>regularidade e documenta\u00e7\u00e3o;<\/li>\n<li>profissionais envolvidos;<\/li>\n<li>atividades oferecidas;<\/li>\n<li>suporte familiar;<\/li>\n<li>localiza\u00e7\u00e3o;<\/li>\n<li>custo-benef\u00edcio;<\/li>\n<li>condi\u00e7\u00f5es de perman\u00eancia;<\/li>\n<li>possibilidades de reinser\u00e7\u00e3o social.<\/li>\n<\/ul>\n<p class=\"isSelectedEnd\">Por isso, ampliar a pesquisa para outras cidades da regi\u00e3o pode aumentar as alternativas dispon\u00edveis para a fam\u00edlia.<\/p>\n<h2>Tratamento para coca\u00edna<\/h2>\n<p class=\"isSelectedEnd\">O uso recorrente de coca\u00edna pode provocar importantes consequ\u00eancias f\u00edsicas, emocionais, familiares e sociais.<\/p>\n<p class=\"isSelectedEnd\">Quando existe perda de controle sobre o consumo, comportamento compulsivo ou preju\u00edzo significativo na vida cotidiana, \u00e9 importante buscar avalia\u00e7\u00e3o profissional.<\/p>\n<p class=\"isSelectedEnd\">O tratamento deve considerar n\u00e3o apenas a interrup\u00e7\u00e3o do uso da subst\u00e2ncia, mas tamb\u00e9m os fatores relacionados \u00e0 manuten\u00e7\u00e3o da depend\u00eancia.<\/p>\n<h2>Tratamento para crack<\/h2>\n<p class=\"isSelectedEnd\">A depend\u00eancia de crack pode exigir aten\u00e7\u00e3o especializada, principalmente quando existem epis\u00f3dios frequentes de consumo, vulnerabilidade social ou comprometimento significativo da rotina.<\/p>\n<p class=\"isSelectedEnd\">Cada situa\u00e7\u00e3o deve ser avaliada individualmente para determinar qual modalidade de atendimento \u00e9 adequada.<\/p>\n<h2>Tratamento para alcoolismo<\/h2>\n<p class=\"isSelectedEnd\">O alcoolismo muitas vezes evolui gradualmente.<\/p>\n<p class=\"isSelectedEnd\">A pessoa pode inicialmente acreditar que controla o consumo, enquanto familiares come\u00e7am a perceber altera\u00e7\u00f5es no comportamento, dificuldades financeiras, conflitos e problemas profissionais.<\/p>\n<p class=\"isSelectedEnd\">Quanto antes houver orienta\u00e7\u00e3o adequada, maiores s\u00e3o as possibilidades de organizar um plano de cuidado compat\u00edvel com a situa\u00e7\u00e3o.<\/p>\n<h2>Quanto custa uma cl\u00ednica de recupera\u00e7\u00e3o em Miracatu?<\/h2>\n<p class=\"isSelectedEnd\">N\u00e3o existe um pre\u00e7o \u00fanico.<\/p>\n<p class=\"isSelectedEnd\">O valor pode variar conforme:<\/p>\n<ul data-spread=\"false\">\n<li>estrutura da institui\u00e7\u00e3o;<\/li>\n<li>acomoda\u00e7\u00e3o;<\/li>\n<li>alimenta\u00e7\u00e3o;<\/li>\n<li>modalidade de atendimento;<\/li>\n<li>profissionais envolvidos;<\/li>\n<li>per\u00edodo de perman\u00eancia;<\/li>\n<li>necessidades individuais;<\/li>\n<li>servi\u00e7os inclu\u00eddos.<\/li>\n<\/ul>\n<p class=\"isSelectedEnd\">Por isso, a fam\u00edlia deve solicitar um or\u00e7amento detalhado e verificar exatamente o que est\u00e1 inclu\u00eddo.<\/p>\n<p class=\"isSelectedEnd\">Mais importante do que procurar somente o menor pre\u00e7o \u00e9 analisar a <strong>rela\u00e7\u00e3o entre investimento e atendimento oferecido<\/strong>.<\/p>\n<h2>Vida Livre e custo-benef\u00edcio<\/h2>\n<p class=\"isSelectedEnd\">Para fam\u00edlias de Miracatu que procuram uma alternativa na regi\u00e3o, a <strong>Vida Livre em Itanha\u00e9m pode ser considerada uma op\u00e7\u00e3o de custo-benef\u00edcio<\/strong>.<\/p>\n<p class=\"isSelectedEnd\">Al\u00e9m do atendimento relacionado \u00e0 depend\u00eancia qu\u00edmica e alcoolismo, a institui\u00e7\u00e3o desenvolve projetos sociais e a\u00e7\u00f5es voltadas \u00e0 reinser\u00e7\u00e3o.<\/p>\n<p class=\"isSelectedEnd\">A fam\u00edlia deve entrar em contato para verificar modalidade de atendimento, disponibilidade de vagas, valores e crit\u00e9rios aplic\u00e1veis.<\/p>\n<h2>Existe tratamento gratuito?<\/h2>\n<p class=\"isSelectedEnd\">Existem alternativas de atendimento pela rede p\u00fablica e programas sociais.<\/p>\n<p class=\"isSelectedEnd\">A Vida Livre tamb\u00e9m informa possuir possibilidades de atendimento gratuito relacionado \u00e0 depend\u00eancia qu\u00edmica e alcoolismo por meio de parceria com o Governo Federal\/DEPAD.<\/p>\n<p class=\"isSelectedEnd\">Essas vagas est\u00e3o sujeitas \u00e0 disponibilidade e aos crit\u00e9rios do programa.<\/p>\n<p class=\"isSelectedEnd\">Por isso, mesmo fam\u00edlias que atualmente n\u00e3o possuem condi\u00e7\u00f5es financeiras para um tratamento particular podem procurar orienta\u00e7\u00e3o.<\/p>\n<h2>Como escolher uma cl\u00ednica de recupera\u00e7\u00e3o em Miracatu ou regi\u00e3o?<\/h2>\n<p class=\"isSelectedEnd\">Antes de tomar uma decis\u00e3o, procure conhecer a institui\u00e7\u00e3o.<\/p>\n<p class=\"isSelectedEnd\">Pergunte:<\/p>\n<p class=\"isSelectedEnd\"><strong>A institui\u00e7\u00e3o est\u00e1 regularizada?<\/strong><\/p>\n<p class=\"isSelectedEnd\">Solicite documenta\u00e7\u00e3o e informa\u00e7\u00f5es institucionais.<\/p>\n<p class=\"isSelectedEnd\"><strong>Qual modalidade de atendimento \u00e9 oferecida?<\/strong><\/p>\n<p class=\"isSelectedEnd\">Entenda exatamente qual servi\u00e7o ser\u00e1 prestado.<\/p>\n<p class=\"isSelectedEnd\"><strong>Quem participa do acompanhamento?<\/strong><\/p>\n<p class=\"isSelectedEnd\">Pergunte quais profissionais integram o atendimento e com qual frequ\u00eancia.<\/p>\n<p class=\"isSelectedEnd\"><strong>O que est\u00e1 inclu\u00eddo no valor?<\/strong><\/p>\n<p class=\"isSelectedEnd\">Solicite essas informa\u00e7\u00f5es antes da contrata\u00e7\u00e3o.<\/p>\n<p class=\"isSelectedEnd\"><strong>Existe acompanhamento ou orienta\u00e7\u00e3o familiar?<\/strong><\/p>\n<p class=\"isSelectedEnd\">A participa\u00e7\u00e3o da fam\u00edlia pode ser importante durante o processo.<\/p>\n<p class=\"isSelectedEnd\"><strong>\u00c9 poss\u00edvel conhecer o local?<\/strong><\/p>\n<p class=\"isSelectedEnd\">Sempre que poss\u00edvel, visite a institui\u00e7\u00e3o antes de tomar uma decis\u00e3o.<\/p>\n<h2>Procurando cl\u00ednica de recupera\u00e7\u00e3o em Miracatu?<\/h2>\n<p class=\"isSelectedEnd\">Se voc\u00ea est\u00e1 pesquisando por <strong>cl\u00ednica de recupera\u00e7\u00e3o em Miracatu<\/strong>, tratamento para dependentes qu\u00edmicos, tratamento para alcoolismo ou uma institui\u00e7\u00e3o pr\u00f3xima ao Vale do Ribeira, considere tamb\u00e9m as alternativas dispon\u00edveis no Litoral Sul de S\u00e3o Paulo.<\/p>\n<p class=\"isSelectedEnd\">A <strong>Vida Livre, em Itanha\u00e9m<\/strong>, atende fam\u00edlias que procuram orienta\u00e7\u00e3o sobre depend\u00eancia qu\u00edmica e alcoolismo e pode explicar as modalidades e possibilidades dispon\u00edveis para cada situa\u00e7\u00e3o.<\/p>\n<h3>Fale com a Vida Livre<\/h3>\n<p class=\"isSelectedEnd\"><strong>WhatsApp: (11) 95452-1548<\/strong><\/p>\n<p class=\"isSelectedEnd\">Converse com a equipe para receber informa\u00e7\u00f5es sobre atendimento, disponibilidade de vagas e condi\u00e7\u00f5es.<\/p>\n<div contenteditable=\"false\">\n<hr \/>\n<\/div>\n<h2>Perguntas frequentes<\/h2>\n<h3>Existe cl\u00ednica de recupera\u00e7\u00e3o em Miracatu?<\/h3>\n<p class=\"isSelectedEnd\">Existem servi\u00e7os relacionados ao tratamento da depend\u00eancia qu\u00edmica na regi\u00e3o. A fam\u00edlia tamb\u00e9m pode considerar institui\u00e7\u00f5es de munic\u00edpios pr\u00f3ximos e do litoral paulista para ampliar as alternativas.<\/p>\n<h3>A Vida Livre fica em Miracatu?<\/h3>\n<p class=\"isSelectedEnd\">N\u00e3o. A Vida Livre est\u00e1 localizada em <strong>Itanha\u00e9m, S\u00e3o Paulo<\/strong>. Entretanto, moradores de Miracatu podem entrar em contato para conhecer as possibilidades de atendimento dispon\u00edveis.<\/p>\n<h3>Existe tratamento para depend\u00eancia de coca\u00edna?<\/h3>\n<p class=\"isSelectedEnd\">Sim. Existem diferentes modalidades de tratamento para transtornos relacionados ao uso de coca\u00edna. A modalidade adequada deve ser definida conforme a situa\u00e7\u00e3o individual.<\/p>\n<h3>Existe tratamento para alcoolismo?<\/h3>\n<p class=\"isSelectedEnd\">Sim. O tratamento pode envolver diferentes profissionais e estrat\u00e9gias conforme a gravidade e as necessidades individuais.<\/p>\n<h3>Como conseguir atendimento?<\/h3>\n<p>Entre em contato pelo <strong>WhatsApp (11) 95452-1548<\/strong> para consultar informa\u00e7\u00f5es, modalidades e disponibilidade.<\/p>\n","protected":false},"excerpt":{"rendered":"<p>Cl\u00ednica de recupera\u00e7\u00e3o em Miracatu: tratamento para depend\u00eancia qu\u00edmica e alcoolismo Encontrar uma cl\u00ednica de recupera\u00e7\u00e3o em Miracatu \u00e9 uma das principais preocupa\u00e7\u00f5es de\u2026<\/p>\n","protected":false},"author":3,"featured_media":0,"comment_status":"open","ping_status":"open","sticky":false,"template":"","format":"standard","meta":{"footnotes":""},"categories":[144,119,133,136,272],"tags":[342,343],"class_list":["post-10091","post","type-post","status-publish","format-standard","hentry","category-clinica-12-passos","category-clinica-de-reabilitacao","category-clinica-de-recuperacao","category-comunidade-terapeutica","category-litoral","tag-clinica-de-recuperacao-em-miracatu-tratamento-feminino","tag-clinica-de-recuperacao-em-miracatu-tratamento-masculino"],"yoast_head":"<!-- This site is optimized with the Yoast SEO Premium plugin v27.6.1 (Yoast SEO v28.2) - https:\/\/yoast.com\/product\/yoast-seo-premium-wordpress\/ -->\n<title>Cl\u00ednica de Recupera\u00e7\u00e3o em Miracatu | Depend\u00eancia Qu\u00edmica e Alcoolismo - Blog Inter Cl\u00ednicas Litoral<\/title>\n<meta name=\"description\" content=\"Meta description: Procura cl\u00ednica de recupera\u00e7\u00e3o em Miracatu? Conhe\u00e7a op\u00e7\u00f5es de tratamento para depend\u00eancia qu\u00edmica e alcoolismo e atendimento da Vida Livre em Itanha\u00e9m.\" \/>\n<meta name=\"robots\" content=\"index, follow, max-snippet:-1, max-image-preview:large, max-video-preview:-1\" \/>\n<link rel=\"canonical\" href=\"https:\/\/interclinicaslitoral.com.br\/blog\/clinica-de-recuperacao-em-miracatu-dependencia-quimica-e-alcoolismo\/\" \/>\n<meta property=\"og:locale\" content=\"pt_PT\" \/>\n<meta property=\"og:type\" content=\"article\" \/>\n<meta property=\"og:title\" content=\"Cl\u00ednica de Recupera\u00e7\u00e3o em Miracatu | Depend\u00eancia Qu\u00edmica e Alcoolismo\" \/>\n<meta property=\"og:description\" content=\"Meta description: Procura cl\u00ednica de recupera\u00e7\u00e3o em Miracatu? Conhe\u00e7a op\u00e7\u00f5es de tratamento para depend\u00eancia qu\u00edmica e alcoolismo e atendimento da Vida Livre em Itanha\u00e9m.\" \/>\n<meta property=\"og:url\" content=\"https:\/\/interclinicaslitoral.com.br\/blog\/clinica-de-recuperacao-em-miracatu-dependencia-quimica-e-alcoolismo\/\" \/>\n<meta property=\"og:site_name\" content=\"Blog Inter Cl\u00ednicas Litoral\" \/>\n<meta property=\"article:published_time\" content=\"2026-08-19T13:26:00+00:00\" \/>\n<meta name=\"author\" content=\"Mateus Lima\" \/>\n<meta name=\"twitter:card\" content=\"summary_large_image\" \/>\n<meta name=\"twitter:label1\" content=\"Escrito por\" \/>\n\t<meta name=\"twitter:data1\" content=\"Mateus Lima\" \/>\n\t<meta name=\"twitter:label2\" content=\"Tempo estimado de leitura\" \/>\n\t<meta name=\"twitter:data2\" content=\"7 minutos\" \/>\n<script type=\"application\/ld+json\" class=\"yoast-schema-graph\">{\"@context\":\"https:\\\/\\\/schema.org\",\"@graph\":[{\"@type\":\"Article\",\"@id\":\"https:\\\/\\\/interclinicaslitoral.com.br\\\/blog\\\/clinica-de-recuperacao-em-miracatu-dependencia-quimica-e-alcoolismo\\\/#article\",\"isPartOf\":{\"@id\":\"https:\\\/\\\/interclinicaslitoral.com.br\\\/blog\\\/clinica-de-recuperacao-em-miracatu-dependencia-quimica-e-alcoolismo\\\/\"},\"author\":{\"name\":\"Mateus Lima\",\"@id\":\"https:\\\/\\\/interclinicaslitoral.com.br\\\/blog\\\/#\\\/schema\\\/person\\\/25efe000f884103571c66b32e6cdbc80\"},\"headline\":\"Cl\u00ednica de Recupera\u00e7\u00e3o em Miracatu | Depend\u00eancia Qu\u00edmica e Alcoolismo\",\"datePublished\":\"2026-08-19T13:26:00+00:00\",\"mainEntityOfPage\":{\"@id\":\"https:\\\/\\\/interclinicaslitoral.com.br\\\/blog\\\/clinica-de-recuperacao-em-miracatu-dependencia-quimica-e-alcoolismo\\\/\"},\"wordCount\":1406,\"commentCount\":0,\"keywords\":[\"Cl\u00ednica de recupera\u00e7\u00e3o em Miracatu tratamento feminino\",\"Cl\u00ednica de recupera\u00e7\u00e3o em Miracatu tratamento masculino\"],\"articleSection\":[\"Clinica 12 passos\",\"Clinica de reabilita\u00e7\u00e3o\",\"Clinica de recupera\u00e7\u00e3o\",\"Comunidade terap\u00eautica\",\"Litoral\"],\"inLanguage\":\"pt-PT\",\"potentialAction\":[{\"@type\":\"CommentAction\",\"name\":\"Comment\",\"target\":[\"https:\\\/\\\/interclinicaslitoral.com.br\\\/blog\\\/clinica-de-recuperacao-em-miracatu-dependencia-quimica-e-alcoolismo\\\/#respond\"]}]},{\"@type\":\"WebPage\",\"@id\":\"https:\\\/\\\/interclinicaslitoral.com.br\\\/blog\\\/clinica-de-recuperacao-em-miracatu-dependencia-quimica-e-alcoolismo\\\/\",\"url\":\"https:\\\/\\\/interclinicaslitoral.com.br\\\/blog\\\/clinica-de-recuperacao-em-miracatu-dependencia-quimica-e-alcoolismo\\\/\",\"name\":\"Cl\u00ednica de Recupera\u00e7\u00e3o em Miracatu | Depend\u00eancia Qu\u00edmica e Alcoolismo - Blog Inter Cl\u00ednicas Litoral\",\"isPartOf\":{\"@id\":\"https:\\\/\\\/interclinicaslitoral.com.br\\\/blog\\\/#website\"},\"datePublished\":\"2026-08-19T13:26:00+00:00\",\"author\":{\"@id\":\"https:\\\/\\\/interclinicaslitoral.com.br\\\/blog\\\/#\\\/schema\\\/person\\\/25efe000f884103571c66b32e6cdbc80\"},\"description\":\"Meta description: Procura cl\u00ednica de recupera\u00e7\u00e3o em Miracatu? Conhe\u00e7a op\u00e7\u00f5es de tratamento para depend\u00eancia qu\u00edmica e alcoolismo e atendimento da Vida Livre em Itanha\u00e9m.\",\"breadcrumb\":{\"@id\":\"https:\\\/\\\/interclinicaslitoral.com.br\\\/blog\\\/clinica-de-recuperacao-em-miracatu-dependencia-quimica-e-alcoolismo\\\/#breadcrumb\"},\"inLanguage\":\"pt-PT\",\"potentialAction\":[{\"@type\":\"ReadAction\",\"target\":[\"https:\\\/\\\/interclinicaslitoral.com.br\\\/blog\\\/clinica-de-recuperacao-em-miracatu-dependencia-quimica-e-alcoolismo\\\/\"]}]},{\"@type\":\"BreadcrumbList\",\"@id\":\"https:\\\/\\\/interclinicaslitoral.com.br\\\/blog\\\/clinica-de-recuperacao-em-miracatu-dependencia-quimica-e-alcoolismo\\\/#breadcrumb\",\"itemListElement\":[{\"@type\":\"ListItem\",\"position\":1,\"name\":\"In\u00edcio\",\"item\":\"https:\\\/\\\/interclinicaslitoral.com.br\\\/blog\\\/\"},{\"@type\":\"ListItem\",\"position\":2,\"name\":\"Cl\u00ednica de Recupera\u00e7\u00e3o em Miracatu | Depend\u00eancia Qu\u00edmica e Alcoolismo\"}]},{\"@type\":\"WebSite\",\"@id\":\"https:\\\/\\\/interclinicaslitoral.com.br\\\/blog\\\/#website\",\"url\":\"https:\\\/\\\/interclinicaslitoral.com.br\\\/blog\\\/\",\"name\":\"Blog Inter Cl\u00ednicas Litoral\",\"description\":\"Conte\u00fados sobre depend\u00eancia qu\u00edmica, alcoolismo, sa\u00fade mental, apoio familiar e caminhos de cuidado em todo o Litoral Paulista.\",\"potentialAction\":[{\"@type\":\"SearchAction\",\"target\":{\"@type\":\"EntryPoint\",\"urlTemplate\":\"https:\\\/\\\/interclinicaslitoral.com.br\\\/blog\\\/?s={search_term_string}\"},\"query-input\":{\"@type\":\"PropertyValueSpecification\",\"valueRequired\":true,\"valueName\":\"search_term_string\"}}],\"inLanguage\":\"pt-PT\"},{\"@type\":\"Person\",\"@id\":\"https:\\\/\\\/interclinicaslitoral.com.br\\\/blog\\\/#\\\/schema\\\/person\\\/25efe000f884103571c66b32e6cdbc80\",\"name\":\"Mateus Lima\",\"image\":{\"@type\":\"ImageObject\",\"inLanguage\":\"pt-PT\",\"@id\":\"https:\\\/\\\/secure.gravatar.com\\\/avatar\\\/8ee3361f3710b50ec788c884d8bbd3c52dbf13c1bf31d03b9492860d33ca61a9?s=96&d=mm&r=g\",\"url\":\"https:\\\/\\\/secure.gravatar.com\\\/avatar\\\/8ee3361f3710b50ec788c884d8bbd3c52dbf13c1bf31d03b9492860d33ca61a9?s=96&d=mm&r=g\",\"contentUrl\":\"https:\\\/\\\/secure.gravatar.com\\\/avatar\\\/8ee3361f3710b50ec788c884d8bbd3c52dbf13c1bf31d03b9492860d33ca61a9?s=96&d=mm&r=g\",\"caption\":\"Mateus Lima\"},\"url\":\"https:\\\/\\\/interclinicaslitoral.com.br\\\/blog\\\/author\\\/mateus\\\/\"}]}<\/script>\n<!-- \/ Yoast SEO Premium plugin. -->","yoast_head_json":{"title":"Cl\u00ednica de Recupera\u00e7\u00e3o em Miracatu | Depend\u00eancia Qu\u00edmica e Alcoolismo - Blog Inter Cl\u00ednicas Litoral","description":"Meta description: Procura cl\u00ednica de recupera\u00e7\u00e3o em Miracatu? Conhe\u00e7a op\u00e7\u00f5es de tratamento para depend\u00eancia qu\u00edmica e alcoolismo e atendimento da Vida Livre em Itanha\u00e9m.","robots":{"index":"index","follow":"follow","max-snippet":"max-snippet:-1","max-image-preview":"max-image-preview:large","max-video-preview":"max-video-preview:-1"},"canonical":"https:\/\/interclinicaslitoral.com.br\/blog\/clinica-de-recuperacao-em-miracatu-dependencia-quimica-e-alcoolismo\/","og_locale":"pt_PT","og_type":"article","og_title":"Cl\u00ednica de Recupera\u00e7\u00e3o em Miracatu | Depend\u00eancia Qu\u00edmica e Alcoolismo","og_description":"Meta description: Procura cl\u00ednica de recupera\u00e7\u00e3o em Miracatu? Conhe\u00e7a op\u00e7\u00f5es de tratamento para depend\u00eancia qu\u00edmica e alcoolismo e atendimento da Vida Livre em Itanha\u00e9m.","og_url":"https:\/\/interclinicaslitoral.com.br\/blog\/clinica-de-recuperacao-em-miracatu-dependencia-quimica-e-alcoolismo\/","og_site_name":"Blog Inter Cl\u00ednicas Litoral","article_published_time":"2026-08-19T13:26:00+00:00","author":"Mateus Lima","twitter_card":"summary_large_image","twitter_misc":{"Escrito por":"Mateus Lima","Tempo estimado de leitura":"7 minutos"},"schema":{"@context":"https:\/\/schema.org","@graph":[{"@type":"Article","@id":"https:\/\/interclinicaslitoral.com.br\/blog\/clinica-de-recuperacao-em-miracatu-dependencia-quimica-e-alcoolismo\/#article","isPartOf":{"@id":"https:\/\/interclinicaslitoral.com.br\/blog\/clinica-de-recuperacao-em-miracatu-dependencia-quimica-e-alcoolismo\/"},"author":{"name":"Mateus Lima","@id":"https:\/\/interclinicaslitoral.com.br\/blog\/#\/schema\/person\/25efe000f884103571c66b32e6cdbc80"},"headline":"Cl\u00ednica de Recupera\u00e7\u00e3o em Miracatu | Depend\u00eancia Qu\u00edmica e Alcoolismo","datePublished":"2026-08-19T13:26:00+00:00","mainEntityOfPage":{"@id":"https:\/\/interclinicaslitoral.com.br\/blog\/clinica-de-recuperacao-em-miracatu-dependencia-quimica-e-alcoolismo\/"},"wordCount":1406,"commentCount":0,"keywords":["Cl\u00ednica de recupera\u00e7\u00e3o em Miracatu tratamento feminino","Cl\u00ednica de recupera\u00e7\u00e3o em Miracatu tratamento masculino"],"articleSection":["Clinica 12 passos","Clinica de reabilita\u00e7\u00e3o","Clinica de recupera\u00e7\u00e3o","Comunidade terap\u00eautica","Litoral"],"inLanguage":"pt-PT","potentialAction":[{"@type":"CommentAction","name":"Comment","target":["https:\/\/interclinicaslitoral.com.br\/blog\/clinica-de-recuperacao-em-miracatu-dependencia-quimica-e-alcoolismo\/#respond"]}]},{"@type":"WebPage","@id":"https:\/\/interclinicaslitoral.com.br\/blog\/clinica-de-recuperacao-em-miracatu-dependencia-quimica-e-alcoolismo\/","url":"https:\/\/interclinicaslitoral.com.br\/blog\/clinica-de-recuperacao-em-miracatu-dependencia-quimica-e-alcoolismo\/","name":"Cl\u00ednica de Recupera\u00e7\u00e3o em Miracatu | Depend\u00eancia Qu\u00edmica e Alcoolismo - Blog Inter Cl\u00ednicas Litoral","isPartOf":{"@id":"https:\/\/interclinicaslitoral.com.br\/blog\/#website"},"datePublished":"2026-08-19T13:26:00+00:00","author":{"@id":"https:\/\/interclinicaslitoral.com.br\/blog\/#\/schema\/person\/25efe000f884103571c66b32e6cdbc80"},"description":"Meta description: Procura cl\u00ednica de recupera\u00e7\u00e3o em Miracatu? Conhe\u00e7a op\u00e7\u00f5es de tratamento para depend\u00eancia qu\u00edmica e alcoolismo e atendimento da Vida Livre em Itanha\u00e9m.","breadcrumb":{"@id":"https:\/\/interclinicaslitoral.com.br\/blog\/clinica-de-recuperacao-em-miracatu-dependencia-quimica-e-alcoolismo\/#breadcrumb"},"inLanguage":"pt-PT","potentialAction":[{"@type":"ReadAction","target":["https:\/\/interclinicaslitoral.com.br\/blog\/clinica-de-recuperacao-em-miracatu-dependencia-quimica-e-alcoolismo\/"]}]},{"@type":"BreadcrumbList","@id":"https:\/\/interclinicaslitoral.com.br\/blog\/clinica-de-recuperacao-em-miracatu-dependencia-quimica-e-alcoolismo\/#breadcrumb","itemListElement":[{"@type":"ListItem","position":1,"name":"In\u00edcio","item":"https:\/\/interclinicaslitoral.com.br\/blog\/"},{"@type":"ListItem","position":2,"name":"Cl\u00ednica de Recupera\u00e7\u00e3o em Miracatu | Depend\u00eancia Qu\u00edmica e Alcoolismo"}]},{"@type":"WebSite","@id":"https:\/\/interclinicaslitoral.com.br\/blog\/#website","url":"https:\/\/interclinicaslitoral.com.br\/blog\/","name":"Blog Inter Cl\u00ednicas Litoral","description":"Conte\u00fados sobre depend\u00eancia qu\u00edmica, alcoolismo, sa\u00fade mental, apoio familiar e caminhos de cuidado em todo o Litoral Paulista.","potentialAction":[{"@type":"SearchAction","target":{"@type":"EntryPoint","urlTemplate":"https:\/\/interclinicaslitoral.com.br\/blog\/?s={search_term_string}"},"query-input":{"@type":"PropertyValueSpecification","valueRequired":true,"valueName":"search_term_string"}}],"inLanguage":"pt-PT"},{"@type":"Person","@id":"https:\/\/interclinicaslitoral.com.br\/blog\/#\/schema\/person\/25efe000f884103571c66b32e6cdbc80","name":"Mateus Lima","image":{"@type":"ImageObject","inLanguage":"pt-PT","@id":"https:\/\/secure.gravatar.com\/avatar\/8ee3361f3710b50ec788c884d8bbd3c52dbf13c1bf31d03b9492860d33ca61a9?s=96&d=mm&r=g","url":"https:\/\/secure.gravatar.com\/avatar\/8ee3361f3710b50ec788c884d8bbd3c52dbf13c1bf31d03b9492860d33ca61a9?s=96&d=mm&r=g","contentUrl":"https:\/\/secure.gravatar.com\/avatar\/8ee3361f3710b50ec788c884d8bbd3c52dbf13c1bf31d03b9492860d33ca61a9?s=96&d=mm&r=g","caption":"Mateus Lima"},"url":"https:\/\/interclinicaslitoral.com.br\/blog\/author\/mateus\/"}]}},"_links":{"self":[{"href":"https:\/\/interclinicaslitoral.com.br\/blog\/wp-json\/wp\/v2\/posts\/10091","targetHints":{"allow":["GET"]}}],"collection":[{"href":"https:\/\/interclinicaslitoral.com.br\/blog\/wp-json\/wp\/v2\/posts"}],"about":[{"href":"https:\/\/interclinicaslitoral.com.br\/blog\/wp-json\/wp\/v2\/types\/post"}],"author":[{"embeddable":true,"href":"https:\/\/interclinicaslitoral.com.br\/blog\/wp-json\/wp\/v2\/users\/3"}],"replies":[{"embeddable":true,"href":"https:\/\/interclinicaslitoral.com.br\/blog\/wp-json\/wp\/v2\/comments?post=10091"}],"version-history":[{"count":1,"href":"https:\/\/interclinicaslitoral.com.br\/blog\/wp-json\/wp\/v2\/posts\/10091\/revisions"}],"predecessor-version":[{"id":10092,"href":"https:\/\/interclinicaslitoral.com.br\/blog\/wp-json\/wp\/v2\/posts\/10091\/revisions\/10092"}],"wp:attachment":[{"href":"https:\/\/interclinicaslitoral.com.br\/blog\/wp-json\/wp\/v2\/media?parent=10091"}],"wp:term":[{"taxonomy":"category","embeddable":true,"href":"https:\/\/interclinicaslitoral.com.br\/blog\/wp-json\/wp\/v2\/categories?post=10091"},{"taxonomy":"post_tag","embeddable":true,"href":"https:\/\/interclinicaslitoral.com.br\/blog\/wp-json\/wp\/v2\/tags?post=10091"}],"curies":[{"name":"wp","href":"https:\/\/api.w.org\/{rel}","templated":true}]}}