{"id":10084,"date":"2026-08-17T09:48:31","date_gmt":"2026-08-17T12:48:31","guid":{"rendered":"https:\/\/interclinicaslitoral.com.br\/blog\/?p=10084"},"modified":"2026-08-17T09:48:31","modified_gmt":"2026-08-17T12:48:31","slug":"como-saber-se-uma-pessoa-precisa-de-internacao-por-drogas","status":"publish","type":"post","link":"https:\/\/interclinicaslitoral.com.br\/blog\/como-saber-se-uma-pessoa-precisa-de-internacao-por-drogas\/","title":{"rendered":"Como Saber se uma Pessoa Precisa de Interna\u00e7\u00e3o por Drogas?"},"content":{"rendered":"<h1 data-section-id=\"8zppa3\" data-start=\"0\" data-end=\"60\">Como Saber se uma Pessoa Precisa de Interna\u00e7\u00e3o por Drogas?<\/h1>\n<p data-start=\"62\" data-end=\"234\">Quando o uso de \u00e1lcool ou outras drogas come\u00e7a a provocar consequ\u00eancias graves, muitas fam\u00edlias se perguntam: <strong data-start=\"172\" data-end=\"234\">como saber se uma pessoa precisa de interna\u00e7\u00e3o por drogas?<\/strong><\/p>\n<p data-start=\"236\" data-end=\"574\">A interna\u00e7\u00e3o pode ser necess\u00e1ria em algumas situa\u00e7\u00f5es, mas <strong data-start=\"295\" data-end=\"360\">nem toda pessoa com depend\u00eancia qu\u00edmica precisa ser internada<\/strong>. A decis\u00e3o deve ser baseada em avalia\u00e7\u00e3o profissional, considerando a gravidade do quadro, os riscos existentes, as condi\u00e7\u00f5es f\u00edsicas e emocionais e a possibilidade de realizar tratamento em ambiente ambulatorial.<\/p>\n<h2 data-section-id=\"1500vcp\" data-start=\"576\" data-end=\"647\">Quais sinais podem indicar necessidade de avalia\u00e7\u00e3o para interna\u00e7\u00e3o?<\/h2>\n<p data-start=\"649\" data-end=\"692\">Algumas situa\u00e7\u00f5es merecem aten\u00e7\u00e3o especial:<\/p>\n<ul data-start=\"694\" data-end=\"1139\">\n<li data-section-id=\"1wykztl\" data-start=\"694\" data-end=\"730\">Uso intenso e frequente de drogas;<\/li>\n<li data-section-id=\"57wioh\" data-start=\"731\" data-end=\"778\">Perda importante de controle sobre o consumo;<\/li>\n<li data-section-id=\"qywtbo\" data-start=\"779\" data-end=\"800\">Reca\u00eddas repetidas;<\/li>\n<li data-section-id=\"6uciqa\" data-start=\"801\" data-end=\"852\">Incapacidade de manter o tratamento ambulatorial;<\/li>\n<li data-section-id=\"htz4q0\" data-start=\"853\" data-end=\"894\">Comprometimento significativo da sa\u00fade;<\/li>\n<li data-section-id=\"1o8reyx\" data-start=\"895\" data-end=\"932\">Altera\u00e7\u00f5es graves de comportamento;<\/li>\n<li data-section-id=\"121vnro\" data-start=\"933\" data-end=\"961\">Confus\u00e3o ou desorienta\u00e7\u00e3o;<\/li>\n<li data-section-id=\"1gw5pdw\" data-start=\"962\" data-end=\"996\">Abandono intenso do autocuidado;<\/li>\n<li data-section-id=\"1hj5uyf\" data-start=\"997\" data-end=\"1041\">Exposi\u00e7\u00e3o frequente a situa\u00e7\u00f5es perigosas;<\/li>\n<li data-section-id=\"c7vr5\" data-start=\"1042\" data-end=\"1079\">Problemas psiqui\u00e1tricos associados;<\/li>\n<li data-section-id=\"1etbkv5\" data-start=\"1080\" data-end=\"1139\">Ambiente dom\u00e9stico que dificulta seriamente o tratamento.<\/li>\n<\/ul>\n<p data-start=\"1141\" data-end=\"1277\">Esses sinais n\u00e3o determinam automaticamente uma interna\u00e7\u00e3o. Eles indicam a necessidade de uma <strong data-start=\"1235\" data-end=\"1276\">avalia\u00e7\u00e3o profissional mais cuidadosa<\/strong>.<\/p>\n<h2 data-section-id=\"7lpbjy\" data-start=\"1279\" data-end=\"1313\">1. Quando existe risco imediato<\/h2>\n<p data-start=\"1315\" data-end=\"1374\">A prioridade muda quando a pessoa apresenta uma emerg\u00eancia.<\/p>\n<p data-start=\"1376\" data-end=\"1669\">Situa\u00e7\u00f5es como perda de consci\u00eancia, convuls\u00f5es, dificuldade para respirar, dor intensa no peito, confus\u00e3o importante, intoxica\u00e7\u00e3o grave ou comportamento que represente risco imediato exigem <strong data-start=\"1567\" data-end=\"1594\">atendimento de urg\u00eancia<\/strong>, e n\u00e3o simplesmente encaminhamento direto para uma cl\u00ednica de recupera\u00e7\u00e3o.<\/p>\n<p data-start=\"1671\" data-end=\"1746\">Primeiro \u00e9 necess\u00e1rio estabilizar a pessoa e avaliar sua condi\u00e7\u00e3o de sa\u00fade.<\/p>\n<h2 data-section-id=\"1xmoinx\" data-start=\"1748\" data-end=\"1803\">2. Quando a pessoa perdeu o controle sobre o consumo<\/h2>\n<p data-start=\"1805\" data-end=\"1924\">Um dos sinais mais importantes da depend\u00eancia \u00e9 continuar utilizando a subst\u00e2ncia mesmo diante de consequ\u00eancias graves.<\/p>\n<p data-start=\"1926\" data-end=\"1940\">A pessoa pode:<\/p>\n<ul data-start=\"1942\" data-end=\"2170\">\n<li data-section-id=\"yy8lvj\" data-start=\"1942\" data-end=\"1975\">Prometer parar e n\u00e3o conseguir;<\/li>\n<li data-section-id=\"14ammsx\" data-start=\"1976\" data-end=\"2017\">Consumir por per\u00edodos cada vez maiores;<\/li>\n<li data-section-id=\"3p3px4\" data-start=\"2018\" data-end=\"2081\">Passar grande parte do tempo procurando ou utilizando drogas;<\/li>\n<li data-section-id=\"n72jfb\" data-start=\"2082\" data-end=\"2112\">Abandonar responsabilidades;<\/li>\n<li data-section-id=\"724u7r\" data-start=\"2113\" data-end=\"2170\">Voltar ao consumo rapidamente ap\u00f3s tentativas de parar.<\/li>\n<\/ul>\n<p data-start=\"2172\" data-end=\"2295\">Nessas situa\u00e7\u00f5es, \u00e9 importante procurar uma avalia\u00e7\u00e3o especializada para determinar a intensidade do tratamento necess\u00e1ria.<\/p>\n<h2 data-section-id=\"qe0kk0\" data-start=\"2297\" data-end=\"2354\">3. Quando existem problemas de sa\u00fade mental associados<\/h2>\n<p data-start=\"2356\" data-end=\"2434\">Depend\u00eancia qu\u00edmica e problemas de sa\u00fade mental podem ocorrer simultaneamente.<\/p>\n<p data-start=\"2436\" data-end=\"2606\">Altera\u00e7\u00f5es importantes de humor, ansiedade intensa, paranoia, alucina\u00e7\u00f5es, agita\u00e7\u00e3o ou outros sintomas psiqui\u00e1tricos precisam ser avaliados por profissionais habilitados.<\/p>\n<p data-start=\"2608\" data-end=\"2718\">Dependendo da gravidade, pode ser necess\u00e1rio um servi\u00e7o de sa\u00fade com estrutura m\u00e9dica e psiqui\u00e1trica adequada.<\/p>\n<h2 data-section-id=\"14qvz9i\" data-start=\"2720\" data-end=\"2751\">4. Quando h\u00e1 v\u00e1rias reca\u00eddas<\/h2>\n<p data-start=\"2753\" data-end=\"2834\">Ter uma reca\u00edda n\u00e3o significa automaticamente que a pessoa precisa ser internada.<\/p>\n<p data-start=\"2836\" data-end=\"2950\">Por\u00e9m, quando existem <strong data-start=\"2858\" data-end=\"2905\">reca\u00eddas repetidas apesar do acompanhamento<\/strong>, \u00e9 importante reavaliar o plano terap\u00eautico.<\/p>\n<p data-start=\"2952\" data-end=\"3084\">Pode ser necess\u00e1rio aumentar a intensidade do cuidado, mudar estrat\u00e9gias ou considerar temporariamente um ambiente mais estruturado.<\/p>\n<h2 data-section-id=\"jmlkuv\" data-start=\"3086\" data-end=\"3138\">5. Quando o ambiente favorece continuamente o uso<\/h2>\n<p data-start=\"3140\" data-end=\"3200\">O contexto em que a pessoa vive tamb\u00e9m deve ser considerado.<\/p>\n<p data-start=\"3202\" data-end=\"3437\">Se ela permanece constantemente exposta a drogas, pessoas relacionadas ao consumo ou situa\u00e7\u00f5es que dificultam seriamente a recupera\u00e7\u00e3o, os profissionais podem avaliar alternativas para aumentar a prote\u00e7\u00e3o e a intensidade do tratamento.<\/p>\n<p data-start=\"3439\" data-end=\"3560\">Entretanto, simplesmente afastar algu\u00e9m do ambiente n\u00e3o resolve sozinho a depend\u00eancia. \u00c9 necess\u00e1rio um plano terap\u00eautico.<\/p>\n<h2 data-section-id=\"akoy6s\" data-start=\"3562\" data-end=\"3611\">Todo dependente qu\u00edmico precisa ser internado?<\/h2>\n<p data-start=\"3613\" data-end=\"3621\"><strong data-start=\"3613\" data-end=\"3621\">N\u00e3o.<\/strong><\/p>\n<p data-start=\"3623\" data-end=\"3678\">Muitas pessoas podem receber tratamento sem interna\u00e7\u00e3o.<\/p>\n<p data-start=\"3680\" data-end=\"3729\">Dependendo da avalia\u00e7\u00e3o, o cuidado pode envolver:<\/p>\n<ul data-start=\"3731\" data-end=\"3960\">\n<li data-section-id=\"6z9thh\" data-start=\"3731\" data-end=\"3751\">Consultas m\u00e9dicas;<\/li>\n<li data-section-id=\"1doe85r\" data-start=\"3752\" data-end=\"3767\">Psicoterapia;<\/li>\n<li data-section-id=\"9zbgyf\" data-start=\"3768\" data-end=\"3778\">CAPS AD;<\/li>\n<li data-section-id=\"7noqme\" data-start=\"3779\" data-end=\"3806\">Atendimento ambulatorial;<\/li>\n<li data-section-id=\"52fn1s\" data-start=\"3807\" data-end=\"3829\">Grupos terap\u00eauticos;<\/li>\n<li data-section-id=\"1pbjb3a\" data-start=\"3830\" data-end=\"3848\">Grupos de apoio;<\/li>\n<li data-section-id=\"1ny7l3\" data-start=\"3849\" data-end=\"3871\">Orienta\u00e7\u00e3o familiar;<\/li>\n<li data-section-id=\"140ayam\" data-start=\"3872\" data-end=\"3918\">Acompanhamento psiqui\u00e1trico quando indicado;<\/li>\n<li data-section-id=\"uuk9ey\" data-start=\"3919\" data-end=\"3960\">Estrat\u00e9gias para preven\u00e7\u00e3o de reca\u00eddas.<\/li>\n<\/ul>\n<p data-start=\"3962\" data-end=\"4066\">A interna\u00e7\u00e3o \u00e9 uma das possibilidades dentro de uma rede de cuidados, e n\u00e3o a \u00fanica forma de tratamento.<\/p>\n<h2 data-section-id=\"1154116\" data-start=\"4068\" data-end=\"4096\">Como \u00e9 feita a avalia\u00e7\u00e3o?<\/h2>\n<p data-start=\"4098\" data-end=\"4192\">Antes de decidir pela interna\u00e7\u00e3o, \u00e9 importante analisar diferentes aspectos da vida da pessoa.<\/p>\n<p data-start=\"4194\" data-end=\"4222\">A avalia\u00e7\u00e3o pode considerar:<\/p>\n<h3 data-section-id=\"13jx9ex\" data-start=\"4224\" data-end=\"4251\">Tipo de droga utilizada<\/h3>\n<p data-start=\"4253\" data-end=\"4358\">\u00c1lcool, coca\u00edna, crack, medicamentos e outras subst\u00e2ncias apresentam caracter\u00edsticas e riscos diferentes.<\/p>\n<h3 data-section-id=\"127ge17\" data-start=\"4360\" data-end=\"4387\">Frequ\u00eancia e quantidade<\/h3>\n<p data-start=\"4389\" data-end=\"4453\">O padr\u00e3o de consumo ajuda a compreender a gravidade do problema.<\/p>\n<h3 data-section-id=\"cpogct\" data-start=\"4455\" data-end=\"4476\">Condi\u00e7\u00f5es f\u00edsicas<\/h3>\n<p data-start=\"4478\" data-end=\"4540\">Problemas cl\u00ednicos podem exigir atendimento m\u00e9dico espec\u00edfico.<\/p>\n<h3 data-section-id=\"1pc9ieo\" data-start=\"4542\" data-end=\"4558\">Sa\u00fade mental<\/h3>\n<p data-start=\"4560\" data-end=\"4634\">\u00c9 necess\u00e1rio avaliar sintomas psiqui\u00e1tricos e outras condi\u00e7\u00f5es associadas.<\/p>\n<h3 data-section-id=\"1gkhdxm\" data-start=\"4636\" data-end=\"4663\">Hist\u00f3rico de tratamento<\/h3>\n<p data-start=\"4665\" data-end=\"4759\">Tratamentos anteriores e reca\u00eddas ajudam a definir quais estrat\u00e9gias precisam ser modificadas.<\/p>\n<h3 data-section-id=\"1sgkzdc\" data-start=\"4761\" data-end=\"4791\">Ambiente familiar e social<\/h3>\n<p data-start=\"4793\" data-end=\"4876\">A exist\u00eancia de apoio e as condi\u00e7\u00f5es do ambiente tamb\u00e9m influenciam o planejamento.<\/p>\n<h2 data-section-id=\"t99g4m\" data-start=\"4878\" data-end=\"4936\">Interna\u00e7\u00e3o volunt\u00e1ria e involunt\u00e1ria s\u00e3o a mesma coisa?<\/h2>\n<p data-start=\"4938\" data-end=\"4942\">N\u00e3o.<\/p>\n<p data-start=\"4944\" data-end=\"5046\">Na <strong data-start=\"4947\" data-end=\"4972\">interna\u00e7\u00e3o volunt\u00e1ria<\/strong>, a pessoa concorda com o tratamento e com sua entrada no estabelecimento.<\/p>\n<p data-start=\"5048\" data-end=\"5277\">A <strong data-start=\"5050\" data-end=\"5077\">interna\u00e7\u00e3o involunt\u00e1ria<\/strong>, realizada sem o consentimento da pessoa, est\u00e1 sujeita a requisitos legais e t\u00e9cnicos espec\u00edficos no Brasil e n\u00e3o deve ser decidida informalmente apenas pela fam\u00edlia ou por uma institui\u00e7\u00e3o comercial.<\/p>\n<p data-start=\"5279\" data-end=\"5476\">Quando a fam\u00edlia acredita que existe necessidade de interna\u00e7\u00e3o sem consentimento, deve procurar <strong data-start=\"5375\" data-end=\"5417\">avalia\u00e7\u00e3o m\u00e9dica e orienta\u00e7\u00e3o adequada<\/strong>, respeitando a legisla\u00e7\u00e3o vigente e os direitos da pessoa.<\/p>\n<h2 data-section-id=\"1qgcpw1\" data-start=\"5478\" data-end=\"5546\">Comunidade terap\u00eautica \u00e9 a mesma coisa que interna\u00e7\u00e3o hospitalar?<\/h2>\n<p data-start=\"5548\" data-end=\"5552\">N\u00e3o.<\/p>\n<p data-start=\"5554\" data-end=\"5662\">Uma <strong data-start=\"5558\" data-end=\"5584\">comunidade terap\u00eautica<\/strong> possui caracter\u00edsticas diferentes de um hospital ou estabelecimento de sa\u00fade.<\/p>\n<p data-start=\"5664\" data-end=\"5863\">O acolhimento em comunidade terap\u00eautica \u00e9 voltado a pessoas que aderem voluntariamente \u00e0 proposta e n\u00e3o substitui atendimento m\u00e9dico, hospitalar ou psiqui\u00e1trico quando esses cuidados s\u00e3o necess\u00e1rios.<\/p>\n<p data-start=\"5865\" data-end=\"6002\">Essa diferen\u00e7a \u00e9 especialmente importante quando existe abstin\u00eancia grave, intoxica\u00e7\u00e3o ou outra condi\u00e7\u00e3o cl\u00ednica que exige monitoramento.<\/p>\n<h2 data-section-id=\"bimifm\" data-start=\"6004\" data-end=\"6040\">Quanto tempo dura uma interna\u00e7\u00e3o?<\/h2>\n<p data-start=\"6042\" data-end=\"6101\">N\u00e3o existe um per\u00edodo \u00fanico adequado para todas as pessoas.<\/p>\n<p data-start=\"6103\" data-end=\"6252\">Programas podem apresentar per\u00edodos de 30, 60 ou 90 dias, por exemplo, mas <strong data-start=\"6178\" data-end=\"6251\">um n\u00famero de dias n\u00e3o deve ser utilizado como garantia de recupera\u00e7\u00e3o<\/strong>.<\/p>\n<p data-start=\"6254\" data-end=\"6377\">A dura\u00e7\u00e3o deve estar relacionada \u00e0s necessidades da pessoa, evolu\u00e7\u00e3o do quadro e planejamento para continuidade do cuidado.<\/p>\n<h2 data-section-id=\"1fvtdzu\" data-start=\"6379\" data-end=\"6413\">A fam\u00edlia pode decidir sozinha?<\/h2>\n<p data-start=\"6415\" data-end=\"6574\">A fam\u00edlia pode e deve procurar ajuda quando percebe que a situa\u00e7\u00e3o est\u00e1 se agravando, mas a defini\u00e7\u00e3o do tratamento precisa envolver profissionais habilitados.<\/p>\n<p data-start=\"6576\" data-end=\"6716\">Uma boa avalia\u00e7\u00e3o evita tanto uma interna\u00e7\u00e3o desnecess\u00e1ria quanto a perman\u00eancia em um n\u00edvel de cuidado insuficiente para uma situa\u00e7\u00e3o grave.<\/p>\n<h2 data-section-id=\"16fqyj7\" data-start=\"6718\" data-end=\"6767\">O que perguntar antes de escolher uma cl\u00ednica?<\/h2>\n<p data-start=\"6769\" data-end=\"6819\">Antes de contratar uma institui\u00e7\u00e3o, procure saber:<\/p>\n<ul data-start=\"6821\" data-end=\"7216\">\n<li data-section-id=\"1i4j8ua\" data-start=\"6821\" data-end=\"6859\">O estabelecimento est\u00e1 regularizado?<\/li>\n<li data-section-id=\"1qmslps\" data-start=\"6860\" data-end=\"6891\">Quem \u00e9 o respons\u00e1vel t\u00e9cnico?<\/li>\n<li data-section-id=\"ce0hae\" data-start=\"6892\" data-end=\"6936\">Quais profissionais fazem parte da equipe?<\/li>\n<li data-section-id=\"1vnoh82\" data-start=\"6937\" data-end=\"6983\">Existe atendimento m\u00e9dico quando necess\u00e1rio?<\/li>\n<li data-section-id=\"1lapyli\" data-start=\"6984\" data-end=\"7016\">Como s\u00e3o tratadas emerg\u00eancias?<\/li>\n<li data-section-id=\"jlq932\" data-start=\"7017\" data-end=\"7065\">Como funciona a administra\u00e7\u00e3o de medicamentos?<\/li>\n<li data-section-id=\"12yd54o\" data-start=\"7066\" data-end=\"7095\">Qual \u00e9 o plano terap\u00eautico?<\/li>\n<li data-section-id=\"m9hpku\" data-start=\"7096\" data-end=\"7123\">Como a fam\u00edlia participa?<\/li>\n<li data-section-id=\"12l6edq\" data-start=\"7124\" data-end=\"7157\">Quais servi\u00e7os est\u00e3o inclu\u00eddos?<\/li>\n<li data-section-id=\"1emflkn\" data-start=\"7158\" data-end=\"7181\">Como funciona a alta?<\/li>\n<li data-section-id=\"7zf3dd\" data-start=\"7182\" data-end=\"7216\">Existe acompanhamento posterior?<\/li>\n<\/ul>\n<p data-start=\"7218\" data-end=\"7382\">Desconfie de promessas de <strong data-start=\"7244\" data-end=\"7262\">cura garantida<\/strong> ou de institui\u00e7\u00f5es que afirmam que todas as pessoas precisam obrigatoriamente permanecer internadas pelo mesmo per\u00edodo.<\/p>\n<h2 data-section-id=\"quwti6\" data-start=\"7384\" data-end=\"7410\">E depois da interna\u00e7\u00e3o?<\/h2>\n<p data-start=\"7412\" data-end=\"7464\">A interna\u00e7\u00e3o, quando necess\u00e1ria, \u00e9 apenas uma etapa.<\/p>\n<p data-start=\"7466\" data-end=\"7668\">Depois da alta, a continuidade pode envolver psicoterapia, CAPS AD, acompanhamento m\u00e9dico ou psiqui\u00e1trico, grupos de apoio, orienta\u00e7\u00e3o familiar, preven\u00e7\u00e3o de reca\u00eddas e reinser\u00e7\u00e3o social e profissional.<\/p>\n<p data-start=\"7670\" data-end=\"7744\">Um bom planejamento de alta come\u00e7a antes de a pessoa deixar a institui\u00e7\u00e3o.<\/p>\n<h2 data-section-id=\"uwqol7\" data-start=\"7746\" data-end=\"7769\">Onde procurar ajuda?<\/h2>\n<p data-start=\"7771\" data-end=\"7952\">No Brasil, a fam\u00edlia pode procurar uma <strong data-start=\"7810\" data-end=\"7860\">UBS, CAPS AD ou outro servi\u00e7o da rede de sa\u00fade<\/strong> para avalia\u00e7\u00e3o. Tamb\u00e9m existem servi\u00e7os particulares especializados em depend\u00eancia qu\u00edmica.<\/p>\n<p data-start=\"7954\" data-end=\"8044\">Em situa\u00e7\u00f5es de emerg\u00eancia m\u00e9dica, a prioridade deve ser procurar atendimento de urg\u00eancia.<\/p>\n<h2 data-section-id=\"8n9rfe\" data-start=\"8046\" data-end=\"8097\">Afinal, como saber se a interna\u00e7\u00e3o \u00e9 necess\u00e1ria?<\/h2>\n<p data-start=\"8099\" data-end=\"8240\">A pergunta principal n\u00e3o \u00e9 apenas <strong data-start=\"8133\" data-end=\"8169\">\u201cessa pessoa usa muitas drogas?\u201d<\/strong>, mas <strong data-start=\"8175\" data-end=\"8240\">\u201cqual \u00e9 o n\u00edvel de cuidado de que ela precisa neste momento?\u201d<\/strong><\/p>\n<p data-start=\"8242\" data-end=\"8471\">Quando existe perda grave de controle, riscos significativos, complica\u00e7\u00f5es f\u00edsicas ou psiqui\u00e1tricas ou quando alternativas menos intensivas n\u00e3o est\u00e3o sendo suficientes, uma interna\u00e7\u00e3o pode ser considerada ap\u00f3s avalia\u00e7\u00e3o adequada.<\/p>\n<p data-start=\"8473\" data-end=\"8620\">O objetivo n\u00e3o deve ser simplesmente retirar a pessoa do conv\u00edvio social, mas oferecer <strong data-start=\"8560\" data-end=\"8619\">o tratamento mais seguro e apropriado para sua situa\u00e7\u00e3o<\/strong>.<\/p>\n","protected":false},"excerpt":{"rendered":"<p>Como Saber se uma Pessoa Precisa de Interna\u00e7\u00e3o por Drogas? Quando o uso de \u00e1lcool ou outras drogas come\u00e7a a provocar consequ\u00eancias graves, muitas\u2026<\/p>\n","protected":false},"author":3,"featured_media":0,"comment_status":"open","ping_status":"open","sticky":false,"template":"","format":"standard","meta":{"footnotes":""},"categories":[135,134,146,144,137,119,133,131,136],"tags":[337,336],"class_list":["post-10084","post","type-post","status-publish","format-standard","hentry","category-casa-de-reabilitacao","category-casa-de-recuperacao","category-centro-de-tratamento","category-clinica-12-passos","category-clinica-de-internacao-compulsoria","category-clinica-de-reabilitacao","category-clinica-de-recuperacao","category-clinica-de-recuperacao-evangelica","category-comunidade-terapeutica","tag-como-saber-se-uma-pessoa-precisa-de-internacao-por-drogas-clinica-feminina","tag-como-saber-se-uma-pessoa-precisa-de-internacao-por-drogas-clinica-masculina"],"yoast_head":"<!-- This site is optimized with the Yoast SEO Premium plugin v27.6.1 (Yoast SEO v28.2) - https:\/\/yoast.com\/product\/yoast-seo-premium-wordpress\/ -->\n<title>Como Saber se uma Pessoa Precisa de Interna\u00e7\u00e3o por Drogas? - Blog Inter Cl\u00ednicas Litoral<\/title>\n<meta name=\"description\" content=\"Como saber se uma pessoa precisa de interna\u00e7\u00e3o por drogas? Conhe\u00e7a os sinais de alerta, quando a interna\u00e7\u00e3o pode ser indicada e como buscar tratamento para depend\u00eancia qu\u00edmica.\" \/>\n<meta name=\"robots\" content=\"index, follow, max-snippet:-1, max-image-preview:large, max-video-preview:-1\" \/>\n<link rel=\"canonical\" href=\"https:\/\/interclinicaslitoral.com.br\/blog\/como-saber-se-uma-pessoa-precisa-de-internacao-por-drogas\/\" \/>\n<meta property=\"og:locale\" content=\"pt_PT\" \/>\n<meta property=\"og:type\" content=\"article\" \/>\n<meta property=\"og:title\" content=\"Como Saber se uma Pessoa Precisa de Interna\u00e7\u00e3o por Drogas?\" \/>\n<meta property=\"og:description\" content=\"Como saber se uma pessoa precisa de interna\u00e7\u00e3o por drogas? Conhe\u00e7a os sinais de alerta, quando a interna\u00e7\u00e3o pode ser indicada e como buscar tratamento para depend\u00eancia qu\u00edmica.\" \/>\n<meta property=\"og:url\" content=\"https:\/\/interclinicaslitoral.com.br\/blog\/como-saber-se-uma-pessoa-precisa-de-internacao-por-drogas\/\" \/>\n<meta property=\"og:site_name\" content=\"Blog Inter Cl\u00ednicas Litoral\" \/>\n<meta property=\"article:published_time\" content=\"2026-08-17T12:48:31+00:00\" \/>\n<meta name=\"author\" content=\"Mateus Lima\" \/>\n<meta name=\"twitter:card\" content=\"summary_large_image\" \/>\n<meta name=\"twitter:label1\" content=\"Escrito por\" \/>\n\t<meta name=\"twitter:data1\" content=\"Mateus Lima\" \/>\n\t<meta name=\"twitter:label2\" content=\"Tempo estimado de leitura\" \/>\n\t<meta name=\"twitter:data2\" content=\"7 minutos\" \/>\n<script type=\"application\/ld+json\" class=\"yoast-schema-graph\">{\"@context\":\"https:\\\/\\\/schema.org\",\"@graph\":[{\"@type\":\"Article\",\"@id\":\"https:\\\/\\\/interclinicaslitoral.com.br\\\/blog\\\/como-saber-se-uma-pessoa-precisa-de-internacao-por-drogas\\\/#article\",\"isPartOf\":{\"@id\":\"https:\\\/\\\/interclinicaslitoral.com.br\\\/blog\\\/como-saber-se-uma-pessoa-precisa-de-internacao-por-drogas\\\/\"},\"author\":{\"name\":\"Mateus Lima\",\"@id\":\"https:\\\/\\\/interclinicaslitoral.com.br\\\/blog\\\/#\\\/schema\\\/person\\\/25efe000f884103571c66b32e6cdbc80\"},\"headline\":\"Como Saber se uma Pessoa Precisa de Interna\u00e7\u00e3o por Drogas?\",\"datePublished\":\"2026-08-17T12:48:31+00:00\",\"mainEntityOfPage\":{\"@id\":\"https:\\\/\\\/interclinicaslitoral.com.br\\\/blog\\\/como-saber-se-uma-pessoa-precisa-de-internacao-por-drogas\\\/\"},\"wordCount\":1379,\"commentCount\":0,\"keywords\":[\"Como Saber se uma Pessoa Precisa de Interna\u00e7\u00e3o por Drogas? Clinica Feminina\",\"Como Saber se uma Pessoa Precisa de Interna\u00e7\u00e3o por Drogas? Clinica Masculina\"],\"articleSection\":[\"casa de reabilita\u00e7\u00e3o\",\"casa de recupera\u00e7\u00e3o\",\"Centro de tratamento\",\"Clinica 12 passos\",\"Clinica de Interna\u00e7\u00e3o Compuls\u00f3ria\",\"Clinica de reabilita\u00e7\u00e3o\",\"Clinica de recupera\u00e7\u00e3o\",\"Clinica de recupera\u00e7\u00e3o evang\u00e9lica\",\"Comunidade terap\u00eautica\"],\"inLanguage\":\"pt-PT\",\"potentialAction\":[{\"@type\":\"CommentAction\",\"name\":\"Comment\",\"target\":[\"https:\\\/\\\/interclinicaslitoral.com.br\\\/blog\\\/como-saber-se-uma-pessoa-precisa-de-internacao-por-drogas\\\/#respond\"]}]},{\"@type\":\"WebPage\",\"@id\":\"https:\\\/\\\/interclinicaslitoral.com.br\\\/blog\\\/como-saber-se-uma-pessoa-precisa-de-internacao-por-drogas\\\/\",\"url\":\"https:\\\/\\\/interclinicaslitoral.com.br\\\/blog\\\/como-saber-se-uma-pessoa-precisa-de-internacao-por-drogas\\\/\",\"name\":\"Como Saber se uma Pessoa Precisa de Interna\u00e7\u00e3o por Drogas? - Blog Inter Cl\u00ednicas Litoral\",\"isPartOf\":{\"@id\":\"https:\\\/\\\/interclinicaslitoral.com.br\\\/blog\\\/#website\"},\"datePublished\":\"2026-08-17T12:48:31+00:00\",\"author\":{\"@id\":\"https:\\\/\\\/interclinicaslitoral.com.br\\\/blog\\\/#\\\/schema\\\/person\\\/25efe000f884103571c66b32e6cdbc80\"},\"description\":\"Como saber se uma pessoa precisa de interna\u00e7\u00e3o por drogas? Conhe\u00e7a os sinais de alerta, quando a interna\u00e7\u00e3o pode ser indicada e como buscar tratamento para depend\u00eancia qu\u00edmica.\",\"breadcrumb\":{\"@id\":\"https:\\\/\\\/interclinicaslitoral.com.br\\\/blog\\\/como-saber-se-uma-pessoa-precisa-de-internacao-por-drogas\\\/#breadcrumb\"},\"inLanguage\":\"pt-PT\",\"potentialAction\":[{\"@type\":\"ReadAction\",\"target\":[\"https:\\\/\\\/interclinicaslitoral.com.br\\\/blog\\\/como-saber-se-uma-pessoa-precisa-de-internacao-por-drogas\\\/\"]}]},{\"@type\":\"BreadcrumbList\",\"@id\":\"https:\\\/\\\/interclinicaslitoral.com.br\\\/blog\\\/como-saber-se-uma-pessoa-precisa-de-internacao-por-drogas\\\/#breadcrumb\",\"itemListElement\":[{\"@type\":\"ListItem\",\"position\":1,\"name\":\"In\u00edcio\",\"item\":\"https:\\\/\\\/interclinicaslitoral.com.br\\\/blog\\\/\"},{\"@type\":\"ListItem\",\"position\":2,\"name\":\"Como Saber se uma Pessoa Precisa de Interna\u00e7\u00e3o por Drogas?\"}]},{\"@type\":\"WebSite\",\"@id\":\"https:\\\/\\\/interclinicaslitoral.com.br\\\/blog\\\/#website\",\"url\":\"https:\\\/\\\/interclinicaslitoral.com.br\\\/blog\\\/\",\"name\":\"Blog Inter Cl\u00ednicas Litoral\",\"description\":\"Conte\u00fados sobre depend\u00eancia qu\u00edmica, alcoolismo, sa\u00fade mental, apoio familiar e caminhos de cuidado em todo o Litoral Paulista.\",\"potentialAction\":[{\"@type\":\"SearchAction\",\"target\":{\"@type\":\"EntryPoint\",\"urlTemplate\":\"https:\\\/\\\/interclinicaslitoral.com.br\\\/blog\\\/?s={search_term_string}\"},\"query-input\":{\"@type\":\"PropertyValueSpecification\",\"valueRequired\":true,\"valueName\":\"search_term_string\"}}],\"inLanguage\":\"pt-PT\"},{\"@type\":\"Person\",\"@id\":\"https:\\\/\\\/interclinicaslitoral.com.br\\\/blog\\\/#\\\/schema\\\/person\\\/25efe000f884103571c66b32e6cdbc80\",\"name\":\"Mateus Lima\",\"image\":{\"@type\":\"ImageObject\",\"inLanguage\":\"pt-PT\",\"@id\":\"https:\\\/\\\/secure.gravatar.com\\\/avatar\\\/8ee3361f3710b50ec788c884d8bbd3c52dbf13c1bf31d03b9492860d33ca61a9?s=96&d=mm&r=g\",\"url\":\"https:\\\/\\\/secure.gravatar.com\\\/avatar\\\/8ee3361f3710b50ec788c884d8bbd3c52dbf13c1bf31d03b9492860d33ca61a9?s=96&d=mm&r=g\",\"contentUrl\":\"https:\\\/\\\/secure.gravatar.com\\\/avatar\\\/8ee3361f3710b50ec788c884d8bbd3c52dbf13c1bf31d03b9492860d33ca61a9?s=96&d=mm&r=g\",\"caption\":\"Mateus Lima\"},\"url\":\"https:\\\/\\\/interclinicaslitoral.com.br\\\/blog\\\/author\\\/mateus\\\/\"}]}<\/script>\n<!-- \/ Yoast SEO Premium plugin. -->","yoast_head_json":{"title":"Como Saber se uma Pessoa Precisa de Interna\u00e7\u00e3o por Drogas? - Blog Inter Cl\u00ednicas Litoral","description":"Como saber se uma pessoa precisa de interna\u00e7\u00e3o por drogas? Conhe\u00e7a os sinais de alerta, quando a interna\u00e7\u00e3o pode ser indicada e como buscar tratamento para depend\u00eancia qu\u00edmica.","robots":{"index":"index","follow":"follow","max-snippet":"max-snippet:-1","max-image-preview":"max-image-preview:large","max-video-preview":"max-video-preview:-1"},"canonical":"https:\/\/interclinicaslitoral.com.br\/blog\/como-saber-se-uma-pessoa-precisa-de-internacao-por-drogas\/","og_locale":"pt_PT","og_type":"article","og_title":"Como Saber se uma Pessoa Precisa de Interna\u00e7\u00e3o por Drogas?","og_description":"Como saber se uma pessoa precisa de interna\u00e7\u00e3o por drogas? Conhe\u00e7a os sinais de alerta, quando a interna\u00e7\u00e3o pode ser indicada e como buscar tratamento para depend\u00eancia qu\u00edmica.","og_url":"https:\/\/interclinicaslitoral.com.br\/blog\/como-saber-se-uma-pessoa-precisa-de-internacao-por-drogas\/","og_site_name":"Blog Inter Cl\u00ednicas Litoral","article_published_time":"2026-08-17T12:48:31+00:00","author":"Mateus Lima","twitter_card":"summary_large_image","twitter_misc":{"Escrito por":"Mateus Lima","Tempo estimado de leitura":"7 minutos"},"schema":{"@context":"https:\/\/schema.org","@graph":[{"@type":"Article","@id":"https:\/\/interclinicaslitoral.com.br\/blog\/como-saber-se-uma-pessoa-precisa-de-internacao-por-drogas\/#article","isPartOf":{"@id":"https:\/\/interclinicaslitoral.com.br\/blog\/como-saber-se-uma-pessoa-precisa-de-internacao-por-drogas\/"},"author":{"name":"Mateus Lima","@id":"https:\/\/interclinicaslitoral.com.br\/blog\/#\/schema\/person\/25efe000f884103571c66b32e6cdbc80"},"headline":"Como Saber se uma Pessoa Precisa de Interna\u00e7\u00e3o por Drogas?","datePublished":"2026-08-17T12:48:31+00:00","mainEntityOfPage":{"@id":"https:\/\/interclinicaslitoral.com.br\/blog\/como-saber-se-uma-pessoa-precisa-de-internacao-por-drogas\/"},"wordCount":1379,"commentCount":0,"keywords":["Como Saber se uma Pessoa Precisa de Interna\u00e7\u00e3o por Drogas? Clinica Feminina","Como Saber se uma Pessoa Precisa de Interna\u00e7\u00e3o por Drogas? Clinica Masculina"],"articleSection":["casa de reabilita\u00e7\u00e3o","casa de recupera\u00e7\u00e3o","Centro de tratamento","Clinica 12 passos","Clinica de Interna\u00e7\u00e3o Compuls\u00f3ria","Clinica de reabilita\u00e7\u00e3o","Clinica de recupera\u00e7\u00e3o","Clinica de recupera\u00e7\u00e3o evang\u00e9lica","Comunidade terap\u00eautica"],"inLanguage":"pt-PT","potentialAction":[{"@type":"CommentAction","name":"Comment","target":["https:\/\/interclinicaslitoral.com.br\/blog\/como-saber-se-uma-pessoa-precisa-de-internacao-por-drogas\/#respond"]}]},{"@type":"WebPage","@id":"https:\/\/interclinicaslitoral.com.br\/blog\/como-saber-se-uma-pessoa-precisa-de-internacao-por-drogas\/","url":"https:\/\/interclinicaslitoral.com.br\/blog\/como-saber-se-uma-pessoa-precisa-de-internacao-por-drogas\/","name":"Como Saber se uma Pessoa Precisa de Interna\u00e7\u00e3o por Drogas? - Blog Inter Cl\u00ednicas Litoral","isPartOf":{"@id":"https:\/\/interclinicaslitoral.com.br\/blog\/#website"},"datePublished":"2026-08-17T12:48:31+00:00","author":{"@id":"https:\/\/interclinicaslitoral.com.br\/blog\/#\/schema\/person\/25efe000f884103571c66b32e6cdbc80"},"description":"Como saber se uma pessoa precisa de interna\u00e7\u00e3o por drogas? Conhe\u00e7a os sinais de alerta, quando a interna\u00e7\u00e3o pode ser indicada e como buscar tratamento para depend\u00eancia qu\u00edmica.","breadcrumb":{"@id":"https:\/\/interclinicaslitoral.com.br\/blog\/como-saber-se-uma-pessoa-precisa-de-internacao-por-drogas\/#breadcrumb"},"inLanguage":"pt-PT","potentialAction":[{"@type":"ReadAction","target":["https:\/\/interclinicaslitoral.com.br\/blog\/como-saber-se-uma-pessoa-precisa-de-internacao-por-drogas\/"]}]},{"@type":"BreadcrumbList","@id":"https:\/\/interclinicaslitoral.com.br\/blog\/como-saber-se-uma-pessoa-precisa-de-internacao-por-drogas\/#breadcrumb","itemListElement":[{"@type":"ListItem","position":1,"name":"In\u00edcio","item":"https:\/\/interclinicaslitoral.com.br\/blog\/"},{"@type":"ListItem","position":2,"name":"Como Saber se uma Pessoa Precisa de Interna\u00e7\u00e3o por Drogas?"}]},{"@type":"WebSite","@id":"https:\/\/interclinicaslitoral.com.br\/blog\/#website","url":"https:\/\/interclinicaslitoral.com.br\/blog\/","name":"Blog Inter Cl\u00ednicas Litoral","description":"Conte\u00fados sobre depend\u00eancia qu\u00edmica, alcoolismo, sa\u00fade mental, apoio familiar e caminhos de cuidado em todo o Litoral Paulista.","potentialAction":[{"@type":"SearchAction","target":{"@type":"EntryPoint","urlTemplate":"https:\/\/interclinicaslitoral.com.br\/blog\/?s={search_term_string}"},"query-input":{"@type":"PropertyValueSpecification","valueRequired":true,"valueName":"search_term_string"}}],"inLanguage":"pt-PT"},{"@type":"Person","@id":"https:\/\/interclinicaslitoral.com.br\/blog\/#\/schema\/person\/25efe000f884103571c66b32e6cdbc80","name":"Mateus Lima","image":{"@type":"ImageObject","inLanguage":"pt-PT","@id":"https:\/\/secure.gravatar.com\/avatar\/8ee3361f3710b50ec788c884d8bbd3c52dbf13c1bf31d03b9492860d33ca61a9?s=96&d=mm&r=g","url":"https:\/\/secure.gravatar.com\/avatar\/8ee3361f3710b50ec788c884d8bbd3c52dbf13c1bf31d03b9492860d33ca61a9?s=96&d=mm&r=g","contentUrl":"https:\/\/secure.gravatar.com\/avatar\/8ee3361f3710b50ec788c884d8bbd3c52dbf13c1bf31d03b9492860d33ca61a9?s=96&d=mm&r=g","caption":"Mateus Lima"},"url":"https:\/\/interclinicaslitoral.com.br\/blog\/author\/mateus\/"}]}},"_links":{"self":[{"href":"https:\/\/interclinicaslitoral.com.br\/blog\/wp-json\/wp\/v2\/posts\/10084","targetHints":{"allow":["GET"]}}],"collection":[{"href":"https:\/\/interclinicaslitoral.com.br\/blog\/wp-json\/wp\/v2\/posts"}],"about":[{"href":"https:\/\/interclinicaslitoral.com.br\/blog\/wp-json\/wp\/v2\/types\/post"}],"author":[{"embeddable":true,"href":"https:\/\/interclinicaslitoral.com.br\/blog\/wp-json\/wp\/v2\/users\/3"}],"replies":[{"embeddable":true,"href":"https:\/\/interclinicaslitoral.com.br\/blog\/wp-json\/wp\/v2\/comments?post=10084"}],"version-history":[{"count":1,"href":"https:\/\/interclinicaslitoral.com.br\/blog\/wp-json\/wp\/v2\/posts\/10084\/revisions"}],"predecessor-version":[{"id":10085,"href":"https:\/\/interclinicaslitoral.com.br\/blog\/wp-json\/wp\/v2\/posts\/10084\/revisions\/10085"}],"wp:attachment":[{"href":"https:\/\/interclinicaslitoral.com.br\/blog\/wp-json\/wp\/v2\/media?parent=10084"}],"wp:term":[{"taxonomy":"category","embeddable":true,"href":"https:\/\/interclinicaslitoral.com.br\/blog\/wp-json\/wp\/v2\/categories?post=10084"},{"taxonomy":"post_tag","embeddable":true,"href":"https:\/\/interclinicaslitoral.com.br\/blog\/wp-json\/wp\/v2\/tags?post=10084"}],"curies":[{"name":"wp","href":"https:\/\/api.w.org\/{rel}","templated":true}]}}