{"id":10082,"date":"2026-08-17T09:32:42","date_gmt":"2026-08-17T12:32:42","guid":{"rendered":"https:\/\/interclinicaslitoral.com.br\/blog\/?p=10082"},"modified":"2026-08-17T09:32:42","modified_gmt":"2026-08-17T12:32:42","slug":"quanto-tempo-dura-o-tratamento-para-dependencia-quimica","status":"publish","type":"post","link":"https:\/\/interclinicaslitoral.com.br\/blog\/quanto-tempo-dura-o-tratamento-para-dependencia-quimica\/","title":{"rendered":"Quanto Tempo Dura o Tratamento para Depend\u00eancia Qu\u00edmica?"},"content":{"rendered":"<div class=\"\" data-turn-id-container=\"a0e72019-c105-4bcd-b0f9-928cbd4c369d\" data-is-intersecting=\"true\"><\/div>\n<div class=\"\" data-turn-id-container=\"request-69cd263b-eef4-83e9-9b8d-4fb713aa103d-1\" data-is-intersecting=\"true\">\n<section class=\"text-token-text-primary w-full focus:outline-none has-data-writing-block:pointer-events-none [&amp;:has([data-writing-block])&gt;*]:pointer-events-auto R6Vx5W_threadScrollVars scroll-mb-[calc(var(--scroll-root-safe-area-inset-bottom,0px)+var(--thread-response-height))] scroll-mt-[calc(var(--header-height)+min(200px,max(70px,20svh)))]\" dir=\"auto\" data-turn-id=\"request-69cd263b-eef4-83e9-9b8d-4fb713aa103d-1\" data-turn-id-container=\"request-69cd263b-eef4-83e9-9b8d-4fb713aa103d-1\" data-testid=\"conversation-turn-519\" data-turn=\"assistant\">\n<div class=\"text-base my-auto mx-auto pb-8 [--thread-content-margin:var(--thread-content-margin-xs,calc(var(--spacing)*4))] @w-sm\/main:[--thread-content-margin:var(--thread-content-margin-sm,calc(var(--spacing)*6))] @w-lg\/main:[--thread-content-margin:var(--thread-content-margin-lg,calc(var(--spacing)*16))] px-(--thread-content-margin)\">\n<div class=\"[--thread-content-max-width:40rem] @w-lg\/main:[--thread-content-max-width:48rem] mx-auto max-w-(--thread-content-max-width) flex-1 group\/turn-messages focus-visible:outline-hidden relative flex w-full min-w-0 flex-col agent-turn\" data-conversation-screenshot-content=\"\">\n<div class=\"flex max-w-full flex-col gap-4 grow\">\n<div class=\"min-h-8 text-message relative flex w-full flex-col items-end gap-2 text-start break-words whitespace-normal outline-none keyboard-focused:focus-ring [.text-message+&amp;]:mt-1\" dir=\"auto\" tabindex=\"0\" data-message-author-role=\"assistant\" data-message-id=\"5a347182-03a9-467a-9ca0-291d475714a5\" data-message-model-slug=\"gpt-5-6\" data-turn-start-message=\"true\">\n<div class=\"flex w-full flex-col gap-1 empty:hidden\">\n<div class=\"markdown prose dark:prose-invert wrap-break-word w-full light markdown-new-styling\">\n<h1 data-section-id=\"1suumc4\" data-start=\"0\" data-end=\"58\">Quanto Tempo Dura o Tratamento para Depend\u00eancia Qu\u00edmica?<\/h1>\n<p data-start=\"60\" data-end=\"277\">Uma das principais d\u00favidas de quem procura ajuda para um familiar \u00e9: <strong data-start=\"129\" data-end=\"189\">quanto tempo dura o tratamento para depend\u00eancia qu\u00edmica?<\/strong> A resposta varia porque n\u00e3o existe um per\u00edodo \u00fanico que funcione para todas as pessoas.<\/p>\n<p data-start=\"279\" data-end=\"612\">A dura\u00e7\u00e3o depende da subst\u00e2ncia utilizada, intensidade e tempo de consumo, condi\u00e7\u00f5es f\u00edsicas e emocionais, ambiente familiar, hist\u00f3rico de reca\u00eddas e evolu\u00e7\u00e3o durante o acompanhamento. Em muitos casos, \u00e9 mais adequado entender a recupera\u00e7\u00e3o como um <strong data-start=\"528\" data-end=\"549\">processo cont\u00ednuo<\/strong>, e n\u00e3o como um tratamento que termina em uma data determinada.<\/p>\n<h2 data-section-id=\"1uulc58\" data-start=\"614\" data-end=\"654\">Existe um tempo m\u00ednimo de tratamento?<\/h2>\n<p data-start=\"656\" data-end=\"761\">N\u00e3o existe um prazo universal que determine quanto tempo todas as pessoas devem permanecer em tratamento.<\/p>\n<p data-start=\"763\" data-end=\"965\">Algumas podem apresentar boa evolu\u00e7\u00e3o em um programa ambulatorial, enquanto outras necessitam de acompanhamento mais intensivo e prolongado. O plano deve ser individualizado e periodicamente reavaliado.<\/p>\n<p data-start=\"967\" data-end=\"1101\">Por isso, promessas como <strong data-start=\"992\" data-end=\"1013\">\u201ccura em 30 dias\u201d<\/strong> ou garantias de recupera\u00e7\u00e3o dentro de determinado per\u00edodo devem ser vistas com cautela.<\/p>\n<h2 data-section-id=\"nmkkpd\" data-start=\"1103\" data-end=\"1146\">O que determina a dura\u00e7\u00e3o do tratamento?<\/h2>\n<p data-start=\"1148\" data-end=\"1214\">Diversos fatores podem influenciar o tempo necess\u00e1rio, entre eles:<\/p>\n<ul data-start=\"1216\" data-end=\"1526\">\n<li data-section-id=\"1kzvryf\" data-start=\"1216\" data-end=\"1247\">Tipo de subst\u00e2ncia utilizada;<\/li>\n<li data-section-id=\"18mh9tl\" data-start=\"1248\" data-end=\"1285\">Frequ\u00eancia e quantidade de consumo;<\/li>\n<li data-section-id=\"14dmoc8\" data-start=\"1286\" data-end=\"1301\">Tempo de uso;<\/li>\n<li data-section-id=\"1k4wjft\" data-start=\"1302\" data-end=\"1342\">Depend\u00eancia de mais de uma subst\u00e2ncia;<\/li>\n<li data-section-id=\"wmwjy0\" data-start=\"1343\" data-end=\"1363\">Condi\u00e7\u00f5es f\u00edsicas;<\/li>\n<li data-section-id=\"1asyjfp\" data-start=\"1364\" data-end=\"1379\">Sa\u00fade mental;<\/li>\n<li data-section-id=\"5opuaq\" data-start=\"1380\" data-end=\"1418\">Hist\u00f3rico de tratamentos anteriores;<\/li>\n<li data-section-id=\"ilaajh\" data-start=\"1419\" data-end=\"1440\">N\u00famero de reca\u00eddas;<\/li>\n<li data-section-id=\"firjlq\" data-start=\"1441\" data-end=\"1458\">Apoio familiar;<\/li>\n<li data-section-id=\"1g4uvmd\" data-start=\"1459\" data-end=\"1479\">Condi\u00e7\u00f5es sociais;<\/li>\n<li data-section-id=\"1xfs5cd\" data-start=\"1480\" data-end=\"1503\">Ades\u00e3o ao tratamento;<\/li>\n<li data-section-id=\"19y0eg1\" data-start=\"1504\" data-end=\"1526\">Evolu\u00e7\u00e3o individual.<\/li>\n<\/ul>\n<p data-start=\"1528\" data-end=\"1645\">Duas pessoas que utilizam a mesma droga podem precisar de estrat\u00e9gias e tempos de acompanhamento bastante diferentes.<\/p>\n<h2 data-section-id=\"1rzz2n0\" data-start=\"1647\" data-end=\"1688\">Como funciona o tratamento por etapas?<\/h2>\n<p data-start=\"1690\" data-end=\"1777\">Embora cada plano seja individualizado, o processo pode ser dividido em algumas etapas.<\/p>\n<h3 data-section-id=\"ogwikp\" data-start=\"1779\" data-end=\"1803\">1. Avalia\u00e7\u00e3o inicial<\/h3>\n<p data-start=\"1805\" data-end=\"1857\">O primeiro passo \u00e9 compreender a situa\u00e7\u00e3o da pessoa.<\/p>\n<p data-start=\"1859\" data-end=\"2029\">S\u00e3o avaliados o hist\u00f3rico de consumo, condi\u00e7\u00f5es de sa\u00fade, aspectos emocionais, uso de medicamentos, tratamentos anteriores, ambiente familiar e outros fatores relevantes.<\/p>\n<p data-start=\"2031\" data-end=\"2113\">A partir dessas informa\u00e7\u00f5es, pode ser definido o n\u00edvel de cuidado mais apropriado.<\/p>\n<h3 data-section-id=\"1bklosd\" data-start=\"2115\" data-end=\"2172\">2. Desintoxica\u00e7\u00e3o e estabiliza\u00e7\u00e3o, quando necess\u00e1rias<\/h3>\n<p data-start=\"2174\" data-end=\"2309\">Dependendo da subst\u00e2ncia e das condi\u00e7\u00f5es da pessoa, pode existir necessidade de acompanhamento m\u00e9dico durante a interrup\u00e7\u00e3o do consumo.<\/p>\n<p data-start=\"2311\" data-end=\"2368\">Essa etapa n\u00e3o deve ser confundida com todo o tratamento.<\/p>\n<p data-start=\"2370\" data-end=\"2579\"><strong data-start=\"2370\" data-end=\"2435\">Parar de usar a subst\u00e2ncia \u00e9 apenas uma parte da recupera\u00e7\u00e3o.<\/strong> Depois da estabiliza\u00e7\u00e3o, ainda \u00e9 necess\u00e1rio trabalhar comportamentos, gatilhos, sa\u00fade emocional e estrat\u00e9gias para evitar o retorno ao consumo.<\/p>\n<h3 data-section-id=\"1newyvc\" data-start=\"2581\" data-end=\"2610\">3. Tratamento terap\u00eautico<\/h3>\n<p data-start=\"2612\" data-end=\"2666\">Essa costuma ser uma etapa importante e pode envolver:<\/p>\n<ul data-start=\"2668\" data-end=\"2929\">\n<li data-section-id=\"1doe85r\" data-start=\"2668\" data-end=\"2683\">Psicoterapia;<\/li>\n<li data-section-id=\"3ka1g\" data-start=\"2684\" data-end=\"2709\">Atendimento individual;<\/li>\n<li data-section-id=\"i1i01c\" data-start=\"2710\" data-end=\"2732\">Atividades em grupo;<\/li>\n<li data-section-id=\"12q41dt\" data-start=\"2733\" data-end=\"2789\">Acompanhamento m\u00e9dico ou psiqui\u00e1trico quando indicado;<\/li>\n<li data-section-id=\"loraxl\" data-start=\"2790\" data-end=\"2827\">Educa\u00e7\u00e3o sobre depend\u00eancia qu\u00edmica;<\/li>\n<li data-section-id=\"yjfu9h\" data-start=\"2828\" data-end=\"2852\">Organiza\u00e7\u00e3o da rotina;<\/li>\n<li data-section-id=\"1us9uss\" data-start=\"2853\" data-end=\"2886\">Desenvolvimento de habilidades;<\/li>\n<li data-section-id=\"firjlq\" data-start=\"2887\" data-end=\"2904\">Apoio familiar;<\/li>\n<li data-section-id=\"wij9dk\" data-start=\"2905\" data-end=\"2929\">Preven\u00e7\u00e3o de reca\u00eddas.<\/li>\n<\/ul>\n<p data-start=\"2931\" data-end=\"2978\">A dura\u00e7\u00e3o depender\u00e1 da evolu\u00e7\u00e3o de cada pessoa.<\/p>\n<h2 data-section-id=\"bimifm\" data-start=\"2980\" data-end=\"3016\">Quanto tempo dura uma interna\u00e7\u00e3o?<\/h2>\n<p data-start=\"3018\" data-end=\"3131\">Quando uma interna\u00e7\u00e3o \u00e9 clinicamente indicada, <strong data-start=\"3065\" data-end=\"3130\">n\u00e3o existe um n\u00famero de dias adequado para todos os pacientes<\/strong>.<\/p>\n<p data-start=\"3133\" data-end=\"3281\">O per\u00edodo deve considerar a finalidade da interna\u00e7\u00e3o, evolu\u00e7\u00e3o cl\u00ednica, seguran\u00e7a, resposta ao tratamento e planejamento da continuidade do cuidado.<\/p>\n<p data-start=\"3283\" data-end=\"3448\">Al\u00e9m disso, nem toda pessoa com depend\u00eancia qu\u00edmica necessita ser internada. Muitos casos podem receber acompanhamento ambulatorial ou outras modalidades de cuidado.<\/p>\n<h2 data-section-id=\"ac3v1r\" data-start=\"3450\" data-end=\"3499\">30, 60, 90 ou 180 dias: qual per\u00edodo \u00e9 melhor?<\/h2>\n<p data-start=\"3501\" data-end=\"3664\">\u00c9 comum encontrar institui\u00e7\u00f5es oferecendo programas organizados nesses per\u00edodos. Por\u00e9m, esses n\u00fameros n\u00e3o devem ser interpretados como uma garantia de recupera\u00e7\u00e3o.<\/p>\n<p data-start=\"3666\" data-end=\"3827\">Uma pessoa pode precisar de um per\u00edodo intensivo relativamente curto seguido de acompanhamento prolongado. Outra pode necessitar de um programa mais estruturado.<\/p>\n<p data-start=\"3829\" data-end=\"3894\">A pergunta mais importante n\u00e3o \u00e9 apenas <strong data-start=\"3869\" data-end=\"3888\">\u201cquantos dias?\u201d<\/strong>, mas:<\/p>\n<p data-start=\"3896\" data-end=\"3978\"><strong data-start=\"3896\" data-end=\"3978\">\u201cQual tratamento essa pessoa precisa agora e como ser\u00e1 a continuidade depois?\u201d<\/strong><\/p>\n<h2 data-section-id=\"krdcc3\" data-start=\"3980\" data-end=\"4030\">Quanto tempo dura o tratamento para alcoolismo?<\/h2>\n<p data-start=\"4032\" data-end=\"4067\">Tamb\u00e9m n\u00e3o existe um per\u00edodo \u00fanico.<\/p>\n<p data-start=\"4069\" data-end=\"4290\">Em pessoas com depend\u00eancia f\u00edsica importante do \u00e1lcool, a primeira preocupa\u00e7\u00e3o pode ser realizar uma interrup\u00e7\u00e3o segura do consumo. A abstin\u00eancia alco\u00f3lica pode ser grave em determinados casos e exigir atendimento m\u00e9dico.<\/p>\n<p data-start=\"4292\" data-end=\"4443\">Depois dessa fase, o acompanhamento pode continuar com psicoterapia, atendimento especializado, grupos de apoio e estrat\u00e9gias de preven\u00e7\u00e3o de reca\u00eddas.<\/p>\n<h2 data-section-id=\"1txjn20\" data-start=\"4445\" data-end=\"4500\">Quanto tempo dura o tratamento para coca\u00edna e crack?<\/h2>\n<p data-start=\"4502\" data-end=\"4584\">O tratamento da depend\u00eancia de coca\u00edna ou crack tamb\u00e9m varia conforme cada pessoa.<\/p>\n<p data-start=\"4586\" data-end=\"4723\">A interrup\u00e7\u00e3o do consumo n\u00e3o significa que a compuls\u00e3o, os gatilhos e os comportamentos relacionados \u00e0 droga desaparecer\u00e3o imediatamente.<\/p>\n<p data-start=\"4725\" data-end=\"4828\">Por isso, o acompanhamento pode continuar mesmo depois de a pessoa permanecer algum tempo sem consumir.<\/p>\n<p data-start=\"4830\" data-end=\"4941\">O objetivo \u00e9 desenvolver estrat\u00e9gias que possam ser utilizadas na vida cotidiana e reduzir o risco de reca\u00eddas.<\/p>\n<h2 data-section-id=\"1g98wm3\" data-start=\"4943\" data-end=\"4973\">E a comunidade terap\u00eautica?<\/h2>\n<p data-start=\"4975\" data-end=\"5089\">O per\u00edodo de acolhimento em uma comunidade terap\u00eautica n\u00e3o deve ser confundido com a dura\u00e7\u00e3o total da recupera\u00e7\u00e3o.<\/p>\n<p data-start=\"5091\" data-end=\"5228\">Mesmo depois da sa\u00edda, pode ser necess\u00e1rio continuar o acompanhamento na rede de sa\u00fade, psicoterapia, grupos de apoio ou outros servi\u00e7os.<\/p>\n<p data-start=\"5230\" data-end=\"5418\">A comunidade terap\u00eautica tamb\u00e9m possui caracter\u00edsticas diferentes de hospital ou cl\u00ednica m\u00e9dica e n\u00e3o deve substituir atendimento de sa\u00fade quando a pessoa necessita desse n\u00edvel de cuidado.<\/p>\n<h2 data-section-id=\"4lfg49\" data-start=\"5420\" data-end=\"5453\">O que acontece depois da alta?<\/h2>\n<p data-start=\"5455\" data-end=\"5506\">Essa \u00e9 uma das partes mais importantes do processo.<\/p>\n<p data-start=\"5508\" data-end=\"5614\">A sa\u00edda de uma cl\u00ednica, hospital ou outro servi\u00e7o n\u00e3o significa necessariamente que o tratamento terminou.<\/p>\n<p data-start=\"5616\" data-end=\"5645\">A continuidade pode envolver:<\/p>\n<ul data-start=\"5647\" data-end=\"5914\">\n<li data-section-id=\"1doe85r\" data-start=\"5647\" data-end=\"5662\">Psicoterapia;<\/li>\n<li data-section-id=\"9zbgyf\" data-start=\"5663\" data-end=\"5673\">CAPS AD;<\/li>\n<li data-section-id=\"hhr8xl\" data-start=\"5674\" data-end=\"5728\">Consultas m\u00e9dicas ou psiqui\u00e1tricas quando indicadas;<\/li>\n<li data-section-id=\"1pbjb3a\" data-start=\"5729\" data-end=\"5747\">Grupos de apoio;<\/li>\n<li data-section-id=\"wij9d9\" data-start=\"5748\" data-end=\"5772\">Preven\u00e7\u00e3o de reca\u00eddas;<\/li>\n<li data-section-id=\"1ny7l3\" data-start=\"5773\" data-end=\"5795\">Orienta\u00e7\u00e3o familiar;<\/li>\n<li data-section-id=\"15258iz\" data-start=\"5796\" data-end=\"5822\">Reinser\u00e7\u00e3o profissional;<\/li>\n<li data-section-id=\"1yq1nr2\" data-start=\"5823\" data-end=\"5845\">Retorno aos estudos;<\/li>\n<li data-section-id=\"rwi3gv\" data-start=\"5846\" data-end=\"5877\">Atividades f\u00edsicas e sociais;<\/li>\n<li data-section-id=\"12o1eg5\" data-start=\"5878\" data-end=\"5914\">Constru\u00e7\u00e3o de uma rotina saud\u00e1vel.<\/li>\n<\/ul>\n<p data-start=\"5916\" data-end=\"6044\">Esse acompanhamento ajuda a pessoa a aplicar fora do ambiente de tratamento aquilo que desenvolveu durante as etapas anteriores.<\/p>\n<h2 data-section-id=\"ov1mq9\" data-start=\"6046\" data-end=\"6095\">Uma reca\u00edda significa que o tratamento falhou?<\/h2>\n<p data-start=\"6097\" data-end=\"6117\">N\u00e3o necessariamente.<\/p>\n<p data-start=\"6119\" data-end=\"6303\">Uma reca\u00edda indica que o plano de cuidado precisa ser revisto. \u00c9 importante identificar o que aconteceu, quais gatilhos estavam presentes e quais estrat\u00e9gias precisam ser fortalecidas.<\/p>\n<p data-start=\"6305\" data-end=\"6427\">Em vez de abandonar o tratamento, o ideal \u00e9 procurar novamente os profissionais respons\u00e1veis e reavaliar o acompanhamento.<\/p>\n<h2 data-section-id=\"1wb8jqn\" data-start=\"6429\" data-end=\"6477\">A fam\u00edlia influencia no tempo de recupera\u00e7\u00e3o?<\/h2>\n<p data-start=\"6479\" data-end=\"6537\">O apoio familiar pode contribuir bastante para o processo.<\/p>\n<p data-start=\"6539\" data-end=\"6735\">Familiares podem ajudar respeitando o plano terap\u00eautico, estabelecendo limites adequados, incentivando a continuidade do acompanhamento e evitando comportamentos que facilitem novamente o consumo.<\/p>\n<p data-start=\"6737\" data-end=\"6798\">A pr\u00f3pria fam\u00edlia tamb\u00e9m pode precisar de orienta\u00e7\u00e3o e apoio.<\/p>\n<h2 data-section-id=\"r7xmes\" data-start=\"6800\" data-end=\"6847\">Como saber se o tratamento est\u00e1 funcionando?<\/h2>\n<p data-start=\"6849\" data-end=\"6930\">O progresso n\u00e3o deve ser avaliado apenas pelo n\u00famero de dias sem consumir drogas.<\/p>\n<p data-start=\"6932\" data-end=\"6972\">Outros sinais importantes podem incluir:<\/p>\n<ul data-start=\"6974\" data-end=\"7294\">\n<li data-section-id=\"bbfhlh\" data-start=\"6974\" data-end=\"7003\">Maior ades\u00e3o ao tratamento;<\/li>\n<li data-section-id=\"1t31llw\" data-start=\"7004\" data-end=\"7035\">Melhor organiza\u00e7\u00e3o da rotina;<\/li>\n<li data-section-id=\"xl0vxh\" data-start=\"7036\" data-end=\"7075\">Reconstru\u00e7\u00e3o dos v\u00ednculos familiares;<\/li>\n<li data-section-id=\"1b9ii6f\" data-start=\"7076\" data-end=\"7117\">Maior capacidade de lidar com gatilhos;<\/li>\n<li data-section-id=\"18mx76e\" data-start=\"7118\" data-end=\"7143\">Melhora do autocuidado;<\/li>\n<li data-section-id=\"1sbq4a1\" data-start=\"7144\" data-end=\"7183\">Retorno gradual \u00e0s responsabilidades;<\/li>\n<li data-section-id=\"3kpf4g\" data-start=\"7184\" data-end=\"7244\">Desenvolvimento de estrat\u00e9gias para preven\u00e7\u00e3o de reca\u00eddas;<\/li>\n<li data-section-id=\"1geq7ce\" data-start=\"7245\" data-end=\"7294\">Melhora do funcionamento social e profissional.<\/li>\n<\/ul>\n<p data-start=\"7296\" data-end=\"7361\">A evolu\u00e7\u00e3o deve ser acompanhada pelos profissionais respons\u00e1veis.<\/p>\n<h2 data-section-id=\"1smlmnn\" data-start=\"7363\" data-end=\"7416\">Onde procurar tratamento para depend\u00eancia qu\u00edmica?<\/h2>\n<p data-start=\"7418\" data-end=\"7515\">No Brasil, \u00e9 poss\u00edvel procurar atendimento tanto na rede p\u00fablica quanto em servi\u00e7os particulares.<\/p>\n<p data-start=\"7517\" data-end=\"7720\">Pelo SUS, <strong data-start=\"7527\" data-end=\"7544\">UBS e CAPS AD<\/strong> podem fazer parte da rede de cuidado para pessoas com problemas relacionados ao \u00e1lcool e outras drogas. Dependendo da situa\u00e7\u00e3o, outros servi\u00e7os de sa\u00fade podem ser necess\u00e1rios.<\/p>\n<p data-start=\"7722\" data-end=\"7897\">Quem procura atendimento particular deve verificar a regularidade da institui\u00e7\u00e3o, equipe profissional, estrutura, modalidade de atendimento e planejamento para depois da alta.<\/p>\n<h2 data-section-id=\"bjelue\" data-start=\"7899\" data-end=\"7966\">Afinal, quanto tempo dura o tratamento para depend\u00eancia qu\u00edmica?<\/h2>\n<p data-start=\"7968\" data-end=\"8070\">A resposta mais adequada \u00e9: <strong data-start=\"7996\" data-end=\"8069\">o tempo necess\u00e1rio depende de cada pessoa e da evolu\u00e7\u00e3o do tratamento<\/strong>.<\/p>\n<p data-start=\"8072\" data-end=\"8267\">Pode existir uma fase intensiva com dura\u00e7\u00e3o determinada, mas a recupera\u00e7\u00e3o frequentemente continua por muito mais tempo por meio de acompanhamento, preven\u00e7\u00e3o de reca\u00eddas e reconstru\u00e7\u00e3o da rotina.<\/p>\n<p data-start=\"8269\" data-end=\"8431\">Mais importante do que estabelecer uma contagem de dias \u00e9 desenvolver um <strong data-start=\"8342\" data-end=\"8430\">plano de tratamento individualizado, seguro e com continuidade ap\u00f3s a fase intensiva<\/strong>.<\/p>\n<\/div>\n<\/div>\n<\/div>\n<\/div>\n<\/div>\n<\/div>\n<\/section>\n<\/div>\n","protected":false},"excerpt":{"rendered":"<p>Quanto Tempo Dura o Tratamento para Depend\u00eancia Qu\u00edmica? Uma das principais d\u00favidas de quem procura ajuda para um familiar \u00e9: quanto tempo dura o\u2026<\/p>\n","protected":false},"author":3,"featured_media":0,"comment_status":"open","ping_status":"open","sticky":false,"template":"","format":"standard","meta":{"footnotes":""},"categories":[144,137,119,133,131,145],"tags":[334,335],"class_list":["post-10082","post","type-post","status-publish","format-standard","hentry","category-clinica-12-passos","category-clinica-de-internacao-compulsoria","category-clinica-de-reabilitacao","category-clinica-de-recuperacao","category-clinica-de-recuperacao-evangelica","category-clinica-involuntaria","tag-quanto-tempo-dura-o-tratamento-para-dependencia-quimica-unidade-feminina","tag-quanto-tempo-dura-o-tratamento-para-dependencia-quimica-unidade-masculina"],"yoast_head":"<!-- This site is optimized with the Yoast SEO Premium plugin v27.6.1 (Yoast SEO v28.2) - https:\/\/yoast.com\/product\/yoast-seo-premium-wordpress\/ -->\n<title>Quanto Tempo Dura o Tratamento para Depend\u00eancia Qu\u00edmica? - Blog Inter Cl\u00ednicas Litoral<\/title>\n<meta name=\"description\" content=\"Quanto tempo dura o tratamento para depend\u00eancia qu\u00edmica? Entenda a dura\u00e7\u00e3o da interna\u00e7\u00e3o, etapas da recupera\u00e7\u00e3o, tratamento para \u00e1lcool e drogas e cuidados ap\u00f3s a alta.\" \/>\n<meta name=\"robots\" content=\"index, follow, max-snippet:-1, max-image-preview:large, max-video-preview:-1\" \/>\n<link rel=\"canonical\" href=\"https:\/\/interclinicaslitoral.com.br\/blog\/quanto-tempo-dura-o-tratamento-para-dependencia-quimica\/\" \/>\n<meta property=\"og:locale\" content=\"pt_PT\" \/>\n<meta property=\"og:type\" content=\"article\" \/>\n<meta property=\"og:title\" content=\"Quanto Tempo Dura o Tratamento para Depend\u00eancia Qu\u00edmica?\" \/>\n<meta property=\"og:description\" content=\"Quanto tempo dura o tratamento para depend\u00eancia qu\u00edmica? Entenda a dura\u00e7\u00e3o da interna\u00e7\u00e3o, etapas da recupera\u00e7\u00e3o, tratamento para \u00e1lcool e drogas e cuidados ap\u00f3s a alta.\" \/>\n<meta property=\"og:url\" content=\"https:\/\/interclinicaslitoral.com.br\/blog\/quanto-tempo-dura-o-tratamento-para-dependencia-quimica\/\" \/>\n<meta property=\"og:site_name\" content=\"Blog Inter Cl\u00ednicas Litoral\" \/>\n<meta property=\"article:published_time\" content=\"2026-08-17T12:32:42+00:00\" \/>\n<meta name=\"author\" content=\"Mateus Lima\" \/>\n<meta name=\"twitter:card\" content=\"summary_large_image\" \/>\n<meta name=\"twitter:label1\" content=\"Escrito por\" \/>\n\t<meta name=\"twitter:data1\" content=\"Mateus Lima\" \/>\n\t<meta name=\"twitter:label2\" content=\"Tempo estimado de leitura\" \/>\n\t<meta name=\"twitter:data2\" content=\"7 minutos\" \/>\n<script type=\"application\/ld+json\" class=\"yoast-schema-graph\">{\"@context\":\"https:\\\/\\\/schema.org\",\"@graph\":[{\"@type\":\"Article\",\"@id\":\"https:\\\/\\\/interclinicaslitoral.com.br\\\/blog\\\/quanto-tempo-dura-o-tratamento-para-dependencia-quimica\\\/#article\",\"isPartOf\":{\"@id\":\"https:\\\/\\\/interclinicaslitoral.com.br\\\/blog\\\/quanto-tempo-dura-o-tratamento-para-dependencia-quimica\\\/\"},\"author\":{\"name\":\"Mateus Lima\",\"@id\":\"https:\\\/\\\/interclinicaslitoral.com.br\\\/blog\\\/#\\\/schema\\\/person\\\/25efe000f884103571c66b32e6cdbc80\"},\"headline\":\"Quanto Tempo Dura o Tratamento para Depend\u00eancia Qu\u00edmica?\",\"datePublished\":\"2026-08-17T12:32:42+00:00\",\"mainEntityOfPage\":{\"@id\":\"https:\\\/\\\/interclinicaslitoral.com.br\\\/blog\\\/quanto-tempo-dura-o-tratamento-para-dependencia-quimica\\\/\"},\"wordCount\":1346,\"commentCount\":0,\"keywords\":[\"Quanto Tempo Dura o Tratamento para Depend\u00eancia Qu\u00edmica? Unidade Feminina\",\"Quanto Tempo Dura o Tratamento para Depend\u00eancia Qu\u00edmica? Unidade Masculina\"],\"articleSection\":[\"Clinica 12 passos\",\"Clinica de Interna\u00e7\u00e3o Compuls\u00f3ria\",\"Clinica de reabilita\u00e7\u00e3o\",\"Clinica de recupera\u00e7\u00e3o\",\"Clinica de recupera\u00e7\u00e3o evang\u00e9lica\",\"Clinica Involunt\u00e1ria\"],\"inLanguage\":\"pt-PT\",\"potentialAction\":[{\"@type\":\"CommentAction\",\"name\":\"Comment\",\"target\":[\"https:\\\/\\\/interclinicaslitoral.com.br\\\/blog\\\/quanto-tempo-dura-o-tratamento-para-dependencia-quimica\\\/#respond\"]}]},{\"@type\":\"WebPage\",\"@id\":\"https:\\\/\\\/interclinicaslitoral.com.br\\\/blog\\\/quanto-tempo-dura-o-tratamento-para-dependencia-quimica\\\/\",\"url\":\"https:\\\/\\\/interclinicaslitoral.com.br\\\/blog\\\/quanto-tempo-dura-o-tratamento-para-dependencia-quimica\\\/\",\"name\":\"Quanto Tempo Dura o Tratamento para Depend\u00eancia Qu\u00edmica? - Blog Inter Cl\u00ednicas Litoral\",\"isPartOf\":{\"@id\":\"https:\\\/\\\/interclinicaslitoral.com.br\\\/blog\\\/#website\"},\"datePublished\":\"2026-08-17T12:32:42+00:00\",\"author\":{\"@id\":\"https:\\\/\\\/interclinicaslitoral.com.br\\\/blog\\\/#\\\/schema\\\/person\\\/25efe000f884103571c66b32e6cdbc80\"},\"description\":\"Quanto tempo dura o tratamento para depend\u00eancia qu\u00edmica? Entenda a dura\u00e7\u00e3o da interna\u00e7\u00e3o, etapas da recupera\u00e7\u00e3o, tratamento para \u00e1lcool e drogas e cuidados ap\u00f3s a alta.\",\"breadcrumb\":{\"@id\":\"https:\\\/\\\/interclinicaslitoral.com.br\\\/blog\\\/quanto-tempo-dura-o-tratamento-para-dependencia-quimica\\\/#breadcrumb\"},\"inLanguage\":\"pt-PT\",\"potentialAction\":[{\"@type\":\"ReadAction\",\"target\":[\"https:\\\/\\\/interclinicaslitoral.com.br\\\/blog\\\/quanto-tempo-dura-o-tratamento-para-dependencia-quimica\\\/\"]}]},{\"@type\":\"BreadcrumbList\",\"@id\":\"https:\\\/\\\/interclinicaslitoral.com.br\\\/blog\\\/quanto-tempo-dura-o-tratamento-para-dependencia-quimica\\\/#breadcrumb\",\"itemListElement\":[{\"@type\":\"ListItem\",\"position\":1,\"name\":\"In\u00edcio\",\"item\":\"https:\\\/\\\/interclinicaslitoral.com.br\\\/blog\\\/\"},{\"@type\":\"ListItem\",\"position\":2,\"name\":\"Quanto Tempo Dura o Tratamento para Depend\u00eancia Qu\u00edmica?\"}]},{\"@type\":\"WebSite\",\"@id\":\"https:\\\/\\\/interclinicaslitoral.com.br\\\/blog\\\/#website\",\"url\":\"https:\\\/\\\/interclinicaslitoral.com.br\\\/blog\\\/\",\"name\":\"Blog Inter Cl\u00ednicas Litoral\",\"description\":\"Conte\u00fados sobre depend\u00eancia qu\u00edmica, alcoolismo, sa\u00fade mental, apoio familiar e caminhos de cuidado em todo o Litoral Paulista.\",\"potentialAction\":[{\"@type\":\"SearchAction\",\"target\":{\"@type\":\"EntryPoint\",\"urlTemplate\":\"https:\\\/\\\/interclinicaslitoral.com.br\\\/blog\\\/?s={search_term_string}\"},\"query-input\":{\"@type\":\"PropertyValueSpecification\",\"valueRequired\":true,\"valueName\":\"search_term_string\"}}],\"inLanguage\":\"pt-PT\"},{\"@type\":\"Person\",\"@id\":\"https:\\\/\\\/interclinicaslitoral.com.br\\\/blog\\\/#\\\/schema\\\/person\\\/25efe000f884103571c66b32e6cdbc80\",\"name\":\"Mateus Lima\",\"image\":{\"@type\":\"ImageObject\",\"inLanguage\":\"pt-PT\",\"@id\":\"https:\\\/\\\/secure.gravatar.com\\\/avatar\\\/8ee3361f3710b50ec788c884d8bbd3c52dbf13c1bf31d03b9492860d33ca61a9?s=96&d=mm&r=g\",\"url\":\"https:\\\/\\\/secure.gravatar.com\\\/avatar\\\/8ee3361f3710b50ec788c884d8bbd3c52dbf13c1bf31d03b9492860d33ca61a9?s=96&d=mm&r=g\",\"contentUrl\":\"https:\\\/\\\/secure.gravatar.com\\\/avatar\\\/8ee3361f3710b50ec788c884d8bbd3c52dbf13c1bf31d03b9492860d33ca61a9?s=96&d=mm&r=g\",\"caption\":\"Mateus Lima\"},\"url\":\"https:\\\/\\\/interclinicaslitoral.com.br\\\/blog\\\/author\\\/mateus\\\/\"}]}<\/script>\n<!-- \/ Yoast SEO Premium plugin. -->","yoast_head_json":{"title":"Quanto Tempo Dura o Tratamento para Depend\u00eancia Qu\u00edmica? - Blog Inter Cl\u00ednicas Litoral","description":"Quanto tempo dura o tratamento para depend\u00eancia qu\u00edmica? Entenda a dura\u00e7\u00e3o da interna\u00e7\u00e3o, etapas da recupera\u00e7\u00e3o, tratamento para \u00e1lcool e drogas e cuidados ap\u00f3s a alta.","robots":{"index":"index","follow":"follow","max-snippet":"max-snippet:-1","max-image-preview":"max-image-preview:large","max-video-preview":"max-video-preview:-1"},"canonical":"https:\/\/interclinicaslitoral.com.br\/blog\/quanto-tempo-dura-o-tratamento-para-dependencia-quimica\/","og_locale":"pt_PT","og_type":"article","og_title":"Quanto Tempo Dura o Tratamento para Depend\u00eancia Qu\u00edmica?","og_description":"Quanto tempo dura o tratamento para depend\u00eancia qu\u00edmica? Entenda a dura\u00e7\u00e3o da interna\u00e7\u00e3o, etapas da recupera\u00e7\u00e3o, tratamento para \u00e1lcool e drogas e cuidados ap\u00f3s a alta.","og_url":"https:\/\/interclinicaslitoral.com.br\/blog\/quanto-tempo-dura-o-tratamento-para-dependencia-quimica\/","og_site_name":"Blog Inter Cl\u00ednicas Litoral","article_published_time":"2026-08-17T12:32:42+00:00","author":"Mateus Lima","twitter_card":"summary_large_image","twitter_misc":{"Escrito por":"Mateus Lima","Tempo estimado de leitura":"7 minutos"},"schema":{"@context":"https:\/\/schema.org","@graph":[{"@type":"Article","@id":"https:\/\/interclinicaslitoral.com.br\/blog\/quanto-tempo-dura-o-tratamento-para-dependencia-quimica\/#article","isPartOf":{"@id":"https:\/\/interclinicaslitoral.com.br\/blog\/quanto-tempo-dura-o-tratamento-para-dependencia-quimica\/"},"author":{"name":"Mateus Lima","@id":"https:\/\/interclinicaslitoral.com.br\/blog\/#\/schema\/person\/25efe000f884103571c66b32e6cdbc80"},"headline":"Quanto Tempo Dura o Tratamento para Depend\u00eancia Qu\u00edmica?","datePublished":"2026-08-17T12:32:42+00:00","mainEntityOfPage":{"@id":"https:\/\/interclinicaslitoral.com.br\/blog\/quanto-tempo-dura-o-tratamento-para-dependencia-quimica\/"},"wordCount":1346,"commentCount":0,"keywords":["Quanto Tempo Dura o Tratamento para Depend\u00eancia Qu\u00edmica? Unidade Feminina","Quanto Tempo Dura o Tratamento para Depend\u00eancia Qu\u00edmica? Unidade Masculina"],"articleSection":["Clinica 12 passos","Clinica de Interna\u00e7\u00e3o Compuls\u00f3ria","Clinica de reabilita\u00e7\u00e3o","Clinica de recupera\u00e7\u00e3o","Clinica de recupera\u00e7\u00e3o evang\u00e9lica","Clinica Involunt\u00e1ria"],"inLanguage":"pt-PT","potentialAction":[{"@type":"CommentAction","name":"Comment","target":["https:\/\/interclinicaslitoral.com.br\/blog\/quanto-tempo-dura-o-tratamento-para-dependencia-quimica\/#respond"]}]},{"@type":"WebPage","@id":"https:\/\/interclinicaslitoral.com.br\/blog\/quanto-tempo-dura-o-tratamento-para-dependencia-quimica\/","url":"https:\/\/interclinicaslitoral.com.br\/blog\/quanto-tempo-dura-o-tratamento-para-dependencia-quimica\/","name":"Quanto Tempo Dura o Tratamento para Depend\u00eancia Qu\u00edmica? - Blog Inter Cl\u00ednicas Litoral","isPartOf":{"@id":"https:\/\/interclinicaslitoral.com.br\/blog\/#website"},"datePublished":"2026-08-17T12:32:42+00:00","author":{"@id":"https:\/\/interclinicaslitoral.com.br\/blog\/#\/schema\/person\/25efe000f884103571c66b32e6cdbc80"},"description":"Quanto tempo dura o tratamento para depend\u00eancia qu\u00edmica? Entenda a dura\u00e7\u00e3o da interna\u00e7\u00e3o, etapas da recupera\u00e7\u00e3o, tratamento para \u00e1lcool e drogas e cuidados ap\u00f3s a alta.","breadcrumb":{"@id":"https:\/\/interclinicaslitoral.com.br\/blog\/quanto-tempo-dura-o-tratamento-para-dependencia-quimica\/#breadcrumb"},"inLanguage":"pt-PT","potentialAction":[{"@type":"ReadAction","target":["https:\/\/interclinicaslitoral.com.br\/blog\/quanto-tempo-dura-o-tratamento-para-dependencia-quimica\/"]}]},{"@type":"BreadcrumbList","@id":"https:\/\/interclinicaslitoral.com.br\/blog\/quanto-tempo-dura-o-tratamento-para-dependencia-quimica\/#breadcrumb","itemListElement":[{"@type":"ListItem","position":1,"name":"In\u00edcio","item":"https:\/\/interclinicaslitoral.com.br\/blog\/"},{"@type":"ListItem","position":2,"name":"Quanto Tempo Dura o Tratamento para Depend\u00eancia Qu\u00edmica?"}]},{"@type":"WebSite","@id":"https:\/\/interclinicaslitoral.com.br\/blog\/#website","url":"https:\/\/interclinicaslitoral.com.br\/blog\/","name":"Blog Inter Cl\u00ednicas Litoral","description":"Conte\u00fados sobre depend\u00eancia qu\u00edmica, alcoolismo, sa\u00fade mental, apoio familiar e caminhos de cuidado em todo o Litoral Paulista.","potentialAction":[{"@type":"SearchAction","target":{"@type":"EntryPoint","urlTemplate":"https:\/\/interclinicaslitoral.com.br\/blog\/?s={search_term_string}"},"query-input":{"@type":"PropertyValueSpecification","valueRequired":true,"valueName":"search_term_string"}}],"inLanguage":"pt-PT"},{"@type":"Person","@id":"https:\/\/interclinicaslitoral.com.br\/blog\/#\/schema\/person\/25efe000f884103571c66b32e6cdbc80","name":"Mateus Lima","image":{"@type":"ImageObject","inLanguage":"pt-PT","@id":"https:\/\/secure.gravatar.com\/avatar\/8ee3361f3710b50ec788c884d8bbd3c52dbf13c1bf31d03b9492860d33ca61a9?s=96&d=mm&r=g","url":"https:\/\/secure.gravatar.com\/avatar\/8ee3361f3710b50ec788c884d8bbd3c52dbf13c1bf31d03b9492860d33ca61a9?s=96&d=mm&r=g","contentUrl":"https:\/\/secure.gravatar.com\/avatar\/8ee3361f3710b50ec788c884d8bbd3c52dbf13c1bf31d03b9492860d33ca61a9?s=96&d=mm&r=g","caption":"Mateus Lima"},"url":"https:\/\/interclinicaslitoral.com.br\/blog\/author\/mateus\/"}]}},"_links":{"self":[{"href":"https:\/\/interclinicaslitoral.com.br\/blog\/wp-json\/wp\/v2\/posts\/10082","targetHints":{"allow":["GET"]}}],"collection":[{"href":"https:\/\/interclinicaslitoral.com.br\/blog\/wp-json\/wp\/v2\/posts"}],"about":[{"href":"https:\/\/interclinicaslitoral.com.br\/blog\/wp-json\/wp\/v2\/types\/post"}],"author":[{"embeddable":true,"href":"https:\/\/interclinicaslitoral.com.br\/blog\/wp-json\/wp\/v2\/users\/3"}],"replies":[{"embeddable":true,"href":"https:\/\/interclinicaslitoral.com.br\/blog\/wp-json\/wp\/v2\/comments?post=10082"}],"version-history":[{"count":1,"href":"https:\/\/interclinicaslitoral.com.br\/blog\/wp-json\/wp\/v2\/posts\/10082\/revisions"}],"predecessor-version":[{"id":10083,"href":"https:\/\/interclinicaslitoral.com.br\/blog\/wp-json\/wp\/v2\/posts\/10082\/revisions\/10083"}],"wp:attachment":[{"href":"https:\/\/interclinicaslitoral.com.br\/blog\/wp-json\/wp\/v2\/media?parent=10082"}],"wp:term":[{"taxonomy":"category","embeddable":true,"href":"https:\/\/interclinicaslitoral.com.br\/blog\/wp-json\/wp\/v2\/categories?post=10082"},{"taxonomy":"post_tag","embeddable":true,"href":"https:\/\/interclinicaslitoral.com.br\/blog\/wp-json\/wp\/v2\/tags?post=10082"}],"curies":[{"name":"wp","href":"https:\/\/api.w.org\/{rel}","templated":true}]}}