{"id":10064,"date":"2026-08-11T11:37:02","date_gmt":"2026-08-11T14:37:02","guid":{"rendered":"https:\/\/interclinicaslitoral.com.br\/blog\/?p=10064"},"modified":"2026-08-12T10:29:40","modified_gmt":"2026-08-12T13:29:40","slug":"clinica-de-reabilitacao-com-preco-acessivel-em-sao-vicente","status":"publish","type":"post","link":"https:\/\/interclinicaslitoral.com.br\/blog\/clinica-de-reabilitacao-com-preco-acessivel-em-sao-vicente\/","title":{"rendered":"Cl\u00ednica de Reabilita\u00e7\u00e3o com Pre\u00e7o Acess\u00edvel em S\u00e3o Vicente"},"content":{"rendered":"<h1 class=\"PDq2pG_selectionAnchorContainer\" data-section-id=\"1nl438w\" data-start=\"2\" data-end=\"95\">Cl\u00ednica de Reabilita\u00e7\u00e3o com Pre\u00e7o Acess\u00edvel em S\u00e3o Vicente: Tratamento para \u00c1lcool e Drogas<\/h1>\n<p data-start=\"97\" data-end=\"355\">Encontrar uma <strong data-start=\"111\" data-end=\"173\">cl\u00ednica de reabilita\u00e7\u00e3o com pre\u00e7o acess\u00edvel em S\u00e3o Vicente<\/strong> \u00e9 uma alternativa para fam\u00edlias que precisam de tratamento para depend\u00eancia qu\u00edmica ou alcoolismo, mas tamb\u00e9m precisam encontrar condi\u00e7\u00f5es financeiras compat\u00edveis com seu or\u00e7amento.<\/p>\n<p data-start=\"357\" data-end=\"565\">H\u00e1 servi\u00e7os de recupera\u00e7\u00e3o que atendem pacientes de S\u00e3o Vicente e da Baixada Santista, inclusive com programas voltados ao tratamento de depend\u00eancia qu\u00edmica e alcoolismo.<\/p>\n<h2 data-section-id=\"288nog\" data-start=\"567\" data-end=\"616\">Tratamento acess\u00edvel com qualidade e seguran\u00e7a<\/h2>\n<p data-start=\"618\" data-end=\"850\">O pre\u00e7o do tratamento \u00e9 importante, por\u00e9m n\u00e3o deve ser o \u00fanico fator considerado. Uma cl\u00ednica de reabilita\u00e7\u00e3o deve oferecer estrutura adequada, profissionais capacitados e um programa compat\u00edvel com as necessidades de cada paciente.<\/p>\n<p data-start=\"852\" data-end=\"893\">Dependendo da institui\u00e7\u00e3o, podem existir:<\/p>\n<ul data-start=\"895\" data-end=\"1109\">\n<li data-section-id=\"1desuqx\" data-start=\"895\" data-end=\"930\">Planos com valores diferenciados;<\/li>\n<li data-section-id=\"rdrzv5\" data-start=\"931\" data-end=\"960\">Acomoda\u00e7\u00f5es compartilhadas;<\/li>\n<li data-section-id=\"1ydvyd4\" data-start=\"961\" data-end=\"998\">Condi\u00e7\u00f5es facilitadas de pagamento;<\/li>\n<li data-section-id=\"a0hdey\" data-start=\"999\" data-end=\"1024\">Atendimento particular;<\/li>\n<li data-section-id=\"u6t3i3\" data-start=\"1025\" data-end=\"1069\">Possibilidade de atendimento por conv\u00eanio;<\/li>\n<li data-section-id=\"zefkh4\" data-start=\"1070\" data-end=\"1109\">Diferentes modalidades de tratamento.<\/li>\n<\/ul>\n<p data-start=\"1111\" data-end=\"1322\">Alguns servi\u00e7os que atendem S\u00e3o Vicente informam oferecer possibilidade de tratamento por plano de sa\u00fade, cuja cobertura deve ser confirmada conforme o contrato do paciente.<\/p>\n<h2 data-section-id=\"lltbyz\" data-start=\"1324\" data-end=\"1349\">Quando procurar ajuda?<\/h2>\n<p data-start=\"1351\" data-end=\"1449\">Alguns sinais podem indicar que o consumo de \u00e1lcool ou drogas est\u00e1 causando preju\u00edzos importantes:<\/p>\n<ul data-start=\"1451\" data-end=\"1739\">\n<li data-section-id=\"11h6g5u\" data-start=\"1451\" data-end=\"1487\">Perda de controle sobre o consumo;<\/li>\n<li data-section-id=\"enrna8\" data-start=\"1488\" data-end=\"1524\">Uso frequente de \u00e1lcool ou drogas;<\/li>\n<li data-section-id=\"kzpcz6\" data-start=\"1525\" data-end=\"1558\">Tentativas frustradas de parar;<\/li>\n<li data-section-id=\"gt5kyl\" data-start=\"1559\" data-end=\"1570\">Reca\u00eddas;<\/li>\n<li data-section-id=\"w0sdbd\" data-start=\"1571\" data-end=\"1594\">Problemas familiares;<\/li>\n<li data-section-id=\"93s68g\" data-start=\"1595\" data-end=\"1623\">Mudan\u00e7as de comportamento;<\/li>\n<li data-section-id=\"118l0st\" data-start=\"1624\" data-end=\"1644\">Isolamento social;<\/li>\n<li data-section-id=\"f7uzfp\" data-start=\"1645\" data-end=\"1669\">Problemas financeiros;<\/li>\n<li data-section-id=\"1tbpaj9\" data-start=\"1670\" data-end=\"1712\">Dificuldades no trabalho ou nos estudos;<\/li>\n<li data-section-id=\"ri3wb\" data-start=\"1713\" data-end=\"1739\">Sintomas de abstin\u00eancia.<\/li>\n<\/ul>\n<p data-start=\"1741\" data-end=\"1819\">Uma avalia\u00e7\u00e3o profissional ajuda a determinar o tipo de cuidado mais adequado.<\/p>\n<h2 data-section-id=\"6zr6sj\" data-start=\"1821\" data-end=\"1851\">Como funciona o tratamento?<\/h2>\n<p data-start=\"1853\" data-end=\"1942\">O tratamento pode variar conforme a necessidade do paciente e a estrutura da institui\u00e7\u00e3o.<\/p>\n<h3 data-section-id=\"ogwikp\" data-start=\"1944\" data-end=\"1968\">1. Avalia\u00e7\u00e3o inicial<\/h3>\n<p data-start=\"1970\" data-end=\"2108\">O hist\u00f3rico do paciente, padr\u00e3o de consumo e condi\u00e7\u00f5es f\u00edsicas e emocionais s\u00e3o avaliados para auxiliar na defini\u00e7\u00e3o do plano terap\u00eautico.<\/p>\n<h3 data-section-id=\"wqmaka\" data-start=\"2110\" data-end=\"2149\">2. Desintoxica\u00e7\u00e3o quando necess\u00e1ria<\/h3>\n<p data-start=\"2151\" data-end=\"2327\">Em determinados casos, pode ser necess\u00e1rio acompanhamento de sa\u00fade durante a interrup\u00e7\u00e3o do consumo. Isso \u00e9 particularmente importante quando existe risco de abstin\u00eancia grave.<\/p>\n<h3 data-section-id=\"ld0qss\" data-start=\"2329\" data-end=\"2362\">3. Acompanhamento terap\u00eautico<\/h3>\n<p data-start=\"2364\" data-end=\"2497\">O programa pode envolver psicoterapia, atividades individuais e em grupo, desenvolvimento emocional e organiza\u00e7\u00e3o de uma nova rotina.<\/p>\n<h3 data-section-id=\"1k1kdmq\" data-start=\"2499\" data-end=\"2527\">4. Preven\u00e7\u00e3o de reca\u00eddas<\/h3>\n<p data-start=\"2529\" data-end=\"2654\">O paciente aprende a reconhecer situa\u00e7\u00f5es de risco e desenvolver estrat\u00e9gias para enfrentar gatilhos relacionados ao consumo.<\/p>\n<h3 data-section-id=\"13qh4a8\" data-start=\"2656\" data-end=\"2677\">5. Apoio familiar<\/h3>\n<p data-start=\"2679\" data-end=\"2776\">A orienta\u00e7\u00e3o \u00e0 fam\u00edlia pode ajudar na reconstru\u00e7\u00e3o dos v\u00ednculos e na continuidade da recupera\u00e7\u00e3o.<\/p>\n<h2 data-section-id=\"1sn4hwj\" data-start=\"2778\" data-end=\"2822\">Tratamento para alcoolismo em S\u00e3o Vicente<\/h2>\n<p data-start=\"2824\" data-end=\"2911\">O alcoolismo pode causar consequ\u00eancias f\u00edsicas, emocionais, profissionais e familiares.<\/p>\n<p data-start=\"2913\" data-end=\"3108\">Existem servi\u00e7os que atendem especificamente pessoas de S\u00e3o Vicente com problemas relacionados ao \u00e1lcool e oferecem acompanhamento psicol\u00f3gico e terap\u00eautico.<\/p>\n<p data-start=\"3110\" data-end=\"3306\">Nos casos de consumo intenso ou prolongado, a interrup\u00e7\u00e3o abrupta pode provocar abstin\u00eancia potencialmente grave. A avalia\u00e7\u00e3o de profissionais de sa\u00fade \u00e9 especialmente importante nessas situa\u00e7\u00f5es.<\/p>\n<h2 data-section-id=\"cbmhck\" data-start=\"3308\" data-end=\"3348\">Tratamento para depend\u00eancia de drogas<\/h2>\n<p data-start=\"3350\" data-end=\"3459\">O tratamento tamb\u00e9m pode atender pessoas com problemas relacionados ao uso de coca\u00edna, crack e outras drogas.<\/p>\n<p data-start=\"3461\" data-end=\"3607\">Al\u00e9m da interrup\u00e7\u00e3o do consumo, a recupera\u00e7\u00e3o busca trabalhar comportamento, sa\u00fade emocional, autoestima, rela\u00e7\u00f5es familiares e reinser\u00e7\u00e3o social.<\/p>\n<h2 data-section-id=\"1e5zsvi\" data-start=\"3609\" data-end=\"3657\">Atendimento em S\u00e3o Vicente e Baixada Santista<\/h2>\n<p data-start=\"3659\" data-end=\"3898\">A proximidade pode facilitar o acompanhamento familiar durante o tratamento. Al\u00e9m de S\u00e3o Vicente, a regi\u00e3o permite acesso relativamente f\u00e1cil para fam\u00edlias de <strong data-start=\"3818\" data-end=\"3897\">Santos, Praia Grande, Cubat\u00e3o, Guaruj\u00e1 e outras cidades da Baixada Santista<\/strong>.<\/p>\n<p data-start=\"3900\" data-end=\"4170\">S\u00e3o Vicente tamb\u00e9m possui iniciativas p\u00fablicas de apoio. O Espa\u00e7o Prevenir, por exemplo, foi inaugurado na Vila Voturu\u00e1 em 2025 para oferecer gratuitamente apoio psicossocial a pessoas em tratamento ou recupera\u00e7\u00e3o e seus familiares.<\/p>\n<h2 data-section-id=\"734tok\" data-start=\"4172\" data-end=\"4224\">Como encontrar um tratamento com pre\u00e7o acess\u00edvel?<\/h2>\n<p data-start=\"4226\" data-end=\"4331\">Antes de contratar, solicite um or\u00e7amento detalhado e pergunte exatamente quais servi\u00e7os est\u00e3o inclu\u00eddos.<\/p>\n<p data-start=\"4333\" data-end=\"4514\">Compare valores de mensalidade, acomoda\u00e7\u00f5es, alimenta\u00e7\u00e3o, consultas, medicamentos, exames e eventuais custos adicionais. Tamb\u00e9m vale verificar parcelamento e cobertura por conv\u00eanio.<\/p>\n<p data-start=\"4516\" data-end=\"4725\"><strong data-start=\"4516\" data-end=\"4578\">Pre\u00e7o acess\u00edvel n\u00e3o deve significar tratamento inadequado.<\/strong> A melhor escolha \u00e9 aquela que consegue equilibrar seguran\u00e7a, estrutura, qualidade do atendimento e condi\u00e7\u00f5es financeiras poss\u00edveis para a fam\u00edlia.<\/p>\n<h2 data-section-id=\"14c7pc6\" data-start=\"4727\" data-end=\"4764\">O que verificar antes de escolher?<\/h2>\n<p data-start=\"4766\" data-end=\"4941\">Conhe\u00e7a a institui\u00e7\u00e3o e verifique sua regularidade, estrutura f\u00edsica, profissionais envolvidos, proposta terap\u00eautica, participa\u00e7\u00e3o familiar e planejamento para depois da alta.<\/p>\n<p data-start=\"4943\" data-end=\"5071\">Evite servi\u00e7os que prometam resultados garantidos ou apresentem pre\u00e7os promocionais sem explicar claramente o que est\u00e1 inclu\u00eddo.<\/p>\n<h2 data-section-id=\"1xgzvyl\" data-start=\"5073\" data-end=\"5101\">Um novo come\u00e7o \u00e9 poss\u00edvel<\/h2>\n<p data-start=\"5103\" data-end=\"5378\">Buscar uma <strong data-start=\"5114\" data-end=\"5176\">cl\u00ednica de reabilita\u00e7\u00e3o com pre\u00e7o acess\u00edvel em S\u00e3o Vicente<\/strong> pode representar o primeiro passo para uma mudan\u00e7a importante. Com acompanhamento adequado, apoio familiar e continuidade do cuidado, \u00e9 poss\u00edvel construir um caminho de recupera\u00e7\u00e3o e reinser\u00e7\u00e3o social.<\/p>\n","protected":false},"excerpt":{"rendered":"<p>Cl\u00ednica de Reabilita\u00e7\u00e3o com Pre\u00e7o Acess\u00edvel em S\u00e3o Vicente: Tratamento para \u00c1lcool e Drogas Encontrar uma cl\u00ednica de reabilita\u00e7\u00e3o com pre\u00e7o acess\u00edvel em S\u00e3o\u2026<\/p>\n","protected":false},"author":3,"featured_media":0,"comment_status":"open","ping_status":"open","sticky":false,"template":"","format":"standard","meta":{"footnotes":""},"categories":[279],"tags":[325,324],"class_list":["post-10064","post","type-post","status-publish","format-standard","hentry","category-sao-vicente","tag-clinica-de-reabilitacao-com-preco-acessivel-em-sao-vicente-feminina","tag-clinica-de-reabilitacao-com-preco-acessivel-em-sao-vicente-masculina"],"yoast_head":"<!-- This site is optimized with the Yoast SEO Premium plugin v27.6.1 (Yoast SEO v28.2) - https:\/\/yoast.com\/product\/yoast-seo-premium-wordpress\/ -->\n<title>Cl\u00ednica de Reabilita\u00e7\u00e3o com Pre\u00e7o Acess\u00edvel em S\u00e3o Vicente - Blog Inter Cl\u00ednicas Litoral<\/title>\n<meta name=\"description\" content=\"Cl\u00ednica de reabilita\u00e7\u00e3o com pre\u00e7o acess\u00edvel em S\u00e3o Vicente para tratamento de \u00e1lcool e drogas. Atendimento humanizado, apoio familiar e op\u00e7\u00f5es para depend\u00eancia qu\u00edmica e alcoolismo.\" \/>\n<meta name=\"robots\" content=\"index, follow, max-snippet:-1, max-image-preview:large, max-video-preview:-1\" \/>\n<link rel=\"canonical\" href=\"https:\/\/interclinicaslitoral.com.br\/blog\/clinica-de-reabilitacao-com-preco-acessivel-em-sao-vicente\/\" \/>\n<meta property=\"og:locale\" content=\"pt_PT\" \/>\n<meta property=\"og:type\" content=\"article\" \/>\n<meta property=\"og:title\" content=\"Cl\u00ednica de Reabilita\u00e7\u00e3o com Pre\u00e7o Acess\u00edvel em S\u00e3o Vicente\" \/>\n<meta property=\"og:description\" content=\"Cl\u00ednica de reabilita\u00e7\u00e3o com pre\u00e7o acess\u00edvel em S\u00e3o Vicente para tratamento de \u00e1lcool e drogas. Atendimento humanizado, apoio familiar e op\u00e7\u00f5es para depend\u00eancia qu\u00edmica e alcoolismo.\" \/>\n<meta property=\"og:url\" content=\"https:\/\/interclinicaslitoral.com.br\/blog\/clinica-de-reabilitacao-com-preco-acessivel-em-sao-vicente\/\" \/>\n<meta property=\"og:site_name\" content=\"Blog Inter Cl\u00ednicas Litoral\" \/>\n<meta property=\"article:published_time\" content=\"2026-08-11T14:37:02+00:00\" \/>\n<meta property=\"article:modified_time\" content=\"2026-08-12T13:29:40+00:00\" \/>\n<meta name=\"author\" content=\"Mateus Lima\" \/>\n<meta name=\"twitter:card\" content=\"summary_large_image\" \/>\n<meta name=\"twitter:label1\" content=\"Escrito por\" \/>\n\t<meta name=\"twitter:data1\" content=\"Mateus Lima\" \/>\n\t<meta name=\"twitter:label2\" content=\"Tempo estimado de leitura\" \/>\n\t<meta name=\"twitter:data2\" content=\"4 minutos\" \/>\n<script type=\"application\/ld+json\" class=\"yoast-schema-graph\">{\"@context\":\"https:\\\/\\\/schema.org\",\"@graph\":[{\"@type\":\"Article\",\"@id\":\"https:\\\/\\\/interclinicaslitoral.com.br\\\/blog\\\/clinica-de-reabilitacao-com-preco-acessivel-em-sao-vicente\\\/#article\",\"isPartOf\":{\"@id\":\"https:\\\/\\\/interclinicaslitoral.com.br\\\/blog\\\/clinica-de-reabilitacao-com-preco-acessivel-em-sao-vicente\\\/\"},\"author\":{\"name\":\"Mateus Lima\",\"@id\":\"https:\\\/\\\/interclinicaslitoral.com.br\\\/blog\\\/#\\\/schema\\\/person\\\/25efe000f884103571c66b32e6cdbc80\"},\"headline\":\"Cl\u00ednica de Reabilita\u00e7\u00e3o com Pre\u00e7o Acess\u00edvel em S\u00e3o Vicente\",\"datePublished\":\"2026-08-11T14:37:02+00:00\",\"dateModified\":\"2026-08-12T13:29:40+00:00\",\"mainEntityOfPage\":{\"@id\":\"https:\\\/\\\/interclinicaslitoral.com.br\\\/blog\\\/clinica-de-reabilitacao-com-preco-acessivel-em-sao-vicente\\\/\"},\"wordCount\":831,\"commentCount\":0,\"keywords\":[\"Cl\u00ednica de Reabilita\u00e7\u00e3o com Pre\u00e7o Acess\u00edvel em S\u00e3o Vicente feminina\",\"Cl\u00ednica de Reabilita\u00e7\u00e3o com Pre\u00e7o Acess\u00edvel em S\u00e3o Vicente masculina\"],\"articleSection\":[\"S\u00e3o Vicente\"],\"inLanguage\":\"pt-PT\",\"potentialAction\":[{\"@type\":\"CommentAction\",\"name\":\"Comment\",\"target\":[\"https:\\\/\\\/interclinicaslitoral.com.br\\\/blog\\\/clinica-de-reabilitacao-com-preco-acessivel-em-sao-vicente\\\/#respond\"]}]},{\"@type\":\"WebPage\",\"@id\":\"https:\\\/\\\/interclinicaslitoral.com.br\\\/blog\\\/clinica-de-reabilitacao-com-preco-acessivel-em-sao-vicente\\\/\",\"url\":\"https:\\\/\\\/interclinicaslitoral.com.br\\\/blog\\\/clinica-de-reabilitacao-com-preco-acessivel-em-sao-vicente\\\/\",\"name\":\"Cl\u00ednica de Reabilita\u00e7\u00e3o com Pre\u00e7o Acess\u00edvel em S\u00e3o Vicente - Blog Inter Cl\u00ednicas Litoral\",\"isPartOf\":{\"@id\":\"https:\\\/\\\/interclinicaslitoral.com.br\\\/blog\\\/#website\"},\"datePublished\":\"2026-08-11T14:37:02+00:00\",\"dateModified\":\"2026-08-12T13:29:40+00:00\",\"author\":{\"@id\":\"https:\\\/\\\/interclinicaslitoral.com.br\\\/blog\\\/#\\\/schema\\\/person\\\/25efe000f884103571c66b32e6cdbc80\"},\"description\":\"Cl\u00ednica de reabilita\u00e7\u00e3o com pre\u00e7o acess\u00edvel em S\u00e3o Vicente para tratamento de \u00e1lcool e drogas. Atendimento humanizado, apoio familiar e op\u00e7\u00f5es para depend\u00eancia qu\u00edmica e alcoolismo.\",\"breadcrumb\":{\"@id\":\"https:\\\/\\\/interclinicaslitoral.com.br\\\/blog\\\/clinica-de-reabilitacao-com-preco-acessivel-em-sao-vicente\\\/#breadcrumb\"},\"inLanguage\":\"pt-PT\",\"potentialAction\":[{\"@type\":\"ReadAction\",\"target\":[\"https:\\\/\\\/interclinicaslitoral.com.br\\\/blog\\\/clinica-de-reabilitacao-com-preco-acessivel-em-sao-vicente\\\/\"]}]},{\"@type\":\"BreadcrumbList\",\"@id\":\"https:\\\/\\\/interclinicaslitoral.com.br\\\/blog\\\/clinica-de-reabilitacao-com-preco-acessivel-em-sao-vicente\\\/#breadcrumb\",\"itemListElement\":[{\"@type\":\"ListItem\",\"position\":1,\"name\":\"In\u00edcio\",\"item\":\"https:\\\/\\\/interclinicaslitoral.com.br\\\/blog\\\/\"},{\"@type\":\"ListItem\",\"position\":2,\"name\":\"Cl\u00ednica de Reabilita\u00e7\u00e3o com Pre\u00e7o Acess\u00edvel em S\u00e3o Vicente\"}]},{\"@type\":\"WebSite\",\"@id\":\"https:\\\/\\\/interclinicaslitoral.com.br\\\/blog\\\/#website\",\"url\":\"https:\\\/\\\/interclinicaslitoral.com.br\\\/blog\\\/\",\"name\":\"Blog Inter Cl\u00ednicas Litoral\",\"description\":\"Conte\u00fados sobre depend\u00eancia qu\u00edmica, alcoolismo, sa\u00fade mental, apoio familiar e caminhos de cuidado em todo o Litoral Paulista.\",\"potentialAction\":[{\"@type\":\"SearchAction\",\"target\":{\"@type\":\"EntryPoint\",\"urlTemplate\":\"https:\\\/\\\/interclinicaslitoral.com.br\\\/blog\\\/?s={search_term_string}\"},\"query-input\":{\"@type\":\"PropertyValueSpecification\",\"valueRequired\":true,\"valueName\":\"search_term_string\"}}],\"inLanguage\":\"pt-PT\"},{\"@type\":\"Person\",\"@id\":\"https:\\\/\\\/interclinicaslitoral.com.br\\\/blog\\\/#\\\/schema\\\/person\\\/25efe000f884103571c66b32e6cdbc80\",\"name\":\"Mateus Lima\",\"image\":{\"@type\":\"ImageObject\",\"inLanguage\":\"pt-PT\",\"@id\":\"https:\\\/\\\/secure.gravatar.com\\\/avatar\\\/8ee3361f3710b50ec788c884d8bbd3c52dbf13c1bf31d03b9492860d33ca61a9?s=96&d=mm&r=g\",\"url\":\"https:\\\/\\\/secure.gravatar.com\\\/avatar\\\/8ee3361f3710b50ec788c884d8bbd3c52dbf13c1bf31d03b9492860d33ca61a9?s=96&d=mm&r=g\",\"contentUrl\":\"https:\\\/\\\/secure.gravatar.com\\\/avatar\\\/8ee3361f3710b50ec788c884d8bbd3c52dbf13c1bf31d03b9492860d33ca61a9?s=96&d=mm&r=g\",\"caption\":\"Mateus Lima\"},\"url\":\"https:\\\/\\\/interclinicaslitoral.com.br\\\/blog\\\/author\\\/mateus\\\/\"}]}<\/script>\n<!-- \/ Yoast SEO Premium plugin. -->","yoast_head_json":{"title":"Cl\u00ednica de Reabilita\u00e7\u00e3o com Pre\u00e7o Acess\u00edvel em S\u00e3o Vicente - Blog Inter Cl\u00ednicas Litoral","description":"Cl\u00ednica de reabilita\u00e7\u00e3o com pre\u00e7o acess\u00edvel em S\u00e3o Vicente para tratamento de \u00e1lcool e drogas. Atendimento humanizado, apoio familiar e op\u00e7\u00f5es para depend\u00eancia qu\u00edmica e alcoolismo.","robots":{"index":"index","follow":"follow","max-snippet":"max-snippet:-1","max-image-preview":"max-image-preview:large","max-video-preview":"max-video-preview:-1"},"canonical":"https:\/\/interclinicaslitoral.com.br\/blog\/clinica-de-reabilitacao-com-preco-acessivel-em-sao-vicente\/","og_locale":"pt_PT","og_type":"article","og_title":"Cl\u00ednica de Reabilita\u00e7\u00e3o com Pre\u00e7o Acess\u00edvel em S\u00e3o Vicente","og_description":"Cl\u00ednica de reabilita\u00e7\u00e3o com pre\u00e7o acess\u00edvel em S\u00e3o Vicente para tratamento de \u00e1lcool e drogas. Atendimento humanizado, apoio familiar e op\u00e7\u00f5es para depend\u00eancia qu\u00edmica e alcoolismo.","og_url":"https:\/\/interclinicaslitoral.com.br\/blog\/clinica-de-reabilitacao-com-preco-acessivel-em-sao-vicente\/","og_site_name":"Blog Inter Cl\u00ednicas Litoral","article_published_time":"2026-08-11T14:37:02+00:00","article_modified_time":"2026-08-12T13:29:40+00:00","author":"Mateus Lima","twitter_card":"summary_large_image","twitter_misc":{"Escrito por":"Mateus Lima","Tempo estimado de leitura":"4 minutos"},"schema":{"@context":"https:\/\/schema.org","@graph":[{"@type":"Article","@id":"https:\/\/interclinicaslitoral.com.br\/blog\/clinica-de-reabilitacao-com-preco-acessivel-em-sao-vicente\/#article","isPartOf":{"@id":"https:\/\/interclinicaslitoral.com.br\/blog\/clinica-de-reabilitacao-com-preco-acessivel-em-sao-vicente\/"},"author":{"name":"Mateus Lima","@id":"https:\/\/interclinicaslitoral.com.br\/blog\/#\/schema\/person\/25efe000f884103571c66b32e6cdbc80"},"headline":"Cl\u00ednica de Reabilita\u00e7\u00e3o com Pre\u00e7o Acess\u00edvel em S\u00e3o Vicente","datePublished":"2026-08-11T14:37:02+00:00","dateModified":"2026-08-12T13:29:40+00:00","mainEntityOfPage":{"@id":"https:\/\/interclinicaslitoral.com.br\/blog\/clinica-de-reabilitacao-com-preco-acessivel-em-sao-vicente\/"},"wordCount":831,"commentCount":0,"keywords":["Cl\u00ednica de Reabilita\u00e7\u00e3o com Pre\u00e7o Acess\u00edvel em S\u00e3o Vicente feminina","Cl\u00ednica de Reabilita\u00e7\u00e3o com Pre\u00e7o Acess\u00edvel em S\u00e3o Vicente masculina"],"articleSection":["S\u00e3o Vicente"],"inLanguage":"pt-PT","potentialAction":[{"@type":"CommentAction","name":"Comment","target":["https:\/\/interclinicaslitoral.com.br\/blog\/clinica-de-reabilitacao-com-preco-acessivel-em-sao-vicente\/#respond"]}]},{"@type":"WebPage","@id":"https:\/\/interclinicaslitoral.com.br\/blog\/clinica-de-reabilitacao-com-preco-acessivel-em-sao-vicente\/","url":"https:\/\/interclinicaslitoral.com.br\/blog\/clinica-de-reabilitacao-com-preco-acessivel-em-sao-vicente\/","name":"Cl\u00ednica de Reabilita\u00e7\u00e3o com Pre\u00e7o Acess\u00edvel em S\u00e3o Vicente - Blog Inter Cl\u00ednicas Litoral","isPartOf":{"@id":"https:\/\/interclinicaslitoral.com.br\/blog\/#website"},"datePublished":"2026-08-11T14:37:02+00:00","dateModified":"2026-08-12T13:29:40+00:00","author":{"@id":"https:\/\/interclinicaslitoral.com.br\/blog\/#\/schema\/person\/25efe000f884103571c66b32e6cdbc80"},"description":"Cl\u00ednica de reabilita\u00e7\u00e3o com pre\u00e7o acess\u00edvel em S\u00e3o Vicente para tratamento de \u00e1lcool e drogas. Atendimento humanizado, apoio familiar e op\u00e7\u00f5es para depend\u00eancia qu\u00edmica e alcoolismo.","breadcrumb":{"@id":"https:\/\/interclinicaslitoral.com.br\/blog\/clinica-de-reabilitacao-com-preco-acessivel-em-sao-vicente\/#breadcrumb"},"inLanguage":"pt-PT","potentialAction":[{"@type":"ReadAction","target":["https:\/\/interclinicaslitoral.com.br\/blog\/clinica-de-reabilitacao-com-preco-acessivel-em-sao-vicente\/"]}]},{"@type":"BreadcrumbList","@id":"https:\/\/interclinicaslitoral.com.br\/blog\/clinica-de-reabilitacao-com-preco-acessivel-em-sao-vicente\/#breadcrumb","itemListElement":[{"@type":"ListItem","position":1,"name":"In\u00edcio","item":"https:\/\/interclinicaslitoral.com.br\/blog\/"},{"@type":"ListItem","position":2,"name":"Cl\u00ednica de Reabilita\u00e7\u00e3o com Pre\u00e7o Acess\u00edvel em S\u00e3o Vicente"}]},{"@type":"WebSite","@id":"https:\/\/interclinicaslitoral.com.br\/blog\/#website","url":"https:\/\/interclinicaslitoral.com.br\/blog\/","name":"Blog Inter Cl\u00ednicas Litoral","description":"Conte\u00fados sobre depend\u00eancia qu\u00edmica, alcoolismo, sa\u00fade mental, apoio familiar e caminhos de cuidado em todo o Litoral Paulista.","potentialAction":[{"@type":"SearchAction","target":{"@type":"EntryPoint","urlTemplate":"https:\/\/interclinicaslitoral.com.br\/blog\/?s={search_term_string}"},"query-input":{"@type":"PropertyValueSpecification","valueRequired":true,"valueName":"search_term_string"}}],"inLanguage":"pt-PT"},{"@type":"Person","@id":"https:\/\/interclinicaslitoral.com.br\/blog\/#\/schema\/person\/25efe000f884103571c66b32e6cdbc80","name":"Mateus Lima","image":{"@type":"ImageObject","inLanguage":"pt-PT","@id":"https:\/\/secure.gravatar.com\/avatar\/8ee3361f3710b50ec788c884d8bbd3c52dbf13c1bf31d03b9492860d33ca61a9?s=96&d=mm&r=g","url":"https:\/\/secure.gravatar.com\/avatar\/8ee3361f3710b50ec788c884d8bbd3c52dbf13c1bf31d03b9492860d33ca61a9?s=96&d=mm&r=g","contentUrl":"https:\/\/secure.gravatar.com\/avatar\/8ee3361f3710b50ec788c884d8bbd3c52dbf13c1bf31d03b9492860d33ca61a9?s=96&d=mm&r=g","caption":"Mateus Lima"},"url":"https:\/\/interclinicaslitoral.com.br\/blog\/author\/mateus\/"}]}},"_links":{"self":[{"href":"https:\/\/interclinicaslitoral.com.br\/blog\/wp-json\/wp\/v2\/posts\/10064","targetHints":{"allow":["GET"]}}],"collection":[{"href":"https:\/\/interclinicaslitoral.com.br\/blog\/wp-json\/wp\/v2\/posts"}],"about":[{"href":"https:\/\/interclinicaslitoral.com.br\/blog\/wp-json\/wp\/v2\/types\/post"}],"author":[{"embeddable":true,"href":"https:\/\/interclinicaslitoral.com.br\/blog\/wp-json\/wp\/v2\/users\/3"}],"replies":[{"embeddable":true,"href":"https:\/\/interclinicaslitoral.com.br\/blog\/wp-json\/wp\/v2\/comments?post=10064"}],"version-history":[{"count":1,"href":"https:\/\/interclinicaslitoral.com.br\/blog\/wp-json\/wp\/v2\/posts\/10064\/revisions"}],"predecessor-version":[{"id":10065,"href":"https:\/\/interclinicaslitoral.com.br\/blog\/wp-json\/wp\/v2\/posts\/10064\/revisions\/10065"}],"wp:attachment":[{"href":"https:\/\/interclinicaslitoral.com.br\/blog\/wp-json\/wp\/v2\/media?parent=10064"}],"wp:term":[{"taxonomy":"category","embeddable":true,"href":"https:\/\/interclinicaslitoral.com.br\/blog\/wp-json\/wp\/v2\/categories?post=10064"},{"taxonomy":"post_tag","embeddable":true,"href":"https:\/\/interclinicaslitoral.com.br\/blog\/wp-json\/wp\/v2\/tags?post=10064"}],"curies":[{"name":"wp","href":"https:\/\/api.w.org\/{rel}","templated":true}]}}