{"id":10060,"date":"2026-08-11T11:11:54","date_gmt":"2026-08-11T14:11:54","guid":{"rendered":"https:\/\/interclinicaslitoral.com.br\/blog\/?p=10060"},"modified":"2026-08-11T11:11:54","modified_gmt":"2026-08-11T14:11:54","slug":"clinica-de-reabilitacao-com-preco-acessivel-em-santos","status":"publish","type":"post","link":"https:\/\/interclinicaslitoral.com.br\/blog\/clinica-de-reabilitacao-com-preco-acessivel-em-santos\/","title":{"rendered":"Cl\u00ednica de Reabilita\u00e7\u00e3o com Pre\u00e7o Acess\u00edvel em Santos"},"content":{"rendered":"<h1 data-section-id=\"1yrrli5\" data-start=\"39\" data-end=\"127\">Cl\u00ednica de Reabilita\u00e7\u00e3o com Pre\u00e7o Acess\u00edvel em Santos: Tratamento para \u00c1lcool e Drogas<\/h1>\n<p data-start=\"129\" data-end=\"556\">Encontrar uma <strong data-start=\"143\" data-end=\"200\">cl\u00ednica de reabilita\u00e7\u00e3o com pre\u00e7o acess\u00edvel em Santos<\/strong> \u00e9 uma preocupa\u00e7\u00e3o comum para fam\u00edlias que precisam de tratamento para depend\u00eancia qu\u00edmica ou alcoolismo, mas tamb\u00e9m precisam considerar o or\u00e7amento dispon\u00edvel. H\u00e1 servi\u00e7os de tratamento de depend\u00eancia qu\u00edmica na cidade e op\u00e7\u00f5es que anunciam modalidades de menor custo ou possibilidade de cobertura por plano de sa\u00fade.<\/p>\n<p data-start=\"558\" data-end=\"733\">O mais importante \u00e9 avaliar n\u00e3o somente o pre\u00e7o, mas tamb\u00e9m a seguran\u00e7a, a estrutura, a qualifica\u00e7\u00e3o da equipe e se o servi\u00e7o oferecido \u00e9 adequado \u00e0s necessidades do paciente.<\/p>\n<h2 data-section-id=\"z2vy26\" data-start=\"735\" data-end=\"785\">Tratamento acess\u00edvel sem abrir m\u00e3o da qualidade<\/h2>\n<p data-start=\"787\" data-end=\"1027\">Um tratamento com valor mais acess\u00edvel n\u00e3o deve significar falta de acompanhamento ou estrutura inadequada. Antes da contrata\u00e7\u00e3o, a fam\u00edlia deve conhecer detalhadamente a institui\u00e7\u00e3o e entender tudo o que est\u00e1 inclu\u00eddo no valor apresentado.<\/p>\n<p data-start=\"1029\" data-end=\"1338\">Dependendo do estabelecimento, podem existir op\u00e7\u00f5es como mensalidades diferenciadas, acomoda\u00e7\u00f5es compartilhadas, parcelamento e utiliza\u00e7\u00e3o de plano de sa\u00fade. H\u00e1 servi\u00e7os voltados \u00e0 depend\u00eancia qu\u00edmica na regi\u00e3o de Santos que informam trabalhar com cobertura de conv\u00eanios.<\/p>\n<h2 data-section-id=\"18wmuft\" data-start=\"1340\" data-end=\"1387\">Quando procurar uma cl\u00ednica de reabilita\u00e7\u00e3o?<\/h2>\n<p data-start=\"1389\" data-end=\"1470\">Alguns sinais podem indicar que chegou o momento de procurar ajuda especializada:<\/p>\n<ul data-start=\"1472\" data-end=\"1793\">\n<li data-section-id=\"16a02dj\" data-start=\"1472\" data-end=\"1528\">Perda de controle sobre o consumo de \u00e1lcool ou drogas;<\/li>\n<li data-section-id=\"54bb71\" data-start=\"1529\" data-end=\"1559\">Uso cada vez mais frequente;<\/li>\n<li data-section-id=\"gt5kyl\" data-start=\"1560\" data-end=\"1571\">Reca\u00eddas;<\/li>\n<li data-section-id=\"kzpcz6\" data-start=\"1572\" data-end=\"1605\">Tentativas frustradas de parar;<\/li>\n<li data-section-id=\"w0sdbd\" data-start=\"1606\" data-end=\"1629\">Problemas familiares;<\/li>\n<li data-section-id=\"5wzwdc\" data-start=\"1630\" data-end=\"1670\">Mudan\u00e7as importantes de comportamento;<\/li>\n<li data-section-id=\"118l0st\" data-start=\"1671\" data-end=\"1691\">Isolamento social;<\/li>\n<li data-section-id=\"15e3wys\" data-start=\"1692\" data-end=\"1733\">Preju\u00edzos profissionais ou financeiros;<\/li>\n<li data-section-id=\"ri3vy\" data-start=\"1734\" data-end=\"1760\">Sintomas de abstin\u00eancia;<\/li>\n<li data-section-id=\"7rnrr3\" data-start=\"1761\" data-end=\"1793\">Abandono de responsabilidades.<\/li>\n<\/ul>\n<p data-start=\"1795\" data-end=\"1906\">Uma avalia\u00e7\u00e3o profissional \u00e9 importante para determinar qual modalidade de cuidado \u00e9 adequada para cada pessoa.<\/p>\n<h2 data-section-id=\"6zr6sj\" data-start=\"1908\" data-end=\"1938\">Como funciona o tratamento?<\/h2>\n<p data-start=\"1940\" data-end=\"2205\">O processo deve considerar o hist\u00f3rico e as necessidades individuais do paciente. Conforme o caso e o tipo de estabelecimento, o cuidado pode envolver avalia\u00e7\u00e3o inicial, acompanhamento psicol\u00f3gico, atividades terap\u00eauticas, preven\u00e7\u00e3o de reca\u00eddas e suporte \u00e0 fam\u00edlia.<\/p>\n<p data-start=\"2207\" data-end=\"2378\">Quando existe necessidade de desintoxica\u00e7\u00e3o ou risco de abstin\u00eancia, especialmente em casos de uso intenso de \u00e1lcool, a avalia\u00e7\u00e3o por profissionais de sa\u00fade \u00e9 fundamental.<\/p>\n<h2 data-section-id=\"1crggi6\" data-start=\"2380\" data-end=\"2419\">Tratamento para alcoolismo em Santos<\/h2>\n<p data-start=\"2421\" data-end=\"2533\">O alcoolismo pode afetar a sa\u00fade f\u00edsica e emocional, al\u00e9m da vida profissional e dos relacionamentos familiares.<\/p>\n<p data-start=\"2535\" data-end=\"2690\">O tratamento busca ajudar a pessoa a compreender os fatores relacionados ao consumo, modificar h\u00e1bitos e desenvolver estrat\u00e9gias para manter a recupera\u00e7\u00e3o.<\/p>\n<h2 data-section-id=\"cbmhck\" data-start=\"2692\" data-end=\"2732\">Tratamento para depend\u00eancia de drogas<\/h2>\n<p data-start=\"2734\" data-end=\"2847\">Problemas relacionados ao uso de coca\u00edna, crack e outras drogas tamb\u00e9m podem exigir acompanhamento especializado.<\/p>\n<p data-start=\"2849\" data-end=\"3038\">O tratamento pode trabalhar aspectos como comportamento, sa\u00fade emocional, fortalecimento da autoestima, preven\u00e7\u00e3o de reca\u00eddas e prepara\u00e7\u00e3o para a reinser\u00e7\u00e3o familiar, profissional e social.<\/p>\n<h2 data-section-id=\"1usj5hp\" data-start=\"3040\" data-end=\"3074\">Op\u00e7\u00f5es de atendimento em Santos<\/h2>\n<p data-start=\"3076\" data-end=\"3316\">Existem diferentes servi\u00e7os relacionados ao tratamento da depend\u00eancia qu\u00edmica na cidade. Entre os resultados locais encontrados est\u00e3o <span class=\"contents\" data-content-reference-start=\"3181\" data-content-reference-end=\"3297\"><span class=\"\" data-state=\"closed\"><span class=\"hover:entity-accent entity-underline inline cursor-pointer align-baseline\"><span class=\"whitespace-normal\">Cl\u00ednica Vida Livre &#8211; Cl\u00ednica de Recupera\u00e7\u00e3o para Depend\u00eancia Qu\u00edmica e Alcoolismo em SP <\/span><\/span><\/span><\/span><span class=\"contents\" data-content-reference-start=\"3312\" data-content-reference-end=\"3405\"><span class=\"\" data-state=\"closed\"><span class=\"hover:entity-accent entity-underline inline cursor-pointer align-baseline\"><span class=\"whitespace-normal\">&#8211; CENTRO DE APOIO E RECUPERA\u00c7\u00c3O DE DEPENDENTES DE DROGAS<\/span><\/span><\/span><\/span>.<\/p>\n<p data-start=\"3318\" data-end=\"3623\">A exist\u00eancia desses servi\u00e7os n\u00e3o significa que todos tenham a mesma modalidade de atendimento ou sejam necessariamente as op\u00e7\u00f5es mais baratas; valores, disponibilidade e caracter\u00edsticas do tratamento precisam ser consultados diretamente.<\/p>\n<h2 data-section-id=\"benmyl\" data-start=\"3625\" data-end=\"3672\">Como conseguir um tratamento mais acess\u00edvel?<\/h2>\n<p data-start=\"3674\" data-end=\"3818\">Antes de escolher, vale solicitar um or\u00e7amento completo e perguntar sobre condi\u00e7\u00f5es de pagamento, acomoda\u00e7\u00f5es dispon\u00edveis e eventuais conv\u00eanios.<\/p>\n<p data-start=\"3820\" data-end=\"4120\">Tamb\u00e9m \u00e9 importante verificar junto ao plano de sa\u00fade se existe cobertura para o tratamento necess\u00e1rio. H\u00e1 prestadores da regi\u00e3o que divulgam possibilidade de atendimento por conv\u00eanio, embora a cobertura concreta dependa do contrato e da indica\u00e7\u00e3o do tratamento.<\/p>\n<h2 data-section-id=\"1x69t1p\" data-start=\"4122\" data-end=\"4160\">O que verificar antes de contratar?<\/h2>\n<p data-start=\"4162\" data-end=\"4387\">Al\u00e9m do pre\u00e7o, confira a regularidade da institui\u00e7\u00e3o, qualifica\u00e7\u00e3o dos profissionais, estrutura, modalidade de atendimento, plano terap\u00eautico, participa\u00e7\u00e3o da fam\u00edlia e quais servi\u00e7os est\u00e3o realmente inclu\u00eddos na mensalidade.<\/p>\n<p data-start=\"4389\" data-end=\"4500\">Desconfie de promessas de cura garantida ou pre\u00e7os promocionais sem explica\u00e7\u00e3o clara sobre o servi\u00e7o oferecido.<\/p>\n<h2 data-section-id=\"1oabgs8\" data-start=\"4502\" data-end=\"4529\">A import\u00e2ncia da fam\u00edlia<\/h2>\n<p data-start=\"4531\" data-end=\"4775\">O apoio familiar pode contribuir significativamente para a recupera\u00e7\u00e3o. Orienta\u00e7\u00f5es para familiares ajudam a compreender melhor a depend\u00eancia, estabelecer limites e preparar o ambiente para a continuidade do cuidado ap\u00f3s a sa\u00edda da institui\u00e7\u00e3o.<\/p>\n<h2 data-section-id=\"1fgii0x\" data-start=\"4777\" data-end=\"4803\">Recupera\u00e7\u00e3o ap\u00f3s a alta<\/h2>\n<p data-start=\"4805\" data-end=\"5080\">A recupera\u00e7\u00e3o deve continuar depois do per\u00edodo de tratamento intensivo. Conforme as necessidades individuais, podem ser recomendados acompanhamento psicol\u00f3gico, grupos de apoio, preven\u00e7\u00e3o de reca\u00eddas, fortalecimento dos v\u00ednculos familiares e reinser\u00e7\u00e3o profissional e social.<\/p>\n<h2 data-section-id=\"4j5opj\" data-start=\"5082\" data-end=\"5131\">Um tratamento que cabe no or\u00e7amento da fam\u00edlia<\/h2>\n<p data-start=\"5133\" data-end=\"5469\">Buscar uma <strong data-start=\"5144\" data-end=\"5201\">cl\u00ednica de reabilita\u00e7\u00e3o com pre\u00e7o acess\u00edvel em Santos<\/strong> exige comparar pre\u00e7o, qualidade e seguran\u00e7a. Existem alternativas na regi\u00e3o e diferentes formas de atendimento, mas o melhor custo-benef\u00edcio ser\u00e1 aquele que oferece o cuidado adequado \u00e0s necessidades do paciente com condi\u00e7\u00f5es financeiras que a fam\u00edlia consiga manter.<\/p>\n","protected":false},"excerpt":{"rendered":"<p>Cl\u00ednica de Reabilita\u00e7\u00e3o com Pre\u00e7o Acess\u00edvel em Santos: Tratamento para \u00c1lcool e Drogas Encontrar uma cl\u00ednica de reabilita\u00e7\u00e3o com pre\u00e7o acess\u00edvel em Santos \u00e9\u2026<\/p>\n","protected":false},"author":3,"featured_media":0,"comment_status":"open","ping_status":"open","sticky":false,"template":"","format":"standard","meta":{"footnotes":""},"categories":[233],"tags":[317],"class_list":["post-10060","post","type-post","status-publish","format-standard","hentry","category-santos","tag-clinica-de-recuperacao-baixada-santist"],"yoast_head":"<!-- This site is optimized with the Yoast SEO Premium plugin v27.6.1 (Yoast SEO v28.2) - https:\/\/yoast.com\/product\/yoast-seo-premium-wordpress\/ -->\n<title>Cl\u00ednica de Reabilita\u00e7\u00e3o com Pre\u00e7o Acess\u00edvel em Santos - Blog Inter Cl\u00ednicas Litoral<\/title>\n<meta name=\"description\" content=\"Cl\u00ednica de reabilita\u00e7\u00e3o com pre\u00e7o acess\u00edvel em Santos para tratamento de \u00e1lcool e drogas. Conhe\u00e7a op\u00e7\u00f5es de recupera\u00e7\u00e3o, atendimento humanizado e condi\u00e7\u00f5es que podem facilitar o tratamento.\" \/>\n<meta name=\"robots\" content=\"index, follow, max-snippet:-1, max-image-preview:large, max-video-preview:-1\" \/>\n<link rel=\"canonical\" href=\"https:\/\/interclinicaslitoral.com.br\/blog\/clinica-de-reabilitacao-com-preco-acessivel-em-santos\/\" \/>\n<meta property=\"og:locale\" content=\"pt_PT\" \/>\n<meta property=\"og:type\" content=\"article\" \/>\n<meta property=\"og:title\" content=\"Cl\u00ednica de Reabilita\u00e7\u00e3o com Pre\u00e7o Acess\u00edvel em Santos\" \/>\n<meta property=\"og:description\" content=\"Cl\u00ednica de reabilita\u00e7\u00e3o com pre\u00e7o acess\u00edvel em Santos para tratamento de \u00e1lcool e drogas. Conhe\u00e7a op\u00e7\u00f5es de recupera\u00e7\u00e3o, atendimento humanizado e condi\u00e7\u00f5es que podem facilitar o tratamento.\" \/>\n<meta property=\"og:url\" content=\"https:\/\/interclinicaslitoral.com.br\/blog\/clinica-de-reabilitacao-com-preco-acessivel-em-santos\/\" \/>\n<meta property=\"og:site_name\" content=\"Blog Inter Cl\u00ednicas Litoral\" \/>\n<meta property=\"article:published_time\" content=\"2026-08-11T14:11:54+00:00\" \/>\n<meta name=\"author\" content=\"Mateus Lima\" \/>\n<meta name=\"twitter:card\" content=\"summary_large_image\" \/>\n<meta name=\"twitter:label1\" content=\"Escrito por\" \/>\n\t<meta name=\"twitter:data1\" content=\"Mateus Lima\" \/>\n\t<meta name=\"twitter:label2\" content=\"Tempo estimado de leitura\" \/>\n\t<meta name=\"twitter:data2\" content=\"4 minutos\" \/>\n<script type=\"application\/ld+json\" class=\"yoast-schema-graph\">{\"@context\":\"https:\\\/\\\/schema.org\",\"@graph\":[{\"@type\":\"Article\",\"@id\":\"https:\\\/\\\/interclinicaslitoral.com.br\\\/blog\\\/clinica-de-reabilitacao-com-preco-acessivel-em-santos\\\/#article\",\"isPartOf\":{\"@id\":\"https:\\\/\\\/interclinicaslitoral.com.br\\\/blog\\\/clinica-de-reabilitacao-com-preco-acessivel-em-santos\\\/\"},\"author\":{\"name\":\"Mateus Lima\",\"@id\":\"https:\\\/\\\/interclinicaslitoral.com.br\\\/blog\\\/#\\\/schema\\\/person\\\/25efe000f884103571c66b32e6cdbc80\"},\"headline\":\"Cl\u00ednica de Reabilita\u00e7\u00e3o com Pre\u00e7o Acess\u00edvel em Santos\",\"datePublished\":\"2026-08-11T14:11:54+00:00\",\"mainEntityOfPage\":{\"@id\":\"https:\\\/\\\/interclinicaslitoral.com.br\\\/blog\\\/clinica-de-reabilitacao-com-preco-acessivel-em-santos\\\/\"},\"wordCount\":874,\"commentCount\":0,\"keywords\":[\"cl\u00ednica de recupera\u00e7\u00e3o Baixada Santist\"],\"articleSection\":[\"Santos\"],\"inLanguage\":\"pt-PT\",\"potentialAction\":[{\"@type\":\"CommentAction\",\"name\":\"Comment\",\"target\":[\"https:\\\/\\\/interclinicaslitoral.com.br\\\/blog\\\/clinica-de-reabilitacao-com-preco-acessivel-em-santos\\\/#respond\"]}]},{\"@type\":\"WebPage\",\"@id\":\"https:\\\/\\\/interclinicaslitoral.com.br\\\/blog\\\/clinica-de-reabilitacao-com-preco-acessivel-em-santos\\\/\",\"url\":\"https:\\\/\\\/interclinicaslitoral.com.br\\\/blog\\\/clinica-de-reabilitacao-com-preco-acessivel-em-santos\\\/\",\"name\":\"Cl\u00ednica de Reabilita\u00e7\u00e3o com Pre\u00e7o Acess\u00edvel em Santos - Blog Inter Cl\u00ednicas Litoral\",\"isPartOf\":{\"@id\":\"https:\\\/\\\/interclinicaslitoral.com.br\\\/blog\\\/#website\"},\"datePublished\":\"2026-08-11T14:11:54+00:00\",\"author\":{\"@id\":\"https:\\\/\\\/interclinicaslitoral.com.br\\\/blog\\\/#\\\/schema\\\/person\\\/25efe000f884103571c66b32e6cdbc80\"},\"description\":\"Cl\u00ednica de reabilita\u00e7\u00e3o com pre\u00e7o acess\u00edvel em Santos para tratamento de \u00e1lcool e drogas. Conhe\u00e7a op\u00e7\u00f5es de recupera\u00e7\u00e3o, atendimento humanizado e condi\u00e7\u00f5es que podem facilitar o tratamento.\",\"breadcrumb\":{\"@id\":\"https:\\\/\\\/interclinicaslitoral.com.br\\\/blog\\\/clinica-de-reabilitacao-com-preco-acessivel-em-santos\\\/#breadcrumb\"},\"inLanguage\":\"pt-PT\",\"potentialAction\":[{\"@type\":\"ReadAction\",\"target\":[\"https:\\\/\\\/interclinicaslitoral.com.br\\\/blog\\\/clinica-de-reabilitacao-com-preco-acessivel-em-santos\\\/\"]}]},{\"@type\":\"BreadcrumbList\",\"@id\":\"https:\\\/\\\/interclinicaslitoral.com.br\\\/blog\\\/clinica-de-reabilitacao-com-preco-acessivel-em-santos\\\/#breadcrumb\",\"itemListElement\":[{\"@type\":\"ListItem\",\"position\":1,\"name\":\"In\u00edcio\",\"item\":\"https:\\\/\\\/interclinicaslitoral.com.br\\\/blog\\\/\"},{\"@type\":\"ListItem\",\"position\":2,\"name\":\"Cl\u00ednica de Reabilita\u00e7\u00e3o com Pre\u00e7o Acess\u00edvel em Santos\"}]},{\"@type\":\"WebSite\",\"@id\":\"https:\\\/\\\/interclinicaslitoral.com.br\\\/blog\\\/#website\",\"url\":\"https:\\\/\\\/interclinicaslitoral.com.br\\\/blog\\\/\",\"name\":\"Blog Inter Cl\u00ednicas Litoral\",\"description\":\"Conte\u00fados sobre depend\u00eancia qu\u00edmica, alcoolismo, sa\u00fade mental, apoio familiar e caminhos de cuidado em todo o Litoral Paulista.\",\"potentialAction\":[{\"@type\":\"SearchAction\",\"target\":{\"@type\":\"EntryPoint\",\"urlTemplate\":\"https:\\\/\\\/interclinicaslitoral.com.br\\\/blog\\\/?s={search_term_string}\"},\"query-input\":{\"@type\":\"PropertyValueSpecification\",\"valueRequired\":true,\"valueName\":\"search_term_string\"}}],\"inLanguage\":\"pt-PT\"},{\"@type\":\"Person\",\"@id\":\"https:\\\/\\\/interclinicaslitoral.com.br\\\/blog\\\/#\\\/schema\\\/person\\\/25efe000f884103571c66b32e6cdbc80\",\"name\":\"Mateus Lima\",\"image\":{\"@type\":\"ImageObject\",\"inLanguage\":\"pt-PT\",\"@id\":\"https:\\\/\\\/secure.gravatar.com\\\/avatar\\\/8ee3361f3710b50ec788c884d8bbd3c52dbf13c1bf31d03b9492860d33ca61a9?s=96&d=mm&r=g\",\"url\":\"https:\\\/\\\/secure.gravatar.com\\\/avatar\\\/8ee3361f3710b50ec788c884d8bbd3c52dbf13c1bf31d03b9492860d33ca61a9?s=96&d=mm&r=g\",\"contentUrl\":\"https:\\\/\\\/secure.gravatar.com\\\/avatar\\\/8ee3361f3710b50ec788c884d8bbd3c52dbf13c1bf31d03b9492860d33ca61a9?s=96&d=mm&r=g\",\"caption\":\"Mateus Lima\"},\"url\":\"https:\\\/\\\/interclinicaslitoral.com.br\\\/blog\\\/author\\\/mateus\\\/\"}]}<\/script>\n<!-- \/ Yoast SEO Premium plugin. -->","yoast_head_json":{"title":"Cl\u00ednica de Reabilita\u00e7\u00e3o com Pre\u00e7o Acess\u00edvel em Santos - Blog Inter Cl\u00ednicas Litoral","description":"Cl\u00ednica de reabilita\u00e7\u00e3o com pre\u00e7o acess\u00edvel em Santos para tratamento de \u00e1lcool e drogas. Conhe\u00e7a op\u00e7\u00f5es de recupera\u00e7\u00e3o, atendimento humanizado e condi\u00e7\u00f5es que podem facilitar o tratamento.","robots":{"index":"index","follow":"follow","max-snippet":"max-snippet:-1","max-image-preview":"max-image-preview:large","max-video-preview":"max-video-preview:-1"},"canonical":"https:\/\/interclinicaslitoral.com.br\/blog\/clinica-de-reabilitacao-com-preco-acessivel-em-santos\/","og_locale":"pt_PT","og_type":"article","og_title":"Cl\u00ednica de Reabilita\u00e7\u00e3o com Pre\u00e7o Acess\u00edvel em Santos","og_description":"Cl\u00ednica de reabilita\u00e7\u00e3o com pre\u00e7o acess\u00edvel em Santos para tratamento de \u00e1lcool e drogas. Conhe\u00e7a op\u00e7\u00f5es de recupera\u00e7\u00e3o, atendimento humanizado e condi\u00e7\u00f5es que podem facilitar o tratamento.","og_url":"https:\/\/interclinicaslitoral.com.br\/blog\/clinica-de-reabilitacao-com-preco-acessivel-em-santos\/","og_site_name":"Blog Inter Cl\u00ednicas Litoral","article_published_time":"2026-08-11T14:11:54+00:00","author":"Mateus Lima","twitter_card":"summary_large_image","twitter_misc":{"Escrito por":"Mateus Lima","Tempo estimado de leitura":"4 minutos"},"schema":{"@context":"https:\/\/schema.org","@graph":[{"@type":"Article","@id":"https:\/\/interclinicaslitoral.com.br\/blog\/clinica-de-reabilitacao-com-preco-acessivel-em-santos\/#article","isPartOf":{"@id":"https:\/\/interclinicaslitoral.com.br\/blog\/clinica-de-reabilitacao-com-preco-acessivel-em-santos\/"},"author":{"name":"Mateus Lima","@id":"https:\/\/interclinicaslitoral.com.br\/blog\/#\/schema\/person\/25efe000f884103571c66b32e6cdbc80"},"headline":"Cl\u00ednica de Reabilita\u00e7\u00e3o com Pre\u00e7o Acess\u00edvel em Santos","datePublished":"2026-08-11T14:11:54+00:00","mainEntityOfPage":{"@id":"https:\/\/interclinicaslitoral.com.br\/blog\/clinica-de-reabilitacao-com-preco-acessivel-em-santos\/"},"wordCount":874,"commentCount":0,"keywords":["cl\u00ednica de recupera\u00e7\u00e3o Baixada Santist"],"articleSection":["Santos"],"inLanguage":"pt-PT","potentialAction":[{"@type":"CommentAction","name":"Comment","target":["https:\/\/interclinicaslitoral.com.br\/blog\/clinica-de-reabilitacao-com-preco-acessivel-em-santos\/#respond"]}]},{"@type":"WebPage","@id":"https:\/\/interclinicaslitoral.com.br\/blog\/clinica-de-reabilitacao-com-preco-acessivel-em-santos\/","url":"https:\/\/interclinicaslitoral.com.br\/blog\/clinica-de-reabilitacao-com-preco-acessivel-em-santos\/","name":"Cl\u00ednica de Reabilita\u00e7\u00e3o com Pre\u00e7o Acess\u00edvel em Santos - Blog Inter Cl\u00ednicas Litoral","isPartOf":{"@id":"https:\/\/interclinicaslitoral.com.br\/blog\/#website"},"datePublished":"2026-08-11T14:11:54+00:00","author":{"@id":"https:\/\/interclinicaslitoral.com.br\/blog\/#\/schema\/person\/25efe000f884103571c66b32e6cdbc80"},"description":"Cl\u00ednica de reabilita\u00e7\u00e3o com pre\u00e7o acess\u00edvel em Santos para tratamento de \u00e1lcool e drogas. Conhe\u00e7a op\u00e7\u00f5es de recupera\u00e7\u00e3o, atendimento humanizado e condi\u00e7\u00f5es que podem facilitar o tratamento.","breadcrumb":{"@id":"https:\/\/interclinicaslitoral.com.br\/blog\/clinica-de-reabilitacao-com-preco-acessivel-em-santos\/#breadcrumb"},"inLanguage":"pt-PT","potentialAction":[{"@type":"ReadAction","target":["https:\/\/interclinicaslitoral.com.br\/blog\/clinica-de-reabilitacao-com-preco-acessivel-em-santos\/"]}]},{"@type":"BreadcrumbList","@id":"https:\/\/interclinicaslitoral.com.br\/blog\/clinica-de-reabilitacao-com-preco-acessivel-em-santos\/#breadcrumb","itemListElement":[{"@type":"ListItem","position":1,"name":"In\u00edcio","item":"https:\/\/interclinicaslitoral.com.br\/blog\/"},{"@type":"ListItem","position":2,"name":"Cl\u00ednica de Reabilita\u00e7\u00e3o com Pre\u00e7o Acess\u00edvel em Santos"}]},{"@type":"WebSite","@id":"https:\/\/interclinicaslitoral.com.br\/blog\/#website","url":"https:\/\/interclinicaslitoral.com.br\/blog\/","name":"Blog Inter Cl\u00ednicas Litoral","description":"Conte\u00fados sobre depend\u00eancia qu\u00edmica, alcoolismo, sa\u00fade mental, apoio familiar e caminhos de cuidado em todo o Litoral Paulista.","potentialAction":[{"@type":"SearchAction","target":{"@type":"EntryPoint","urlTemplate":"https:\/\/interclinicaslitoral.com.br\/blog\/?s={search_term_string}"},"query-input":{"@type":"PropertyValueSpecification","valueRequired":true,"valueName":"search_term_string"}}],"inLanguage":"pt-PT"},{"@type":"Person","@id":"https:\/\/interclinicaslitoral.com.br\/blog\/#\/schema\/person\/25efe000f884103571c66b32e6cdbc80","name":"Mateus Lima","image":{"@type":"ImageObject","inLanguage":"pt-PT","@id":"https:\/\/secure.gravatar.com\/avatar\/8ee3361f3710b50ec788c884d8bbd3c52dbf13c1bf31d03b9492860d33ca61a9?s=96&d=mm&r=g","url":"https:\/\/secure.gravatar.com\/avatar\/8ee3361f3710b50ec788c884d8bbd3c52dbf13c1bf31d03b9492860d33ca61a9?s=96&d=mm&r=g","contentUrl":"https:\/\/secure.gravatar.com\/avatar\/8ee3361f3710b50ec788c884d8bbd3c52dbf13c1bf31d03b9492860d33ca61a9?s=96&d=mm&r=g","caption":"Mateus Lima"},"url":"https:\/\/interclinicaslitoral.com.br\/blog\/author\/mateus\/"}]}},"_links":{"self":[{"href":"https:\/\/interclinicaslitoral.com.br\/blog\/wp-json\/wp\/v2\/posts\/10060","targetHints":{"allow":["GET"]}}],"collection":[{"href":"https:\/\/interclinicaslitoral.com.br\/blog\/wp-json\/wp\/v2\/posts"}],"about":[{"href":"https:\/\/interclinicaslitoral.com.br\/blog\/wp-json\/wp\/v2\/types\/post"}],"author":[{"embeddable":true,"href":"https:\/\/interclinicaslitoral.com.br\/blog\/wp-json\/wp\/v2\/users\/3"}],"replies":[{"embeddable":true,"href":"https:\/\/interclinicaslitoral.com.br\/blog\/wp-json\/wp\/v2\/comments?post=10060"}],"version-history":[{"count":1,"href":"https:\/\/interclinicaslitoral.com.br\/blog\/wp-json\/wp\/v2\/posts\/10060\/revisions"}],"predecessor-version":[{"id":10061,"href":"https:\/\/interclinicaslitoral.com.br\/blog\/wp-json\/wp\/v2\/posts\/10060\/revisions\/10061"}],"wp:attachment":[{"href":"https:\/\/interclinicaslitoral.com.br\/blog\/wp-json\/wp\/v2\/media?parent=10060"}],"wp:term":[{"taxonomy":"category","embeddable":true,"href":"https:\/\/interclinicaslitoral.com.br\/blog\/wp-json\/wp\/v2\/categories?post=10060"},{"taxonomy":"post_tag","embeddable":true,"href":"https:\/\/interclinicaslitoral.com.br\/blog\/wp-json\/wp\/v2\/tags?post=10060"}],"curies":[{"name":"wp","href":"https:\/\/api.w.org\/{rel}","templated":true}]}}