{"id":10056,"date":"2026-08-10T10:00:53","date_gmt":"2026-08-10T13:00:53","guid":{"rendered":"https:\/\/interclinicaslitoral.com.br\/blog\/?p=10056"},"modified":"2026-08-10T10:00:53","modified_gmt":"2026-08-10T13:00:53","slug":"clinica-de-recuperacao-de-alcool-e-drogas-em-ferraz-de-vasconcelos","status":"publish","type":"post","link":"https:\/\/interclinicaslitoral.com.br\/blog\/clinica-de-recuperacao-de-alcool-e-drogas-em-ferraz-de-vasconcelos\/","title":{"rendered":"Cl\u00ednica de Recupera\u00e7\u00e3o de \u00c1lcool e Drogas em Ferraz de Vasconcelos"},"content":{"rendered":"<h1 data-section-id=\"1oha770\" data-start=\"0\" data-end=\"107\">Cl\u00ednica de Recupera\u00e7\u00e3o de \u00c1lcool e Drogas em Ferraz de Vasconcelos: Tratamento Humanizado e Especializado<\/h1>\n<p data-start=\"109\" data-end=\"486\">Encontrar uma <strong data-start=\"123\" data-end=\"193\">cl\u00ednica de recupera\u00e7\u00e3o de \u00e1lcool e drogas em Ferraz de Vasconcelos<\/strong> pode ser o primeiro passo para ajudar uma pessoa que enfrenta problemas relacionados \u00e0 depend\u00eancia qu\u00edmica ou ao alcoolismo. O tratamento adequado busca cuidar n\u00e3o apenas do consumo da subst\u00e2ncia, mas tamb\u00e9m dos aspectos emocionais, familiares e sociais envolvidos no processo de recupera\u00e7\u00e3o.<\/p>\n<p data-start=\"488\" data-end=\"692\">Com acompanhamento profissional, rotina estruturada e participa\u00e7\u00e3o da fam\u00edlia, o paciente pode desenvolver novos h\u00e1bitos e estrat\u00e9gias para construir uma vida mais saud\u00e1vel e reduzir os riscos de reca\u00edda.<\/p>\n<h2 data-section-id=\"lltbyz\" data-start=\"694\" data-end=\"719\">Quando procurar ajuda?<\/h2>\n<p data-start=\"721\" data-end=\"872\">\u00c9 importante observar mudan\u00e7as que indiquem que o consumo de \u00e1lcool ou drogas est\u00e1 causando preju\u00edzos significativos. Entre os principais sinais est\u00e3o:<\/p>\n<ul data-start=\"874\" data-end=\"1227\">\n<li data-section-id=\"11h6g5u\" data-start=\"874\" data-end=\"910\">Perda de controle sobre o consumo;<\/li>\n<li data-section-id=\"zeblf2\" data-start=\"911\" data-end=\"954\">Uso frequente de \u00e1lcool ou outras drogas;<\/li>\n<li data-section-id=\"kzpcz6\" data-start=\"955\" data-end=\"988\">Tentativas frustradas de parar;<\/li>\n<li data-section-id=\"1kl3f29\" data-start=\"989\" data-end=\"1011\">Reca\u00eddas frequentes;<\/li>\n<li data-section-id=\"1xqmu4t\" data-start=\"1012\" data-end=\"1054\">Altera\u00e7\u00f5es importantes de comportamento;<\/li>\n<li data-section-id=\"1n1282l\" data-start=\"1055\" data-end=\"1094\">Problemas familiares e profissionais;<\/li>\n<li data-section-id=\"118l0st\" data-start=\"1095\" data-end=\"1115\">Isolamento social;<\/li>\n<li data-section-id=\"1ijej1v\" data-start=\"1116\" data-end=\"1167\">Dificuldades financeiras relacionadas ao consumo;<\/li>\n<li data-section-id=\"ri3vy\" data-start=\"1168\" data-end=\"1194\">Sintomas de abstin\u00eancia;<\/li>\n<li data-section-id=\"7rnrr3\" data-start=\"1195\" data-end=\"1227\">Abandono de responsabilidades.<\/li>\n<\/ul>\n<p data-start=\"1229\" data-end=\"1349\">Quando esses sinais aparecem, uma avalia\u00e7\u00e3o profissional pode ajudar a identificar qual tipo de cuidado \u00e9 mais adequado.<\/p>\n<h2 data-section-id=\"pdbwv3\" data-start=\"1351\" data-end=\"1406\">Como funciona o tratamento para depend\u00eancia qu\u00edmica?<\/h2>\n<p data-start=\"1408\" data-end=\"1541\">Cada pessoa possui uma hist\u00f3ria diferente. Por isso, o tratamento deve ser planejado individualmente de acordo com suas necessidades.<\/p>\n<h3 data-section-id=\"ogwikp\" data-start=\"1543\" data-end=\"1567\">1. Avalia\u00e7\u00e3o inicial<\/h3>\n<p data-start=\"1569\" data-end=\"1726\">A primeira etapa consiste em conhecer o hist\u00f3rico do paciente, padr\u00e3o de consumo, tratamentos anteriores, condi\u00e7\u00f5es f\u00edsicas e emocionais e situa\u00e7\u00e3o familiar.<\/p>\n<p data-start=\"1728\" data-end=\"1814\">Essas informa\u00e7\u00f5es ajudam os profissionais a estabelecer um plano terap\u00eautico adequado.<\/p>\n<h3 data-section-id=\"67mhxf\" data-start=\"1816\" data-end=\"1857\">2. Desintoxica\u00e7\u00e3o e cuidados de sa\u00fade<\/h3>\n<p data-start=\"1859\" data-end=\"1975\">Algumas pessoas podem precisar de cuidados m\u00e9dicos espec\u00edficos durante a interrup\u00e7\u00e3o do consumo de \u00e1lcool ou drogas.<\/p>\n<p data-start=\"1977\" data-end=\"2143\">A necessidade de desintoxica\u00e7\u00e3o deve ser avaliada por profissionais habilitados, principalmente quando existe risco de s\u00edndrome de abstin\u00eancia ou outras complica\u00e7\u00f5es.<\/p>\n<h3 data-section-id=\"1i3eq4r\" data-start=\"2145\" data-end=\"2178\">3. Acompanhamento psicol\u00f3gico<\/h3>\n<p data-start=\"2180\" data-end=\"2360\">Durante a recupera\u00e7\u00e3o, o acompanhamento psicol\u00f3gico ajuda o paciente a compreender comportamentos associados ao consumo e desenvolver estrat\u00e9gias para lidar com situa\u00e7\u00f5es de risco.<\/p>\n<p data-start=\"2362\" data-end=\"2386\">O programa pode incluir:<\/p>\n<ul data-start=\"2388\" data-end=\"2602\">\n<li data-section-id=\"w5p39i\" data-start=\"2388\" data-end=\"2414\">Psicoterapia individual;<\/li>\n<li data-section-id=\"oji84t\" data-start=\"2415\" data-end=\"2435\">Terapias em grupo;<\/li>\n<li data-section-id=\"1de4k86\" data-start=\"2436\" data-end=\"2462\">Atividades terap\u00eauticas;<\/li>\n<li data-section-id=\"1recp5z\" data-start=\"2463\" data-end=\"2485\">Terapia ocupacional;<\/li>\n<li data-section-id=\"5hyo8s\" data-start=\"2486\" data-end=\"2514\">Desenvolvimento emocional;<\/li>\n<li data-section-id=\"1yck3wu\" data-start=\"2515\" data-end=\"2546\">Fortalecimento da autoestima;<\/li>\n<li data-section-id=\"wij9d9\" data-start=\"2547\" data-end=\"2571\">Preven\u00e7\u00e3o de reca\u00eddas;<\/li>\n<li data-section-id=\"1ipmjyn\" data-start=\"2572\" data-end=\"2602\">Constru\u00e7\u00e3o de novos h\u00e1bitos.<\/li>\n<\/ul>\n<h2 data-section-id=\"11zv636\" data-start=\"2604\" data-end=\"2633\">Tratamento para alcoolismo<\/h2>\n<p data-start=\"2635\" data-end=\"2737\">A depend\u00eancia do \u00e1lcool pode provocar consequ\u00eancias f\u00edsicas, psicol\u00f3gicas, familiares e profissionais.<\/p>\n<p data-start=\"2739\" data-end=\"2874\">O tratamento busca ajudar o paciente a reconhecer os fatores associados ao consumo e desenvolver estrat\u00e9gias para manter a recupera\u00e7\u00e3o.<\/p>\n<p data-start=\"2876\" data-end=\"3071\">Em pessoas com consumo intenso ou prolongado, interromper o \u00e1lcool abruptamente pode causar abstin\u00eancia grave. Nesses casos, \u00e9 especialmente importante buscar avalia\u00e7\u00e3o de profissionais de sa\u00fade.<\/p>\n<h2 data-section-id=\"cbmhck\" data-start=\"3073\" data-end=\"3113\">Tratamento para depend\u00eancia de drogas<\/h2>\n<p data-start=\"3115\" data-end=\"3226\">A depend\u00eancia de subst\u00e2ncias como coca\u00edna, crack e outras drogas tamb\u00e9m pode exigir acompanhamento estruturado.<\/p>\n<p data-start=\"3228\" data-end=\"3379\">O objetivo n\u00e3o \u00e9 somente interromper o consumo. O tratamento tamb\u00e9m trabalha quest\u00f5es emocionais, comportamentais e sociais relacionadas \u00e0 depend\u00eancia.<\/p>\n<h2 data-section-id=\"1oabgs8\" data-start=\"3381\" data-end=\"3408\">A import\u00e2ncia da fam\u00edlia<\/h2>\n<p data-start=\"3410\" data-end=\"3478\">O apoio familiar pode ter um papel importante durante a recupera\u00e7\u00e3o.<\/p>\n<p data-start=\"3480\" data-end=\"3510\">O acompanhamento pode incluir:<\/p>\n<ul data-start=\"3512\" data-end=\"3680\">\n<li data-section-id=\"b4les3\" data-start=\"3512\" data-end=\"3541\">Orienta\u00e7\u00e3o para familiares;<\/li>\n<li data-section-id=\"1kkh8cc\" data-start=\"3542\" data-end=\"3561\">Terapia familiar;<\/li>\n<li data-section-id=\"1pbjb3a\" data-start=\"3562\" data-end=\"3580\">Grupos de apoio;<\/li>\n<li data-section-id=\"jioyo8\" data-start=\"3581\" data-end=\"3611\">Fortalecimento dos v\u00ednculos;<\/li>\n<li data-section-id=\"m8yf5y\" data-start=\"3612\" data-end=\"3637\">Prepara\u00e7\u00e3o para a alta;<\/li>\n<li data-section-id=\"11dccbj\" data-start=\"3638\" data-end=\"3680\">Orienta\u00e7\u00f5es sobre preven\u00e7\u00e3o de reca\u00eddas.<\/li>\n<\/ul>\n<p data-start=\"3682\" data-end=\"3793\">A fam\u00edlia tamb\u00e9m aprende maneiras mais adequadas de apoiar o paciente sem refor\u00e7ar comportamentos prejudiciais.<\/p>\n<h2 data-section-id=\"hei1t7\" data-start=\"3795\" data-end=\"3852\">Cl\u00ednica de recupera\u00e7\u00e3o pr\u00f3xima a Ferraz de Vasconcelos<\/h2>\n<p data-start=\"3854\" data-end=\"3998\">Para moradores de Ferraz de Vasconcelos e do Alto Tiet\u00ea, procurar atendimento na regi\u00e3o pode facilitar o acesso da fam\u00edlia durante o tratamento.<\/p>\n<p data-start=\"4000\" data-end=\"4150\">A localiza\u00e7\u00e3o tamb\u00e9m favorece pessoas de cidades e regi\u00f5es pr\u00f3ximas, como <strong data-start=\"4074\" data-end=\"4149\">Po\u00e1, Suzano, Itaquaquecetuba, Mogi das Cruzes e Zona Leste de S\u00e3o Paulo<\/strong>.<\/p>\n<h2 data-section-id=\"ifsnyw\" data-start=\"4152\" data-end=\"4201\">O que verificar antes de escolher uma cl\u00ednica?<\/h2>\n<p data-start=\"4203\" data-end=\"4327\">Antes de contratar o tratamento, \u00e9 importante conhecer pessoalmente ou solicitar informa\u00e7\u00f5es detalhadas sobre a institui\u00e7\u00e3o.<\/p>\n<p data-start=\"4329\" data-end=\"4353\">Verifique aspectos como:<\/p>\n<ul data-start=\"4355\" data-end=\"4619\">\n<li data-section-id=\"1wzpf65\" data-start=\"4355\" data-end=\"4380\">Qualifica\u00e7\u00e3o da equipe;<\/li>\n<li data-section-id=\"ch9sny\" data-start=\"4381\" data-end=\"4405\">Estrutura e seguran\u00e7a;<\/li>\n<li data-section-id=\"1xoocj7\" data-start=\"4406\" data-end=\"4426\">Plano terap\u00eautico;<\/li>\n<li data-section-id=\"1fqmis6\" data-start=\"4427\" data-end=\"4450\">Rotina dos pacientes;<\/li>\n<li data-section-id=\"1oj6xrh\" data-start=\"4451\" data-end=\"4477\">Acompanhamento familiar;<\/li>\n<li data-section-id=\"1jmr8h\" data-start=\"4478\" data-end=\"4513\">Servi\u00e7os efetivamente oferecidos;<\/li>\n<li data-section-id=\"tlstm3\" data-start=\"4514\" data-end=\"4559\">Documenta\u00e7\u00e3o e regularidade da institui\u00e7\u00e3o;<\/li>\n<li data-section-id=\"ujw6ku\" data-start=\"4560\" data-end=\"4583\">Planejamento da alta;<\/li>\n<li data-section-id=\"6xmsvn\" data-start=\"4584\" data-end=\"4619\">Valores e condi\u00e7\u00f5es de pagamento.<\/li>\n<\/ul>\n<p data-start=\"4621\" data-end=\"4829\">Tamb\u00e9m \u00e9 importante entender se o estabelecimento funciona como cl\u00ednica\/servi\u00e7o de sa\u00fade ou como comunidade terap\u00eautica, pois existem diferen\u00e7as entre os servi\u00e7os e cuidados que cada modalidade pode oferecer.<\/p>\n<h2 data-section-id=\"o3x5sg\" data-start=\"4831\" data-end=\"4860\">Recupera\u00e7\u00e3o depois da alta<\/h2>\n<p data-start=\"4862\" data-end=\"4926\">A recupera\u00e7\u00e3o n\u00e3o termina quando o paciente deixa a institui\u00e7\u00e3o.<\/p>\n<p data-start=\"4928\" data-end=\"4967\">Um planejamento adequado pode envolver:<\/p>\n<ul data-start=\"4969\" data-end=\"5154\">\n<li data-section-id=\"7tfug3\" data-start=\"4969\" data-end=\"4998\">Acompanhamento psicol\u00f3gico;<\/li>\n<li data-section-id=\"1pbjb3a\" data-start=\"4999\" data-end=\"5017\">Grupos de apoio;<\/li>\n<li data-section-id=\"wij9d9\" data-start=\"5018\" data-end=\"5042\">Preven\u00e7\u00e3o de reca\u00eddas;<\/li>\n<li data-section-id=\"3o3ibv\" data-start=\"5043\" data-end=\"5084\">Fortalecimento dos v\u00ednculos familiares;<\/li>\n<li data-section-id=\"1hmeq6t\" data-start=\"5085\" data-end=\"5120\">Reinser\u00e7\u00e3o profissional e social;<\/li>\n<li data-section-id=\"18344ob\" data-start=\"5121\" data-end=\"5154\">Organiza\u00e7\u00e3o de uma nova rotina.<\/li>\n<\/ul>\n<p data-start=\"5156\" data-end=\"5252\">O objetivo \u00e9 ajudar a pessoa a aplicar no cotidiano aquilo que desenvolveu durante o tratamento.<\/p>\n<h2 data-section-id=\"1xgzvyl\" data-start=\"5254\" data-end=\"5282\">Um novo come\u00e7o \u00e9 poss\u00edvel<\/h2>\n<p data-start=\"5284\" data-end=\"5436\">Buscar uma <strong data-start=\"5295\" data-end=\"5365\">cl\u00ednica de recupera\u00e7\u00e3o de \u00e1lcool e drogas em Ferraz de Vasconcelos<\/strong> pode representar uma importante mudan\u00e7a para o paciente e sua fam\u00edlia.<\/p>\n<p data-start=\"5438\" data-end=\"5620\">Com tratamento adequado, acompanhamento profissional e continuidade dos cuidados, \u00e9 poss\u00edvel avan\u00e7ar na recupera\u00e7\u00e3o, reconstruir relacionamentos e desenvolver uma vida mais saud\u00e1vel.<\/p>\n","protected":false},"excerpt":{"rendered":"<p>Cl\u00ednica de Recupera\u00e7\u00e3o de \u00c1lcool e Drogas em Ferraz de Vasconcelos: Tratamento Humanizado e Especializado Encontrar uma cl\u00ednica de recupera\u00e7\u00e3o de \u00e1lcool e drogas\u2026<\/p>\n","protected":false},"author":3,"featured_media":0,"comment_status":"open","ping_status":"open","sticky":false,"template":"","format":"standard","meta":{"footnotes":""},"categories":[190],"tags":[313,312,311],"class_list":["post-10056","post","type-post","status-publish","format-standard","hentry","category-ferraz-de-vasconcelos","tag-clinica-de-recuperacao-alcool-e-drogas","tag-clinica-de-recuperacao-de-alcool-e-drogas-feminina","tag-clinica-de-recuperacao-para-alcool-e-drogas-maculina"],"yoast_head":"<!-- This site is optimized with the Yoast SEO Premium plugin v27.6.1 (Yoast SEO v28.2) - https:\/\/yoast.com\/product\/yoast-seo-premium-wordpress\/ -->\n<title>Cl\u00ednica de Recupera\u00e7\u00e3o de \u00c1lcool e Drogas em Ferraz de Vasconcelos - Blog Inter Cl\u00ednicas Litoral<\/title>\n<meta name=\"description\" content=\"Cl\u00ednica de recupera\u00e7\u00e3o de \u00e1lcool e drogas em Ferraz de Vasconcelos para depend\u00eancia qu\u00edmica e alcoolismo. Tratamento humanizado, acompanhamento profissional e apoio familiar.\" \/>\n<meta name=\"robots\" content=\"index, follow, max-snippet:-1, max-image-preview:large, max-video-preview:-1\" \/>\n<link rel=\"canonical\" href=\"https:\/\/interclinicaslitoral.com.br\/blog\/clinica-de-recuperacao-de-alcool-e-drogas-em-ferraz-de-vasconcelos\/\" \/>\n<meta property=\"og:locale\" content=\"pt_PT\" \/>\n<meta property=\"og:type\" content=\"article\" \/>\n<meta property=\"og:title\" content=\"Cl\u00ednica de Recupera\u00e7\u00e3o de \u00c1lcool e Drogas em Ferraz de Vasconcelos\" \/>\n<meta property=\"og:description\" content=\"Cl\u00ednica de recupera\u00e7\u00e3o de \u00e1lcool e drogas em Ferraz de Vasconcelos para depend\u00eancia qu\u00edmica e alcoolismo. Tratamento humanizado, acompanhamento profissional e apoio familiar.\" \/>\n<meta property=\"og:url\" content=\"https:\/\/interclinicaslitoral.com.br\/blog\/clinica-de-recuperacao-de-alcool-e-drogas-em-ferraz-de-vasconcelos\/\" \/>\n<meta property=\"og:site_name\" content=\"Blog Inter Cl\u00ednicas Litoral\" \/>\n<meta property=\"article:published_time\" content=\"2026-08-10T13:00:53+00:00\" \/>\n<meta name=\"author\" content=\"Mateus Lima\" \/>\n<meta name=\"twitter:card\" content=\"summary_large_image\" \/>\n<meta name=\"twitter:label1\" content=\"Escrito por\" \/>\n\t<meta name=\"twitter:data1\" content=\"Mateus Lima\" \/>\n\t<meta name=\"twitter:label2\" content=\"Tempo estimado de leitura\" \/>\n\t<meta name=\"twitter:data2\" content=\"5 minutos\" \/>\n<script type=\"application\/ld+json\" class=\"yoast-schema-graph\">{\"@context\":\"https:\\\/\\\/schema.org\",\"@graph\":[{\"@type\":\"Article\",\"@id\":\"https:\\\/\\\/interclinicaslitoral.com.br\\\/blog\\\/clinica-de-recuperacao-de-alcool-e-drogas-em-ferraz-de-vasconcelos\\\/#article\",\"isPartOf\":{\"@id\":\"https:\\\/\\\/interclinicaslitoral.com.br\\\/blog\\\/clinica-de-recuperacao-de-alcool-e-drogas-em-ferraz-de-vasconcelos\\\/\"},\"author\":{\"name\":\"Mateus Lima\",\"@id\":\"https:\\\/\\\/interclinicaslitoral.com.br\\\/blog\\\/#\\\/schema\\\/person\\\/25efe000f884103571c66b32e6cdbc80\"},\"headline\":\"Cl\u00ednica de Recupera\u00e7\u00e3o de \u00c1lcool e Drogas em Ferraz de Vasconcelos\",\"datePublished\":\"2026-08-10T13:00:53+00:00\",\"mainEntityOfPage\":{\"@id\":\"https:\\\/\\\/interclinicaslitoral.com.br\\\/blog\\\/clinica-de-recuperacao-de-alcool-e-drogas-em-ferraz-de-vasconcelos\\\/\"},\"wordCount\":872,\"commentCount\":0,\"keywords\":[\"clinica de recupera\u00e7\u00e3o alcool e drogas\",\"clinica de recupera\u00e7\u00e3o de alcool e drogas feminina\",\"clinica de recupera\u00e7\u00e3o para alcool e drogas maculina\"],\"articleSection\":[\"Ferraz de Vasconcelos\"],\"inLanguage\":\"pt-PT\",\"potentialAction\":[{\"@type\":\"CommentAction\",\"name\":\"Comment\",\"target\":[\"https:\\\/\\\/interclinicaslitoral.com.br\\\/blog\\\/clinica-de-recuperacao-de-alcool-e-drogas-em-ferraz-de-vasconcelos\\\/#respond\"]}]},{\"@type\":\"WebPage\",\"@id\":\"https:\\\/\\\/interclinicaslitoral.com.br\\\/blog\\\/clinica-de-recuperacao-de-alcool-e-drogas-em-ferraz-de-vasconcelos\\\/\",\"url\":\"https:\\\/\\\/interclinicaslitoral.com.br\\\/blog\\\/clinica-de-recuperacao-de-alcool-e-drogas-em-ferraz-de-vasconcelos\\\/\",\"name\":\"Cl\u00ednica de Recupera\u00e7\u00e3o de \u00c1lcool e Drogas em Ferraz de Vasconcelos - Blog Inter Cl\u00ednicas Litoral\",\"isPartOf\":{\"@id\":\"https:\\\/\\\/interclinicaslitoral.com.br\\\/blog\\\/#website\"},\"datePublished\":\"2026-08-10T13:00:53+00:00\",\"author\":{\"@id\":\"https:\\\/\\\/interclinicaslitoral.com.br\\\/blog\\\/#\\\/schema\\\/person\\\/25efe000f884103571c66b32e6cdbc80\"},\"description\":\"Cl\u00ednica de recupera\u00e7\u00e3o de \u00e1lcool e drogas em Ferraz de Vasconcelos para depend\u00eancia qu\u00edmica e alcoolismo. Tratamento humanizado, acompanhamento profissional e apoio familiar.\",\"breadcrumb\":{\"@id\":\"https:\\\/\\\/interclinicaslitoral.com.br\\\/blog\\\/clinica-de-recuperacao-de-alcool-e-drogas-em-ferraz-de-vasconcelos\\\/#breadcrumb\"},\"inLanguage\":\"pt-PT\",\"potentialAction\":[{\"@type\":\"ReadAction\",\"target\":[\"https:\\\/\\\/interclinicaslitoral.com.br\\\/blog\\\/clinica-de-recuperacao-de-alcool-e-drogas-em-ferraz-de-vasconcelos\\\/\"]}]},{\"@type\":\"BreadcrumbList\",\"@id\":\"https:\\\/\\\/interclinicaslitoral.com.br\\\/blog\\\/clinica-de-recuperacao-de-alcool-e-drogas-em-ferraz-de-vasconcelos\\\/#breadcrumb\",\"itemListElement\":[{\"@type\":\"ListItem\",\"position\":1,\"name\":\"In\u00edcio\",\"item\":\"https:\\\/\\\/interclinicaslitoral.com.br\\\/blog\\\/\"},{\"@type\":\"ListItem\",\"position\":2,\"name\":\"Cl\u00ednica de Recupera\u00e7\u00e3o de \u00c1lcool e Drogas em Ferraz de Vasconcelos\"}]},{\"@type\":\"WebSite\",\"@id\":\"https:\\\/\\\/interclinicaslitoral.com.br\\\/blog\\\/#website\",\"url\":\"https:\\\/\\\/interclinicaslitoral.com.br\\\/blog\\\/\",\"name\":\"Blog Inter Cl\u00ednicas Litoral\",\"description\":\"Conte\u00fados sobre depend\u00eancia qu\u00edmica, alcoolismo, sa\u00fade mental, apoio familiar e caminhos de cuidado em todo o Litoral Paulista.\",\"potentialAction\":[{\"@type\":\"SearchAction\",\"target\":{\"@type\":\"EntryPoint\",\"urlTemplate\":\"https:\\\/\\\/interclinicaslitoral.com.br\\\/blog\\\/?s={search_term_string}\"},\"query-input\":{\"@type\":\"PropertyValueSpecification\",\"valueRequired\":true,\"valueName\":\"search_term_string\"}}],\"inLanguage\":\"pt-PT\"},{\"@type\":\"Person\",\"@id\":\"https:\\\/\\\/interclinicaslitoral.com.br\\\/blog\\\/#\\\/schema\\\/person\\\/25efe000f884103571c66b32e6cdbc80\",\"name\":\"Mateus Lima\",\"image\":{\"@type\":\"ImageObject\",\"inLanguage\":\"pt-PT\",\"@id\":\"https:\\\/\\\/secure.gravatar.com\\\/avatar\\\/8ee3361f3710b50ec788c884d8bbd3c52dbf13c1bf31d03b9492860d33ca61a9?s=96&d=mm&r=g\",\"url\":\"https:\\\/\\\/secure.gravatar.com\\\/avatar\\\/8ee3361f3710b50ec788c884d8bbd3c52dbf13c1bf31d03b9492860d33ca61a9?s=96&d=mm&r=g\",\"contentUrl\":\"https:\\\/\\\/secure.gravatar.com\\\/avatar\\\/8ee3361f3710b50ec788c884d8bbd3c52dbf13c1bf31d03b9492860d33ca61a9?s=96&d=mm&r=g\",\"caption\":\"Mateus Lima\"},\"url\":\"https:\\\/\\\/interclinicaslitoral.com.br\\\/blog\\\/author\\\/mateus\\\/\"}]}<\/script>\n<!-- \/ Yoast SEO Premium plugin. -->","yoast_head_json":{"title":"Cl\u00ednica de Recupera\u00e7\u00e3o de \u00c1lcool e Drogas em Ferraz de Vasconcelos - Blog Inter Cl\u00ednicas Litoral","description":"Cl\u00ednica de recupera\u00e7\u00e3o de \u00e1lcool e drogas em Ferraz de Vasconcelos para depend\u00eancia qu\u00edmica e alcoolismo. Tratamento humanizado, acompanhamento profissional e apoio familiar.","robots":{"index":"index","follow":"follow","max-snippet":"max-snippet:-1","max-image-preview":"max-image-preview:large","max-video-preview":"max-video-preview:-1"},"canonical":"https:\/\/interclinicaslitoral.com.br\/blog\/clinica-de-recuperacao-de-alcool-e-drogas-em-ferraz-de-vasconcelos\/","og_locale":"pt_PT","og_type":"article","og_title":"Cl\u00ednica de Recupera\u00e7\u00e3o de \u00c1lcool e Drogas em Ferraz de Vasconcelos","og_description":"Cl\u00ednica de recupera\u00e7\u00e3o de \u00e1lcool e drogas em Ferraz de Vasconcelos para depend\u00eancia qu\u00edmica e alcoolismo. Tratamento humanizado, acompanhamento profissional e apoio familiar.","og_url":"https:\/\/interclinicaslitoral.com.br\/blog\/clinica-de-recuperacao-de-alcool-e-drogas-em-ferraz-de-vasconcelos\/","og_site_name":"Blog Inter Cl\u00ednicas Litoral","article_published_time":"2026-08-10T13:00:53+00:00","author":"Mateus Lima","twitter_card":"summary_large_image","twitter_misc":{"Escrito por":"Mateus Lima","Tempo estimado de leitura":"5 minutos"},"schema":{"@context":"https:\/\/schema.org","@graph":[{"@type":"Article","@id":"https:\/\/interclinicaslitoral.com.br\/blog\/clinica-de-recuperacao-de-alcool-e-drogas-em-ferraz-de-vasconcelos\/#article","isPartOf":{"@id":"https:\/\/interclinicaslitoral.com.br\/blog\/clinica-de-recuperacao-de-alcool-e-drogas-em-ferraz-de-vasconcelos\/"},"author":{"name":"Mateus Lima","@id":"https:\/\/interclinicaslitoral.com.br\/blog\/#\/schema\/person\/25efe000f884103571c66b32e6cdbc80"},"headline":"Cl\u00ednica de Recupera\u00e7\u00e3o de \u00c1lcool e Drogas em Ferraz de Vasconcelos","datePublished":"2026-08-10T13:00:53+00:00","mainEntityOfPage":{"@id":"https:\/\/interclinicaslitoral.com.br\/blog\/clinica-de-recuperacao-de-alcool-e-drogas-em-ferraz-de-vasconcelos\/"},"wordCount":872,"commentCount":0,"keywords":["clinica de recupera\u00e7\u00e3o alcool e drogas","clinica de recupera\u00e7\u00e3o de alcool e drogas feminina","clinica de recupera\u00e7\u00e3o para alcool e drogas maculina"],"articleSection":["Ferraz de Vasconcelos"],"inLanguage":"pt-PT","potentialAction":[{"@type":"CommentAction","name":"Comment","target":["https:\/\/interclinicaslitoral.com.br\/blog\/clinica-de-recuperacao-de-alcool-e-drogas-em-ferraz-de-vasconcelos\/#respond"]}]},{"@type":"WebPage","@id":"https:\/\/interclinicaslitoral.com.br\/blog\/clinica-de-recuperacao-de-alcool-e-drogas-em-ferraz-de-vasconcelos\/","url":"https:\/\/interclinicaslitoral.com.br\/blog\/clinica-de-recuperacao-de-alcool-e-drogas-em-ferraz-de-vasconcelos\/","name":"Cl\u00ednica de Recupera\u00e7\u00e3o de \u00c1lcool e Drogas em Ferraz de Vasconcelos - Blog Inter Cl\u00ednicas Litoral","isPartOf":{"@id":"https:\/\/interclinicaslitoral.com.br\/blog\/#website"},"datePublished":"2026-08-10T13:00:53+00:00","author":{"@id":"https:\/\/interclinicaslitoral.com.br\/blog\/#\/schema\/person\/25efe000f884103571c66b32e6cdbc80"},"description":"Cl\u00ednica de recupera\u00e7\u00e3o de \u00e1lcool e drogas em Ferraz de Vasconcelos para depend\u00eancia qu\u00edmica e alcoolismo. Tratamento humanizado, acompanhamento profissional e apoio familiar.","breadcrumb":{"@id":"https:\/\/interclinicaslitoral.com.br\/blog\/clinica-de-recuperacao-de-alcool-e-drogas-em-ferraz-de-vasconcelos\/#breadcrumb"},"inLanguage":"pt-PT","potentialAction":[{"@type":"ReadAction","target":["https:\/\/interclinicaslitoral.com.br\/blog\/clinica-de-recuperacao-de-alcool-e-drogas-em-ferraz-de-vasconcelos\/"]}]},{"@type":"BreadcrumbList","@id":"https:\/\/interclinicaslitoral.com.br\/blog\/clinica-de-recuperacao-de-alcool-e-drogas-em-ferraz-de-vasconcelos\/#breadcrumb","itemListElement":[{"@type":"ListItem","position":1,"name":"In\u00edcio","item":"https:\/\/interclinicaslitoral.com.br\/blog\/"},{"@type":"ListItem","position":2,"name":"Cl\u00ednica de Recupera\u00e7\u00e3o de \u00c1lcool e Drogas em Ferraz de Vasconcelos"}]},{"@type":"WebSite","@id":"https:\/\/interclinicaslitoral.com.br\/blog\/#website","url":"https:\/\/interclinicaslitoral.com.br\/blog\/","name":"Blog Inter Cl\u00ednicas Litoral","description":"Conte\u00fados sobre depend\u00eancia qu\u00edmica, alcoolismo, sa\u00fade mental, apoio familiar e caminhos de cuidado em todo o Litoral Paulista.","potentialAction":[{"@type":"SearchAction","target":{"@type":"EntryPoint","urlTemplate":"https:\/\/interclinicaslitoral.com.br\/blog\/?s={search_term_string}"},"query-input":{"@type":"PropertyValueSpecification","valueRequired":true,"valueName":"search_term_string"}}],"inLanguage":"pt-PT"},{"@type":"Person","@id":"https:\/\/interclinicaslitoral.com.br\/blog\/#\/schema\/person\/25efe000f884103571c66b32e6cdbc80","name":"Mateus Lima","image":{"@type":"ImageObject","inLanguage":"pt-PT","@id":"https:\/\/secure.gravatar.com\/avatar\/8ee3361f3710b50ec788c884d8bbd3c52dbf13c1bf31d03b9492860d33ca61a9?s=96&d=mm&r=g","url":"https:\/\/secure.gravatar.com\/avatar\/8ee3361f3710b50ec788c884d8bbd3c52dbf13c1bf31d03b9492860d33ca61a9?s=96&d=mm&r=g","contentUrl":"https:\/\/secure.gravatar.com\/avatar\/8ee3361f3710b50ec788c884d8bbd3c52dbf13c1bf31d03b9492860d33ca61a9?s=96&d=mm&r=g","caption":"Mateus Lima"},"url":"https:\/\/interclinicaslitoral.com.br\/blog\/author\/mateus\/"}]}},"_links":{"self":[{"href":"https:\/\/interclinicaslitoral.com.br\/blog\/wp-json\/wp\/v2\/posts\/10056","targetHints":{"allow":["GET"]}}],"collection":[{"href":"https:\/\/interclinicaslitoral.com.br\/blog\/wp-json\/wp\/v2\/posts"}],"about":[{"href":"https:\/\/interclinicaslitoral.com.br\/blog\/wp-json\/wp\/v2\/types\/post"}],"author":[{"embeddable":true,"href":"https:\/\/interclinicaslitoral.com.br\/blog\/wp-json\/wp\/v2\/users\/3"}],"replies":[{"embeddable":true,"href":"https:\/\/interclinicaslitoral.com.br\/blog\/wp-json\/wp\/v2\/comments?post=10056"}],"version-history":[{"count":1,"href":"https:\/\/interclinicaslitoral.com.br\/blog\/wp-json\/wp\/v2\/posts\/10056\/revisions"}],"predecessor-version":[{"id":10057,"href":"https:\/\/interclinicaslitoral.com.br\/blog\/wp-json\/wp\/v2\/posts\/10056\/revisions\/10057"}],"wp:attachment":[{"href":"https:\/\/interclinicaslitoral.com.br\/blog\/wp-json\/wp\/v2\/media?parent=10056"}],"wp:term":[{"taxonomy":"category","embeddable":true,"href":"https:\/\/interclinicaslitoral.com.br\/blog\/wp-json\/wp\/v2\/categories?post=10056"},{"taxonomy":"post_tag","embeddable":true,"href":"https:\/\/interclinicaslitoral.com.br\/blog\/wp-json\/wp\/v2\/tags?post=10056"}],"curies":[{"name":"wp","href":"https:\/\/api.w.org\/{rel}","templated":true}]}}