{"id":10051,"date":"2026-08-06T10:39:24","date_gmt":"2026-08-06T13:39:24","guid":{"rendered":"https:\/\/interclinicaslitoral.com.br\/blog\/?p=10051"},"modified":"2026-08-06T10:39:24","modified_gmt":"2026-08-06T13:39:24","slug":"clinica-de-recuperacao-acessivel-em-jacarei","status":"publish","type":"post","link":"https:\/\/interclinicaslitoral.com.br\/blog\/clinica-de-recuperacao-acessivel-em-jacarei\/","title":{"rendered":"Cl\u00ednica de Recupera\u00e7\u00e3o Acess\u00edvel em Jacare\u00ed"},"content":{"rendered":"<h1 class=\"PDq2pG_selectionAnchorContainer\" data-section-id=\"1cgwnws\" data-start=\"0\" data-end=\"98\">Cl\u00ednica de Recupera\u00e7\u00e3o Acess\u00edvel em Jacare\u00ed: Tratamento Humanizado com Excelente Custo-Benef\u00edcio<\/h1>\n<p data-start=\"100\" data-end=\"491\">Encontrar uma <strong data-start=\"114\" data-end=\"161\">cl\u00ednica de recupera\u00e7\u00e3o acess\u00edvel em Jacare\u00ed<\/strong> \u00e9 uma decis\u00e3o importante para fam\u00edlias que buscam um tratamento de qualidade para depend\u00eancia qu\u00edmica, alcoolismo e outros transtornos relacionados ao uso de subst\u00e2ncias. Com atendimento humanizado, equipe multidisciplinar e condi\u00e7\u00f5es facilitadas de pagamento, \u00e9 poss\u00edvel iniciar uma nova etapa de vida com seguran\u00e7a e esperan\u00e7a.<\/p>\n<p data-start=\"493\" data-end=\"716\">A depend\u00eancia qu\u00edmica \u00e9 uma doen\u00e7a que afeta n\u00e3o apenas o paciente, mas toda a fam\u00edlia. Por isso, iniciar o tratamento o quanto antes aumenta significativamente as chances de recupera\u00e7\u00e3o e de uma reinser\u00e7\u00e3o social saud\u00e1vel.<\/p>\n<hr data-start=\"718\" data-end=\"721\" \/>\n<h1 data-section-id=\"1f9h20o\" data-start=\"723\" data-end=\"770\">O Que \u00e9 uma Cl\u00ednica de Recupera\u00e7\u00e3o Acess\u00edvel?<\/h1>\n<p data-start=\"772\" data-end=\"880\">Uma cl\u00ednica acess\u00edvel oferece tratamento completo, aliando qualidade, seguran\u00e7a e excelente custo-benef\u00edcio.<\/p>\n<p data-start=\"882\" data-end=\"917\">Os principais diferenciais incluem:<\/p>\n<ul data-start=\"919\" data-end=\"1151\">\n<li data-section-id=\"1wptz17\" data-start=\"919\" data-end=\"944\">Atendimento humanizado;<\/li>\n<li data-section-id=\"1g397e0\" data-start=\"945\" data-end=\"985\">Equipe multidisciplinar especializada;<\/li>\n<li data-section-id=\"ivih6r\" data-start=\"986\" data-end=\"1022\">Plano terap\u00eautico individualizado;<\/li>\n<li data-section-id=\"6u4ssm\" data-start=\"1023\" data-end=\"1058\">Atendimento m\u00e9dico e psicol\u00f3gico;<\/li>\n<li data-section-id=\"gber2f\" data-start=\"1059\" data-end=\"1089\">Ambiente seguro e acolhedor;<\/li>\n<li data-section-id=\"x05bmk\" data-start=\"1090\" data-end=\"1113\">Atendimento 24 horas;<\/li>\n<li data-section-id=\"1ydvyct\" data-start=\"1114\" data-end=\"1151\">Condi\u00e7\u00f5es facilitadas de pagamento.<\/li>\n<\/ul>\n<hr data-start=\"1153\" data-end=\"1156\" \/>\n<h1 data-section-id=\"qwmdug\" data-start=\"1158\" data-end=\"1182\">Quando Procurar Ajuda?<\/h1>\n<p data-start=\"1184\" data-end=\"1243\">Alguns sinais indicam que o tratamento pode ser necess\u00e1rio:<\/p>\n<ul data-start=\"1245\" data-end=\"1516\">\n<li data-section-id=\"enrna8\" data-start=\"1245\" data-end=\"1281\">Uso frequente de \u00e1lcool ou drogas;<\/li>\n<li data-section-id=\"5rx9eg\" data-start=\"1282\" data-end=\"1318\">Perda do controle sobre o consumo;<\/li>\n<li data-section-id=\"6hfph1\" data-start=\"1319\" data-end=\"1341\">Reca\u00eddas constantes;<\/li>\n<li data-section-id=\"1yp0nmr\" data-start=\"1342\" data-end=\"1366\">Crises de abstin\u00eancia;<\/li>\n<li data-section-id=\"1tdkhlj\" data-start=\"1367\" data-end=\"1403\">Mudan\u00e7as bruscas de comportamento;<\/li>\n<li data-section-id=\"w0sdbd\" data-start=\"1404\" data-end=\"1427\">Problemas familiares;<\/li>\n<li data-section-id=\"zj9dm0\" data-start=\"1428\" data-end=\"1452\">Ansiedade e depress\u00e3o;<\/li>\n<li data-section-id=\"118l0st\" data-start=\"1453\" data-end=\"1473\">Isolamento social;<\/li>\n<li data-section-id=\"1tbpaio\" data-start=\"1474\" data-end=\"1516\">Dificuldades no trabalho ou nos estudos.<\/li>\n<\/ul>\n<p data-start=\"1518\" data-end=\"1600\">Quanto antes o tratamento come\u00e7ar, maiores ser\u00e3o as possibilidades de recupera\u00e7\u00e3o.<\/p>\n<hr data-start=\"1602\" data-end=\"1605\" \/>\n<h1 data-section-id=\"zcqcxs\" data-start=\"1607\" data-end=\"1636\">Como Funciona o Tratamento?<\/h1>\n<p data-start=\"1638\" data-end=\"1719\">Cada paciente recebe um plano terap\u00eautico personalizado conforme sua necessidade.<\/p>\n<h2 data-section-id=\"102dyl7\" data-start=\"1721\" data-end=\"1741\">Avalia\u00e7\u00e3o Cl\u00ednica<\/h2>\n<p data-start=\"1743\" data-end=\"1874\">O tratamento inicia com uma avalia\u00e7\u00e3o completa realizada por uma equipe especializada para definir a melhor estrat\u00e9gia terap\u00eautica.<\/p>\n<h2 data-section-id=\"2a3yc0\" data-start=\"1876\" data-end=\"1903\">Desintoxica\u00e7\u00e3o Assistida<\/h2>\n<p data-start=\"1905\" data-end=\"2031\">Quando indicada, a retirada das subst\u00e2ncias ocorre com acompanhamento profissional, proporcionando mais seguran\u00e7a ao paciente.<\/p>\n<h2 data-section-id=\"wr1ibd\" data-start=\"2033\" data-end=\"2048\">Psicoterapia<\/h2>\n<p data-start=\"2050\" data-end=\"2092\">O programa terap\u00eautico normalmente inclui:<\/p>\n<ul data-start=\"2094\" data-end=\"2248\">\n<li data-section-id=\"w5p39i\" data-start=\"2094\" data-end=\"2120\">Psicoterapia individual;<\/li>\n<li data-section-id=\"oji84t\" data-start=\"2121\" data-end=\"2141\">Terapias em grupo;<\/li>\n<li data-section-id=\"1recp5z\" data-start=\"2142\" data-end=\"2164\">Terapia ocupacional;<\/li>\n<li data-section-id=\"5hyo8s\" data-start=\"2165\" data-end=\"2193\">Desenvolvimento emocional;<\/li>\n<li data-section-id=\"1yck3wu\" data-start=\"2194\" data-end=\"2225\">Fortalecimento da autoestima;<\/li>\n<li data-section-id=\"7pceay\" data-start=\"2226\" data-end=\"2248\">Preven\u00e7\u00e3o \u00e0 reca\u00edda.<\/li>\n<\/ul>\n<h2 data-section-id=\"7fozse\" data-start=\"2250\" data-end=\"2277\">Atendimento Psiqui\u00e1trico<\/h2>\n<p data-start=\"2279\" data-end=\"2336\">Quando necess\u00e1rio, tamb\u00e9m pode haver acompanhamento para:<\/p>\n<ul data-start=\"2338\" data-end=\"2443\">\n<li data-section-id=\"c2ficn\" data-start=\"2338\" data-end=\"2350\">Ansiedade;<\/li>\n<li data-section-id=\"1pkjm0p\" data-start=\"2351\" data-end=\"2363\">Depress\u00e3o;<\/li>\n<li data-section-id=\"1qdefwq\" data-start=\"2364\" data-end=\"2385\">Transtorno bipolar;<\/li>\n<li data-section-id=\"uy5reo\" data-start=\"2386\" data-end=\"2407\">S\u00edndrome do p\u00e2nico;<\/li>\n<li data-section-id=\"18y951t\" data-start=\"2408\" data-end=\"2443\">Outros transtornos psiqui\u00e1tricos.<\/li>\n<\/ul>\n<hr data-start=\"2445\" data-end=\"2448\" \/>\n<h1 data-section-id=\"8li42\" data-start=\"2450\" data-end=\"2477\">Modalidades de Interna\u00e7\u00e3o<\/h1>\n<p data-start=\"2479\" data-end=\"2550\">Dependendo da avalia\u00e7\u00e3o cl\u00ednica, o tratamento pode ocorrer por meio de:<\/p>\n<ul data-start=\"2552\" data-end=\"2673\">\n<li data-section-id=\"1bh85xu\" data-start=\"2552\" data-end=\"2576\">Interna\u00e7\u00e3o volunt\u00e1ria;<\/li>\n<li data-section-id=\"d4bmol\" data-start=\"2577\" data-end=\"2603\">Interna\u00e7\u00e3o involunt\u00e1ria;<\/li>\n<li data-section-id=\"1y5mou4\" data-start=\"2604\" data-end=\"2673\">Interna\u00e7\u00e3o compuls\u00f3ria, conforme previsto na legisla\u00e7\u00e3o brasileira.<\/li>\n<\/ul>\n<hr data-start=\"2675\" data-end=\"2678\" \/>\n<h1 data-section-id=\"obrmly\" data-start=\"2680\" data-end=\"2725\">Benef\u00edcios de uma Cl\u00ednica Pr\u00f3xima a Jacare\u00ed<\/h1>\n<p data-start=\"2727\" data-end=\"2829\">Escolher uma cl\u00ednica localizada em Jacare\u00ed ou na regi\u00e3o do Vale do Para\u00edba oferece diversas vantagens:<\/p>\n<ul data-start=\"2831\" data-end=\"3100\">\n<li data-section-id=\"ne8d86\" data-start=\"2831\" data-end=\"2871\">F\u00e1cil acesso para moradores da regi\u00e3o;<\/li>\n<li data-section-id=\"rr2vhr\" data-start=\"2872\" data-end=\"2955\">Proximidade com S\u00e3o Jos\u00e9 dos Campos, Ca\u00e7apava, Santa Branca, Guararema e Taubat\u00e9;<\/li>\n<li data-section-id=\"jl6ibh\" data-start=\"2956\" data-end=\"2993\">Facilidade para visitas familiares;<\/li>\n<li data-section-id=\"5r23dq\" data-start=\"2994\" data-end=\"3047\">Maior participa\u00e7\u00e3o da fam\u00edlia durante o tratamento;<\/li>\n<li data-section-id=\"1ezg3nc\" data-start=\"3048\" data-end=\"3100\">Ambiente tranquilo e preparado para a recupera\u00e7\u00e3o.<\/li>\n<\/ul>\n<hr data-start=\"3102\" data-end=\"3105\" \/>\n<h1 data-section-id=\"8zp9bv\" data-start=\"3107\" data-end=\"3133\">A Import\u00e2ncia da Fam\u00edlia<\/h1>\n<p data-start=\"3135\" data-end=\"3197\">O apoio da fam\u00edlia fortalece significativamente a recupera\u00e7\u00e3o.<\/p>\n<p data-start=\"3199\" data-end=\"3241\">Durante o tratamento podem ser oferecidos:<\/p>\n<ul data-start=\"3243\" data-end=\"3350\">\n<li data-section-id=\"1kkh8cc\" data-start=\"3243\" data-end=\"3262\">Terapia familiar;<\/li>\n<li data-section-id=\"uqm46k\" data-start=\"3263\" data-end=\"3291\">Orienta\u00e7\u00e3o aos familiares;<\/li>\n<li data-section-id=\"zyi8uo\" data-start=\"3292\" data-end=\"3312\">Apoio psicol\u00f3gico;<\/li>\n<li data-section-id=\"lorax8\" data-start=\"3313\" data-end=\"3350\">Educa\u00e7\u00e3o sobre depend\u00eancia qu\u00edmica.<\/li>\n<\/ul>\n<hr data-start=\"3352\" data-end=\"3355\" \/>\n<h1 data-section-id=\"1hkrky\" data-start=\"3357\" data-end=\"3382\">Recupera\u00e7\u00e3o Ap\u00f3s a Alta<\/h1>\n<p data-start=\"3384\" data-end=\"3437\">A recupera\u00e7\u00e3o continua ap\u00f3s a interna\u00e7\u00e3o por meio de:<\/p>\n<ul data-start=\"3439\" data-end=\"3565\">\n<li data-section-id=\"1oiebxq\" data-start=\"3439\" data-end=\"3463\">Psicoterapia cont\u00ednua;<\/li>\n<li data-section-id=\"1pbjb3a\" data-start=\"3464\" data-end=\"3482\">Grupos de apoio;<\/li>\n<li data-section-id=\"p3v6ev\" data-start=\"3483\" data-end=\"3503\">Reinser\u00e7\u00e3o social;<\/li>\n<li data-section-id=\"7tfug3\" data-start=\"3504\" data-end=\"3533\">Acompanhamento psicol\u00f3gico;<\/li>\n<li data-section-id=\"17vn5fb\" data-start=\"3534\" data-end=\"3565\">Plano de preven\u00e7\u00e3o \u00e0 reca\u00edda.<\/li>\n<\/ul>\n<hr data-start=\"3567\" data-end=\"3570\" \/>\n<h1 data-section-id=\"165q7ws\" data-start=\"3572\" data-end=\"3604\">Como Escolher uma Boa Cl\u00ednica?<\/h1>\n<p data-start=\"3606\" data-end=\"3673\">Antes de iniciar o tratamento, procure uma institui\u00e7\u00e3o que ofere\u00e7a:<\/p>\n<ul data-start=\"3675\" data-end=\"3877\">\n<li data-section-id=\"1g397e0\" data-start=\"3675\" data-end=\"3715\">Equipe multidisciplinar especializada;<\/li>\n<li data-section-id=\"1wptz17\" data-start=\"3716\" data-end=\"3741\">Atendimento humanizado;<\/li>\n<li data-section-id=\"xczkh0\" data-start=\"3742\" data-end=\"3763\">Estrutura adequada;<\/li>\n<li data-section-id=\"1jdbuj6\" data-start=\"3764\" data-end=\"3798\">Plano terap\u00eautico personalizado;<\/li>\n<li data-section-id=\"x05bmk\" data-start=\"3799\" data-end=\"3822\">Atendimento 24 horas;<\/li>\n<li data-section-id=\"pxmip0\" data-start=\"3823\" data-end=\"3877\">Transpar\u00eancia durante todas as etapas do tratamento.<\/li>\n<\/ul>\n<hr data-start=\"3879\" data-end=\"3882\" \/>\n<h1 data-section-id=\"1g4xr35\" data-start=\"3884\" data-end=\"3895\">Conclus\u00e3o<\/h1>\n<p data-start=\"3897\" data-end=\"4263\">Escolher uma <strong data-start=\"3910\" data-end=\"3957\">cl\u00ednica de recupera\u00e7\u00e3o acess\u00edvel em Jacare\u00ed<\/strong> \u00e9 investir em um tratamento s\u00e9rio, acolhedor e focado na recupera\u00e7\u00e3o completa do paciente. Com profissionais especializados, atendimento humanizado e suporte cont\u00ednuo, \u00e9 poss\u00edvel superar a depend\u00eancia qu\u00edmica, recuperar a autoestima e iniciar uma nova etapa de vida com mais sa\u00fade, equil\u00edbrio e esperan\u00e7a.<\/p>\n","protected":false},"excerpt":{"rendered":"<p>Cl\u00ednica de Recupera\u00e7\u00e3o Acess\u00edvel em Jacare\u00ed: Tratamento Humanizado com Excelente Custo-Benef\u00edcio Encontrar uma cl\u00ednica de recupera\u00e7\u00e3o acess\u00edvel em Jacare\u00ed \u00e9 uma decis\u00e3o importante para\u2026<\/p>\n","protected":false},"author":1,"featured_media":0,"comment_status":"open","ping_status":"open","sticky":false,"template":"","format":"standard","meta":{"footnotes":""},"categories":[307],"tags":[308,306,303],"class_list":["post-10051","post","type-post","status-publish","format-standard","hentry","category-jacarei","tag-clinica-de-recuperacao-acessivel-em-jacarei","tag-clinica-de-recuperacao-acessivel-masculina","tag-clinica-de-recuperacao-feminina-acessivel"],"yoast_head":"<!-- This site is optimized with the Yoast SEO Premium plugin v27.6.1 (Yoast SEO v28.2) - https:\/\/yoast.com\/product\/yoast-seo-premium-wordpress\/ -->\n<title>Cl\u00ednica de Recupera\u00e7\u00e3o Acess\u00edvel em Jacare\u00ed - Blog Inter Cl\u00ednicas Litoral<\/title>\n<meta name=\"description\" content=\"Cl\u00ednica de recupera\u00e7\u00e3o acess\u00edvel em Jacare\u00ed com tratamento para depend\u00eancia qu\u00edmica, alcoolismo e sa\u00fade mental. Atendimento humanizado, interna\u00e7\u00e3o 24 horas e condi\u00e7\u00f5es facilitadas de pagamento.\" \/>\n<meta name=\"robots\" content=\"index, follow, max-snippet:-1, max-image-preview:large, max-video-preview:-1\" \/>\n<link rel=\"canonical\" href=\"https:\/\/interclinicaslitoral.com.br\/blog\/clinica-de-recuperacao-acessivel-em-jacarei\/\" \/>\n<meta property=\"og:locale\" content=\"pt_PT\" \/>\n<meta property=\"og:type\" content=\"article\" \/>\n<meta property=\"og:title\" content=\"Cl\u00ednica de Recupera\u00e7\u00e3o Acess\u00edvel em Jacare\u00ed\" \/>\n<meta property=\"og:description\" content=\"Cl\u00ednica de recupera\u00e7\u00e3o acess\u00edvel em Jacare\u00ed com tratamento para depend\u00eancia qu\u00edmica, alcoolismo e sa\u00fade mental. Atendimento humanizado, interna\u00e7\u00e3o 24 horas e condi\u00e7\u00f5es facilitadas de pagamento.\" \/>\n<meta property=\"og:url\" content=\"https:\/\/interclinicaslitoral.com.br\/blog\/clinica-de-recuperacao-acessivel-em-jacarei\/\" \/>\n<meta property=\"og:site_name\" content=\"Blog Inter Cl\u00ednicas Litoral\" \/>\n<meta property=\"article:published_time\" content=\"2026-08-06T13:39:24+00:00\" \/>\n<meta name=\"author\" content=\"admin\" \/>\n<meta name=\"twitter:card\" content=\"summary_large_image\" \/>\n<meta name=\"twitter:label1\" content=\"Escrito por\" \/>\n\t<meta name=\"twitter:data1\" content=\"admin\" \/>\n\t<meta name=\"twitter:label2\" content=\"Tempo estimado de leitura\" \/>\n\t<meta name=\"twitter:data2\" content=\"3 minutos\" \/>\n<script type=\"application\/ld+json\" class=\"yoast-schema-graph\">{\"@context\":\"https:\\\/\\\/schema.org\",\"@graph\":[{\"@type\":\"Article\",\"@id\":\"https:\\\/\\\/interclinicaslitoral.com.br\\\/blog\\\/clinica-de-recuperacao-acessivel-em-jacarei\\\/#article\",\"isPartOf\":{\"@id\":\"https:\\\/\\\/interclinicaslitoral.com.br\\\/blog\\\/clinica-de-recuperacao-acessivel-em-jacarei\\\/\"},\"author\":{\"name\":\"admin\",\"@id\":\"https:\\\/\\\/interclinicaslitoral.com.br\\\/blog\\\/#\\\/schema\\\/person\\\/0722a1a552d2deb98d1ad7f7ef92ffd4\"},\"headline\":\"Cl\u00ednica de Recupera\u00e7\u00e3o Acess\u00edvel em Jacare\u00ed\",\"datePublished\":\"2026-08-06T13:39:24+00:00\",\"mainEntityOfPage\":{\"@id\":\"https:\\\/\\\/interclinicaslitoral.com.br\\\/blog\\\/clinica-de-recuperacao-acessivel-em-jacarei\\\/\"},\"wordCount\":645,\"commentCount\":0,\"keywords\":[\"clinica de recupera\u00e7\u00e3o acessivel em jacarei\",\"clinica de recupera\u00e7\u00e3o acessivel masculina\",\"clinica de recupera\u00e7\u00e3o feminina acessivel\"],\"articleSection\":[\"Jacare\u00ed\"],\"inLanguage\":\"pt-PT\",\"potentialAction\":[{\"@type\":\"CommentAction\",\"name\":\"Comment\",\"target\":[\"https:\\\/\\\/interclinicaslitoral.com.br\\\/blog\\\/clinica-de-recuperacao-acessivel-em-jacarei\\\/#respond\"]}]},{\"@type\":\"WebPage\",\"@id\":\"https:\\\/\\\/interclinicaslitoral.com.br\\\/blog\\\/clinica-de-recuperacao-acessivel-em-jacarei\\\/\",\"url\":\"https:\\\/\\\/interclinicaslitoral.com.br\\\/blog\\\/clinica-de-recuperacao-acessivel-em-jacarei\\\/\",\"name\":\"Cl\u00ednica de Recupera\u00e7\u00e3o Acess\u00edvel em Jacare\u00ed - Blog Inter Cl\u00ednicas Litoral\",\"isPartOf\":{\"@id\":\"https:\\\/\\\/interclinicaslitoral.com.br\\\/blog\\\/#website\"},\"datePublished\":\"2026-08-06T13:39:24+00:00\",\"author\":{\"@id\":\"https:\\\/\\\/interclinicaslitoral.com.br\\\/blog\\\/#\\\/schema\\\/person\\\/0722a1a552d2deb98d1ad7f7ef92ffd4\"},\"description\":\"Cl\u00ednica de recupera\u00e7\u00e3o acess\u00edvel em Jacare\u00ed com tratamento para depend\u00eancia qu\u00edmica, alcoolismo e sa\u00fade mental. Atendimento humanizado, interna\u00e7\u00e3o 24 horas e condi\u00e7\u00f5es facilitadas de pagamento.\",\"breadcrumb\":{\"@id\":\"https:\\\/\\\/interclinicaslitoral.com.br\\\/blog\\\/clinica-de-recuperacao-acessivel-em-jacarei\\\/#breadcrumb\"},\"inLanguage\":\"pt-PT\",\"potentialAction\":[{\"@type\":\"ReadAction\",\"target\":[\"https:\\\/\\\/interclinicaslitoral.com.br\\\/blog\\\/clinica-de-recuperacao-acessivel-em-jacarei\\\/\"]}]},{\"@type\":\"BreadcrumbList\",\"@id\":\"https:\\\/\\\/interclinicaslitoral.com.br\\\/blog\\\/clinica-de-recuperacao-acessivel-em-jacarei\\\/#breadcrumb\",\"itemListElement\":[{\"@type\":\"ListItem\",\"position\":1,\"name\":\"In\u00edcio\",\"item\":\"https:\\\/\\\/interclinicaslitoral.com.br\\\/blog\\\/\"},{\"@type\":\"ListItem\",\"position\":2,\"name\":\"Cl\u00ednica de Recupera\u00e7\u00e3o Acess\u00edvel em Jacare\u00ed\"}]},{\"@type\":\"WebSite\",\"@id\":\"https:\\\/\\\/interclinicaslitoral.com.br\\\/blog\\\/#website\",\"url\":\"https:\\\/\\\/interclinicaslitoral.com.br\\\/blog\\\/\",\"name\":\"Blog Inter Cl\u00ednicas Litoral\",\"description\":\"Conte\u00fados sobre depend\u00eancia qu\u00edmica, alcoolismo, sa\u00fade mental, apoio familiar e caminhos de cuidado em todo o Litoral Paulista.\",\"potentialAction\":[{\"@type\":\"SearchAction\",\"target\":{\"@type\":\"EntryPoint\",\"urlTemplate\":\"https:\\\/\\\/interclinicaslitoral.com.br\\\/blog\\\/?s={search_term_string}\"},\"query-input\":{\"@type\":\"PropertyValueSpecification\",\"valueRequired\":true,\"valueName\":\"search_term_string\"}}],\"inLanguage\":\"pt-PT\"},{\"@type\":\"Person\",\"@id\":\"https:\\\/\\\/interclinicaslitoral.com.br\\\/blog\\\/#\\\/schema\\\/person\\\/0722a1a552d2deb98d1ad7f7ef92ffd4\",\"name\":\"admin\",\"image\":{\"@type\":\"ImageObject\",\"inLanguage\":\"pt-PT\",\"@id\":\"https:\\\/\\\/secure.gravatar.com\\\/avatar\\\/f7939cba5930278804513e8435a0e8943ddbb1f002264bfb6cbe0fbe692dd410?s=96&d=mm&r=g\",\"url\":\"https:\\\/\\\/secure.gravatar.com\\\/avatar\\\/f7939cba5930278804513e8435a0e8943ddbb1f002264bfb6cbe0fbe692dd410?s=96&d=mm&r=g\",\"contentUrl\":\"https:\\\/\\\/secure.gravatar.com\\\/avatar\\\/f7939cba5930278804513e8435a0e8943ddbb1f002264bfb6cbe0fbe692dd410?s=96&d=mm&r=g\",\"caption\":\"admin\"},\"url\":\"https:\\\/\\\/interclinicaslitoral.com.br\\\/blog\\\/author\\\/admin\\\/\"}]}<\/script>\n<!-- \/ Yoast SEO Premium plugin. -->","yoast_head_json":{"title":"Cl\u00ednica de Recupera\u00e7\u00e3o Acess\u00edvel em Jacare\u00ed - Blog Inter Cl\u00ednicas Litoral","description":"Cl\u00ednica de recupera\u00e7\u00e3o acess\u00edvel em Jacare\u00ed com tratamento para depend\u00eancia qu\u00edmica, alcoolismo e sa\u00fade mental. Atendimento humanizado, interna\u00e7\u00e3o 24 horas e condi\u00e7\u00f5es facilitadas de pagamento.","robots":{"index":"index","follow":"follow","max-snippet":"max-snippet:-1","max-image-preview":"max-image-preview:large","max-video-preview":"max-video-preview:-1"},"canonical":"https:\/\/interclinicaslitoral.com.br\/blog\/clinica-de-recuperacao-acessivel-em-jacarei\/","og_locale":"pt_PT","og_type":"article","og_title":"Cl\u00ednica de Recupera\u00e7\u00e3o Acess\u00edvel em Jacare\u00ed","og_description":"Cl\u00ednica de recupera\u00e7\u00e3o acess\u00edvel em Jacare\u00ed com tratamento para depend\u00eancia qu\u00edmica, alcoolismo e sa\u00fade mental. Atendimento humanizado, interna\u00e7\u00e3o 24 horas e condi\u00e7\u00f5es facilitadas de pagamento.","og_url":"https:\/\/interclinicaslitoral.com.br\/blog\/clinica-de-recuperacao-acessivel-em-jacarei\/","og_site_name":"Blog Inter Cl\u00ednicas Litoral","article_published_time":"2026-08-06T13:39:24+00:00","author":"admin","twitter_card":"summary_large_image","twitter_misc":{"Escrito por":"admin","Tempo estimado de leitura":"3 minutos"},"schema":{"@context":"https:\/\/schema.org","@graph":[{"@type":"Article","@id":"https:\/\/interclinicaslitoral.com.br\/blog\/clinica-de-recuperacao-acessivel-em-jacarei\/#article","isPartOf":{"@id":"https:\/\/interclinicaslitoral.com.br\/blog\/clinica-de-recuperacao-acessivel-em-jacarei\/"},"author":{"name":"admin","@id":"https:\/\/interclinicaslitoral.com.br\/blog\/#\/schema\/person\/0722a1a552d2deb98d1ad7f7ef92ffd4"},"headline":"Cl\u00ednica de Recupera\u00e7\u00e3o Acess\u00edvel em Jacare\u00ed","datePublished":"2026-08-06T13:39:24+00:00","mainEntityOfPage":{"@id":"https:\/\/interclinicaslitoral.com.br\/blog\/clinica-de-recuperacao-acessivel-em-jacarei\/"},"wordCount":645,"commentCount":0,"keywords":["clinica de recupera\u00e7\u00e3o acessivel em jacarei","clinica de recupera\u00e7\u00e3o acessivel masculina","clinica de recupera\u00e7\u00e3o feminina acessivel"],"articleSection":["Jacare\u00ed"],"inLanguage":"pt-PT","potentialAction":[{"@type":"CommentAction","name":"Comment","target":["https:\/\/interclinicaslitoral.com.br\/blog\/clinica-de-recuperacao-acessivel-em-jacarei\/#respond"]}]},{"@type":"WebPage","@id":"https:\/\/interclinicaslitoral.com.br\/blog\/clinica-de-recuperacao-acessivel-em-jacarei\/","url":"https:\/\/interclinicaslitoral.com.br\/blog\/clinica-de-recuperacao-acessivel-em-jacarei\/","name":"Cl\u00ednica de Recupera\u00e7\u00e3o Acess\u00edvel em Jacare\u00ed - Blog Inter Cl\u00ednicas Litoral","isPartOf":{"@id":"https:\/\/interclinicaslitoral.com.br\/blog\/#website"},"datePublished":"2026-08-06T13:39:24+00:00","author":{"@id":"https:\/\/interclinicaslitoral.com.br\/blog\/#\/schema\/person\/0722a1a552d2deb98d1ad7f7ef92ffd4"},"description":"Cl\u00ednica de recupera\u00e7\u00e3o acess\u00edvel em Jacare\u00ed com tratamento para depend\u00eancia qu\u00edmica, alcoolismo e sa\u00fade mental. Atendimento humanizado, interna\u00e7\u00e3o 24 horas e condi\u00e7\u00f5es facilitadas de pagamento.","breadcrumb":{"@id":"https:\/\/interclinicaslitoral.com.br\/blog\/clinica-de-recuperacao-acessivel-em-jacarei\/#breadcrumb"},"inLanguage":"pt-PT","potentialAction":[{"@type":"ReadAction","target":["https:\/\/interclinicaslitoral.com.br\/blog\/clinica-de-recuperacao-acessivel-em-jacarei\/"]}]},{"@type":"BreadcrumbList","@id":"https:\/\/interclinicaslitoral.com.br\/blog\/clinica-de-recuperacao-acessivel-em-jacarei\/#breadcrumb","itemListElement":[{"@type":"ListItem","position":1,"name":"In\u00edcio","item":"https:\/\/interclinicaslitoral.com.br\/blog\/"},{"@type":"ListItem","position":2,"name":"Cl\u00ednica de Recupera\u00e7\u00e3o Acess\u00edvel em Jacare\u00ed"}]},{"@type":"WebSite","@id":"https:\/\/interclinicaslitoral.com.br\/blog\/#website","url":"https:\/\/interclinicaslitoral.com.br\/blog\/","name":"Blog Inter Cl\u00ednicas Litoral","description":"Conte\u00fados sobre depend\u00eancia qu\u00edmica, alcoolismo, sa\u00fade mental, apoio familiar e caminhos de cuidado em todo o Litoral Paulista.","potentialAction":[{"@type":"SearchAction","target":{"@type":"EntryPoint","urlTemplate":"https:\/\/interclinicaslitoral.com.br\/blog\/?s={search_term_string}"},"query-input":{"@type":"PropertyValueSpecification","valueRequired":true,"valueName":"search_term_string"}}],"inLanguage":"pt-PT"},{"@type":"Person","@id":"https:\/\/interclinicaslitoral.com.br\/blog\/#\/schema\/person\/0722a1a552d2deb98d1ad7f7ef92ffd4","name":"admin","image":{"@type":"ImageObject","inLanguage":"pt-PT","@id":"https:\/\/secure.gravatar.com\/avatar\/f7939cba5930278804513e8435a0e8943ddbb1f002264bfb6cbe0fbe692dd410?s=96&d=mm&r=g","url":"https:\/\/secure.gravatar.com\/avatar\/f7939cba5930278804513e8435a0e8943ddbb1f002264bfb6cbe0fbe692dd410?s=96&d=mm&r=g","contentUrl":"https:\/\/secure.gravatar.com\/avatar\/f7939cba5930278804513e8435a0e8943ddbb1f002264bfb6cbe0fbe692dd410?s=96&d=mm&r=g","caption":"admin"},"url":"https:\/\/interclinicaslitoral.com.br\/blog\/author\/admin\/"}]}},"_links":{"self":[{"href":"https:\/\/interclinicaslitoral.com.br\/blog\/wp-json\/wp\/v2\/posts\/10051","targetHints":{"allow":["GET"]}}],"collection":[{"href":"https:\/\/interclinicaslitoral.com.br\/blog\/wp-json\/wp\/v2\/posts"}],"about":[{"href":"https:\/\/interclinicaslitoral.com.br\/blog\/wp-json\/wp\/v2\/types\/post"}],"author":[{"embeddable":true,"href":"https:\/\/interclinicaslitoral.com.br\/blog\/wp-json\/wp\/v2\/users\/1"}],"replies":[{"embeddable":true,"href":"https:\/\/interclinicaslitoral.com.br\/blog\/wp-json\/wp\/v2\/comments?post=10051"}],"version-history":[{"count":1,"href":"https:\/\/interclinicaslitoral.com.br\/blog\/wp-json\/wp\/v2\/posts\/10051\/revisions"}],"predecessor-version":[{"id":10052,"href":"https:\/\/interclinicaslitoral.com.br\/blog\/wp-json\/wp\/v2\/posts\/10051\/revisions\/10052"}],"wp:attachment":[{"href":"https:\/\/interclinicaslitoral.com.br\/blog\/wp-json\/wp\/v2\/media?parent=10051"}],"wp:term":[{"taxonomy":"category","embeddable":true,"href":"https:\/\/interclinicaslitoral.com.br\/blog\/wp-json\/wp\/v2\/categories?post=10051"},{"taxonomy":"post_tag","embeddable":true,"href":"https:\/\/interclinicaslitoral.com.br\/blog\/wp-json\/wp\/v2\/tags?post=10051"}],"curies":[{"name":"wp","href":"https:\/\/api.w.org\/{rel}","templated":true}]}}