{"id":10049,"date":"2026-08-06T10:32:15","date_gmt":"2026-08-06T13:32:15","guid":{"rendered":"https:\/\/interclinicaslitoral.com.br\/blog\/?p=10049"},"modified":"2026-08-06T10:32:15","modified_gmt":"2026-08-06T13:32:15","slug":"clinica-de-recuperacao-acessivel-em-sao-vicente","status":"publish","type":"post","link":"https:\/\/interclinicaslitoral.com.br\/blog\/clinica-de-recuperacao-acessivel-em-sao-vicente\/","title":{"rendered":"Cl\u00ednica de Recupera\u00e7\u00e3o Acess\u00edvel em S\u00e3o Vicente"},"content":{"rendered":"<h1 class=\"PDq2pG_selectionAnchorContainer\" data-section-id=\"pharxi\" data-start=\"0\" data-end=\"102\">Cl\u00ednica de Recupera\u00e7\u00e3o Acess\u00edvel em S\u00e3o Vicente: Tratamento Humanizado com Excelente Custo-Benef\u00edcio<\/h1>\n<p data-start=\"104\" data-end=\"534\">Encontrar uma <strong data-start=\"118\" data-end=\"169\">cl\u00ednica de recupera\u00e7\u00e3o acess\u00edvel em S\u00e3o Vicente<\/strong> \u00e9 um passo importante para quem deseja iniciar um tratamento seguro contra a depend\u00eancia qu\u00edmica, o alcoolismo ou outros transtornos relacionados ao uso de subst\u00e2ncias. Hoje existem cl\u00ednicas que oferecem atendimento especializado, equipe multidisciplinar e condi\u00e7\u00f5es facilitadas de pagamento, permitindo que mais pessoas tenham acesso a um tratamento de qualidade.<\/p>\n<p data-start=\"536\" data-end=\"755\">A depend\u00eancia qu\u00edmica \u00e9 uma doen\u00e7a que pode comprometer a sa\u00fade, os relacionamentos, a vida profissional e familiar. Com acompanhamento especializado, \u00e9 poss\u00edvel recuperar a qualidade de vida e construir um novo futuro.<\/p>\n<hr data-start=\"757\" data-end=\"760\" \/>\n<h1 data-section-id=\"1f9h20o\" data-start=\"762\" data-end=\"809\">O Que \u00e9 uma Cl\u00ednica de Recupera\u00e7\u00e3o Acess\u00edvel?<\/h1>\n<p data-start=\"811\" data-end=\"986\">Uma cl\u00ednica acess\u00edvel combina qualidade no atendimento com excelente custo-benef\u00edcio, oferecendo um tratamento completo para pacientes que necessitam de suporte especializado.<\/p>\n<p data-start=\"988\" data-end=\"1023\">Os principais diferenciais incluem:<\/p>\n<ul data-start=\"1025\" data-end=\"1257\">\n<li data-section-id=\"1wptz17\" data-start=\"1025\" data-end=\"1050\">Atendimento humanizado;<\/li>\n<li data-section-id=\"1g397e0\" data-start=\"1051\" data-end=\"1091\">Equipe multidisciplinar especializada;<\/li>\n<li data-section-id=\"ivih6r\" data-start=\"1092\" data-end=\"1128\">Plano terap\u00eautico individualizado;<\/li>\n<li data-section-id=\"6u4ssm\" data-start=\"1129\" data-end=\"1164\">Atendimento m\u00e9dico e psicol\u00f3gico;<\/li>\n<li data-section-id=\"gber2f\" data-start=\"1165\" data-end=\"1195\">Ambiente seguro e acolhedor;<\/li>\n<li data-section-id=\"x05bmk\" data-start=\"1196\" data-end=\"1219\">Atendimento 24 horas;<\/li>\n<li data-section-id=\"1ydvyct\" data-start=\"1220\" data-end=\"1257\">Condi\u00e7\u00f5es facilitadas de pagamento.<\/li>\n<\/ul>\n<hr data-start=\"1259\" data-end=\"1262\" \/>\n<h1 data-section-id=\"qwmdug\" data-start=\"1264\" data-end=\"1288\">Quando Procurar Ajuda?<\/h1>\n<p data-start=\"1290\" data-end=\"1349\">Alguns sinais indicam que o tratamento pode ser necess\u00e1rio:<\/p>\n<ul data-start=\"1351\" data-end=\"1614\">\n<li data-section-id=\"enrna8\" data-start=\"1351\" data-end=\"1387\">Uso frequente de \u00e1lcool ou drogas;<\/li>\n<li data-section-id=\"5rx9eg\" data-start=\"1388\" data-end=\"1424\">Perda do controle sobre o consumo;<\/li>\n<li data-section-id=\"6hfph1\" data-start=\"1425\" data-end=\"1447\">Reca\u00eddas constantes;<\/li>\n<li data-section-id=\"1yp0nmr\" data-start=\"1448\" data-end=\"1472\">Crises de abstin\u00eancia;<\/li>\n<li data-section-id=\"93s68g\" data-start=\"1473\" data-end=\"1501\">Mudan\u00e7as de comportamento;<\/li>\n<li data-section-id=\"w0sdbd\" data-start=\"1502\" data-end=\"1525\">Problemas familiares;<\/li>\n<li data-section-id=\"zj9dm0\" data-start=\"1526\" data-end=\"1550\">Ansiedade e depress\u00e3o;<\/li>\n<li data-section-id=\"118l0st\" data-start=\"1551\" data-end=\"1571\">Isolamento social;<\/li>\n<li data-section-id=\"1tbpaio\" data-start=\"1572\" data-end=\"1614\">Dificuldades no trabalho ou nos estudos.<\/li>\n<\/ul>\n<p data-start=\"1616\" data-end=\"1698\">Quanto antes o tratamento come\u00e7ar, maiores ser\u00e3o as possibilidades de recupera\u00e7\u00e3o.<\/p>\n<hr data-start=\"1700\" data-end=\"1703\" \/>\n<h1 data-section-id=\"zcqcxs\" data-start=\"1705\" data-end=\"1734\">Como Funciona o Tratamento?<\/h1>\n<p data-start=\"1736\" data-end=\"1816\">Cada paciente recebe um plano terap\u00eautico desenvolvido conforme sua necessidade.<\/p>\n<h2 data-section-id=\"102dyl7\" data-start=\"1818\" data-end=\"1838\">Avalia\u00e7\u00e3o Cl\u00ednica<\/h2>\n<p data-start=\"1840\" data-end=\"1927\">A equipe realiza uma avalia\u00e7\u00e3o completa para definir a melhor estrat\u00e9gia de tratamento.<\/p>\n<h2 data-section-id=\"2a3yc0\" data-start=\"1929\" data-end=\"1956\">Desintoxica\u00e7\u00e3o Assistida<\/h2>\n<p data-start=\"1958\" data-end=\"2081\">Quando indicada, a retirada das subst\u00e2ncias ocorre com acompanhamento profissional, garantindo maior seguran\u00e7a ao paciente.<\/p>\n<h2 data-section-id=\"wr1ibd\" data-start=\"2083\" data-end=\"2098\">Psicoterapia<\/h2>\n<p data-start=\"2100\" data-end=\"2142\">O programa terap\u00eautico normalmente inclui:<\/p>\n<ul data-start=\"2144\" data-end=\"2298\">\n<li data-section-id=\"w5p39i\" data-start=\"2144\" data-end=\"2170\">Psicoterapia individual;<\/li>\n<li data-section-id=\"oji84t\" data-start=\"2171\" data-end=\"2191\">Terapias em grupo;<\/li>\n<li data-section-id=\"1recp5z\" data-start=\"2192\" data-end=\"2214\">Terapia ocupacional;<\/li>\n<li data-section-id=\"5hyo8s\" data-start=\"2215\" data-end=\"2243\">Desenvolvimento emocional;<\/li>\n<li data-section-id=\"1yck3wu\" data-start=\"2244\" data-end=\"2275\">Fortalecimento da autoestima;<\/li>\n<li data-section-id=\"7pceay\" data-start=\"2276\" data-end=\"2298\">Preven\u00e7\u00e3o \u00e0 reca\u00edda.<\/li>\n<\/ul>\n<h2 data-section-id=\"7fozse\" data-start=\"2300\" data-end=\"2327\">Atendimento Psiqui\u00e1trico<\/h2>\n<p data-start=\"2329\" data-end=\"2386\">Quando necess\u00e1rio, tamb\u00e9m pode haver acompanhamento para:<\/p>\n<ul data-start=\"2388\" data-end=\"2493\">\n<li data-section-id=\"c2ficn\" data-start=\"2388\" data-end=\"2400\">Ansiedade;<\/li>\n<li data-section-id=\"1pkjm0p\" data-start=\"2401\" data-end=\"2413\">Depress\u00e3o;<\/li>\n<li data-section-id=\"1qdefwq\" data-start=\"2414\" data-end=\"2435\">Transtorno bipolar;<\/li>\n<li data-section-id=\"uy5reo\" data-start=\"2436\" data-end=\"2457\">S\u00edndrome do p\u00e2nico;<\/li>\n<li data-section-id=\"18y951t\" data-start=\"2458\" data-end=\"2493\">Outros transtornos psiqui\u00e1tricos.<\/li>\n<\/ul>\n<hr data-start=\"2495\" data-end=\"2498\" \/>\n<h1 data-section-id=\"8li42\" data-start=\"2500\" data-end=\"2527\">Modalidades de Interna\u00e7\u00e3o<\/h1>\n<p data-start=\"2529\" data-end=\"2582\">Dependendo da avalia\u00e7\u00e3o cl\u00ednica, podem ser indicadas:<\/p>\n<ul data-start=\"2584\" data-end=\"2705\">\n<li data-section-id=\"1bh85xu\" data-start=\"2584\" data-end=\"2608\">Interna\u00e7\u00e3o volunt\u00e1ria;<\/li>\n<li data-section-id=\"d4bmol\" data-start=\"2609\" data-end=\"2635\">Interna\u00e7\u00e3o involunt\u00e1ria;<\/li>\n<li data-section-id=\"1y5mou4\" data-start=\"2636\" data-end=\"2705\">Interna\u00e7\u00e3o compuls\u00f3ria, conforme previsto na legisla\u00e7\u00e3o brasileira.<\/li>\n<\/ul>\n<hr data-start=\"2707\" data-end=\"2710\" \/>\n<h1 data-section-id=\"1my2pek\" data-start=\"2712\" data-end=\"2761\">Benef\u00edcios de uma Cl\u00ednica Pr\u00f3xima a S\u00e3o Vicente<\/h1>\n<p data-start=\"2763\" data-end=\"2860\">Escolher uma cl\u00ednica localizada em S\u00e3o Vicente ou na Baixada Santista oferece diversas vantagens:<\/p>\n<ul data-start=\"2862\" data-end=\"3116\">\n<li data-section-id=\"ne8d86\" data-start=\"2862\" data-end=\"2902\">F\u00e1cil acesso para moradores da regi\u00e3o;<\/li>\n<li data-section-id=\"8psvwo\" data-start=\"2903\" data-end=\"2971\">Proximidade com Santos, Praia Grande, Cubat\u00e3o, Guaruj\u00e1 e Mongagu\u00e1;<\/li>\n<li data-section-id=\"jl6ibh\" data-start=\"2972\" data-end=\"3009\">Facilidade para visitas familiares;<\/li>\n<li data-section-id=\"w7gwq5\" data-start=\"3010\" data-end=\"3063\">Participa\u00e7\u00e3o ativa da fam\u00edlia durante o tratamento;<\/li>\n<li data-section-id=\"1ezg3nc\" data-start=\"3064\" data-end=\"3116\">Ambiente tranquilo e preparado para a recupera\u00e7\u00e3o.<\/li>\n<\/ul>\n<hr data-start=\"3118\" data-end=\"3121\" \/>\n<h1 data-section-id=\"8zp9bv\" data-start=\"3123\" data-end=\"3149\">A Import\u00e2ncia da Fam\u00edlia<\/h1>\n<p data-start=\"3151\" data-end=\"3220\">A participa\u00e7\u00e3o da fam\u00edlia fortalece significativamente a recupera\u00e7\u00e3o.<\/p>\n<p data-start=\"3222\" data-end=\"3264\">Durante o tratamento podem ser oferecidos:<\/p>\n<ul data-start=\"3266\" data-end=\"3373\">\n<li data-section-id=\"1kkh8cc\" data-start=\"3266\" data-end=\"3285\">Terapia familiar;<\/li>\n<li data-section-id=\"uqm46k\" data-start=\"3286\" data-end=\"3314\">Orienta\u00e7\u00e3o aos familiares;<\/li>\n<li data-section-id=\"zyi8uo\" data-start=\"3315\" data-end=\"3335\">Apoio psicol\u00f3gico;<\/li>\n<li data-section-id=\"lorax8\" data-start=\"3336\" data-end=\"3373\">Educa\u00e7\u00e3o sobre depend\u00eancia qu\u00edmica.<\/li>\n<\/ul>\n<hr data-start=\"3375\" data-end=\"3378\" \/>\n<h1 data-section-id=\"1hkrky\" data-start=\"3380\" data-end=\"3405\">Recupera\u00e7\u00e3o Ap\u00f3s a Alta<\/h1>\n<p data-start=\"3407\" data-end=\"3460\">A recupera\u00e7\u00e3o continua ap\u00f3s a interna\u00e7\u00e3o por meio de:<\/p>\n<ul data-start=\"3462\" data-end=\"3588\">\n<li data-section-id=\"1oiebxq\" data-start=\"3462\" data-end=\"3486\">Psicoterapia cont\u00ednua;<\/li>\n<li data-section-id=\"1pbjb3a\" data-start=\"3487\" data-end=\"3505\">Grupos de apoio;<\/li>\n<li data-section-id=\"p3v6ev\" data-start=\"3506\" data-end=\"3526\">Reinser\u00e7\u00e3o social;<\/li>\n<li data-section-id=\"7tfug3\" data-start=\"3527\" data-end=\"3556\">Acompanhamento psicol\u00f3gico;<\/li>\n<li data-section-id=\"17vn5fb\" data-start=\"3557\" data-end=\"3588\">Plano de preven\u00e7\u00e3o \u00e0 reca\u00edda.<\/li>\n<\/ul>\n<hr data-start=\"3590\" data-end=\"3593\" \/>\n<h1 data-section-id=\"165q7ws\" data-start=\"3595\" data-end=\"3627\">Como Escolher uma Boa Cl\u00ednica?<\/h1>\n<p data-start=\"3629\" data-end=\"3696\">Antes de iniciar o tratamento, procure uma institui\u00e7\u00e3o que ofere\u00e7a:<\/p>\n<ul data-start=\"3698\" data-end=\"3900\">\n<li data-section-id=\"1g397e0\" data-start=\"3698\" data-end=\"3738\">Equipe multidisciplinar especializada;<\/li>\n<li data-section-id=\"1wptz17\" data-start=\"3739\" data-end=\"3764\">Atendimento humanizado;<\/li>\n<li data-section-id=\"xczkh0\" data-start=\"3765\" data-end=\"3786\">Estrutura adequada;<\/li>\n<li data-section-id=\"1jdbuj6\" data-start=\"3787\" data-end=\"3821\">Plano terap\u00eautico personalizado;<\/li>\n<li data-section-id=\"x05bmk\" data-start=\"3822\" data-end=\"3845\">Atendimento 24 horas;<\/li>\n<li data-section-id=\"pxmip0\" data-start=\"3846\" data-end=\"3900\">Transpar\u00eancia durante todas as etapas do tratamento.<\/li>\n<\/ul>\n<hr data-start=\"3902\" data-end=\"3905\" \/>\n<h1 data-section-id=\"1g4xr35\" data-start=\"3907\" data-end=\"3918\">Conclus\u00e3o<\/h1>\n<p data-start=\"3920\" data-end=\"4284\">Escolher uma <strong data-start=\"3933\" data-end=\"3984\">cl\u00ednica de recupera\u00e7\u00e3o acess\u00edvel em S\u00e3o Vicente<\/strong> \u00e9 investir em um tratamento s\u00e9rio, acolhedor e focado na recupera\u00e7\u00e3o completa do paciente. Com profissionais especializados, atendimento humanizado e suporte cont\u00ednuo, \u00e9 poss\u00edvel superar a depend\u00eancia qu\u00edmica, recuperar a autoestima e iniciar uma nova fase de vida com sa\u00fade, esperan\u00e7a e equil\u00edbrio.<\/p>\n","protected":false},"excerpt":{"rendered":"<p>Cl\u00ednica de Recupera\u00e7\u00e3o Acess\u00edvel em S\u00e3o Vicente: Tratamento Humanizado com Excelente Custo-Benef\u00edcio Encontrar uma cl\u00ednica de recupera\u00e7\u00e3o acess\u00edvel em S\u00e3o Vicente \u00e9 um passo\u2026<\/p>\n","protected":false},"author":1,"featured_media":0,"comment_status":"open","ping_status":"open","sticky":false,"template":"","format":"standard","meta":{"footnotes":""},"categories":[279],"tags":[305,306,303],"class_list":["post-10049","post","type-post","status-publish","format-standard","hentry","category-sao-vicente","tag-clinica-de-recuperacao-acessivel-em-sao-vicente","tag-clinica-de-recuperacao-acessivel-masculina","tag-clinica-de-recuperacao-feminina-acessivel"],"yoast_head":"<!-- This site is optimized with the Yoast SEO Premium plugin v27.6.1 (Yoast SEO v28.2) - https:\/\/yoast.com\/product\/yoast-seo-premium-wordpress\/ -->\n<title>Cl\u00ednica de Recupera\u00e7\u00e3o Acess\u00edvel em S\u00e3o Vicente - Blog Inter Cl\u00ednicas Litoral<\/title>\n<meta name=\"description\" content=\"Cl\u00ednica de recupera\u00e7\u00e3o acess\u00edvel em S\u00e3o Vicente com tratamento para depend\u00eancia qu\u00edmica, alcoolismo e sa\u00fade mental. Atendimento humanizado, interna\u00e7\u00e3o 24 horas e condi\u00e7\u00f5es facilitadas de pagamento.\" \/>\n<meta name=\"robots\" content=\"index, follow, max-snippet:-1, max-image-preview:large, max-video-preview:-1\" \/>\n<link rel=\"canonical\" href=\"https:\/\/interclinicaslitoral.com.br\/blog\/clinica-de-recuperacao-acessivel-em-sao-vicente\/\" \/>\n<meta property=\"og:locale\" content=\"pt_PT\" \/>\n<meta property=\"og:type\" content=\"article\" \/>\n<meta property=\"og:title\" content=\"Cl\u00ednica de Recupera\u00e7\u00e3o Acess\u00edvel em S\u00e3o Vicente\" \/>\n<meta property=\"og:description\" content=\"Cl\u00ednica de recupera\u00e7\u00e3o acess\u00edvel em S\u00e3o Vicente com tratamento para depend\u00eancia qu\u00edmica, alcoolismo e sa\u00fade mental. Atendimento humanizado, interna\u00e7\u00e3o 24 horas e condi\u00e7\u00f5es facilitadas de pagamento.\" \/>\n<meta property=\"og:url\" content=\"https:\/\/interclinicaslitoral.com.br\/blog\/clinica-de-recuperacao-acessivel-em-sao-vicente\/\" \/>\n<meta property=\"og:site_name\" content=\"Blog Inter Cl\u00ednicas Litoral\" \/>\n<meta property=\"article:published_time\" content=\"2026-08-06T13:32:15+00:00\" \/>\n<meta name=\"author\" content=\"admin\" \/>\n<meta name=\"twitter:card\" content=\"summary_large_image\" \/>\n<meta name=\"twitter:label1\" content=\"Escrito por\" \/>\n\t<meta name=\"twitter:data1\" content=\"admin\" \/>\n\t<meta name=\"twitter:label2\" content=\"Tempo estimado de leitura\" \/>\n\t<meta name=\"twitter:data2\" content=\"3 minutos\" \/>\n<script type=\"application\/ld+json\" class=\"yoast-schema-graph\">{\"@context\":\"https:\\\/\\\/schema.org\",\"@graph\":[{\"@type\":\"Article\",\"@id\":\"https:\\\/\\\/interclinicaslitoral.com.br\\\/blog\\\/clinica-de-recuperacao-acessivel-em-sao-vicente\\\/#article\",\"isPartOf\":{\"@id\":\"https:\\\/\\\/interclinicaslitoral.com.br\\\/blog\\\/clinica-de-recuperacao-acessivel-em-sao-vicente\\\/\"},\"author\":{\"name\":\"admin\",\"@id\":\"https:\\\/\\\/interclinicaslitoral.com.br\\\/blog\\\/#\\\/schema\\\/person\\\/0722a1a552d2deb98d1ad7f7ef92ffd4\"},\"headline\":\"Cl\u00ednica de Recupera\u00e7\u00e3o Acess\u00edvel em S\u00e3o Vicente\",\"datePublished\":\"2026-08-06T13:32:15+00:00\",\"mainEntityOfPage\":{\"@id\":\"https:\\\/\\\/interclinicaslitoral.com.br\\\/blog\\\/clinica-de-recuperacao-acessivel-em-sao-vicente\\\/\"},\"wordCount\":639,\"commentCount\":0,\"keywords\":[\"clinica de recupera\u00e7\u00e3o acessivel em s\u00e3o vicente\",\"clinica de recupera\u00e7\u00e3o acessivel masculina\",\"clinica de recupera\u00e7\u00e3o feminina acessivel\"],\"articleSection\":[\"S\u00e3o Vicente\"],\"inLanguage\":\"pt-PT\",\"potentialAction\":[{\"@type\":\"CommentAction\",\"name\":\"Comment\",\"target\":[\"https:\\\/\\\/interclinicaslitoral.com.br\\\/blog\\\/clinica-de-recuperacao-acessivel-em-sao-vicente\\\/#respond\"]}]},{\"@type\":\"WebPage\",\"@id\":\"https:\\\/\\\/interclinicaslitoral.com.br\\\/blog\\\/clinica-de-recuperacao-acessivel-em-sao-vicente\\\/\",\"url\":\"https:\\\/\\\/interclinicaslitoral.com.br\\\/blog\\\/clinica-de-recuperacao-acessivel-em-sao-vicente\\\/\",\"name\":\"Cl\u00ednica de Recupera\u00e7\u00e3o Acess\u00edvel em S\u00e3o Vicente - Blog Inter Cl\u00ednicas Litoral\",\"isPartOf\":{\"@id\":\"https:\\\/\\\/interclinicaslitoral.com.br\\\/blog\\\/#website\"},\"datePublished\":\"2026-08-06T13:32:15+00:00\",\"author\":{\"@id\":\"https:\\\/\\\/interclinicaslitoral.com.br\\\/blog\\\/#\\\/schema\\\/person\\\/0722a1a552d2deb98d1ad7f7ef92ffd4\"},\"description\":\"Cl\u00ednica de recupera\u00e7\u00e3o acess\u00edvel em S\u00e3o Vicente com tratamento para depend\u00eancia qu\u00edmica, alcoolismo e sa\u00fade mental. Atendimento humanizado, interna\u00e7\u00e3o 24 horas e condi\u00e7\u00f5es facilitadas de pagamento.\",\"breadcrumb\":{\"@id\":\"https:\\\/\\\/interclinicaslitoral.com.br\\\/blog\\\/clinica-de-recuperacao-acessivel-em-sao-vicente\\\/#breadcrumb\"},\"inLanguage\":\"pt-PT\",\"potentialAction\":[{\"@type\":\"ReadAction\",\"target\":[\"https:\\\/\\\/interclinicaslitoral.com.br\\\/blog\\\/clinica-de-recuperacao-acessivel-em-sao-vicente\\\/\"]}]},{\"@type\":\"BreadcrumbList\",\"@id\":\"https:\\\/\\\/interclinicaslitoral.com.br\\\/blog\\\/clinica-de-recuperacao-acessivel-em-sao-vicente\\\/#breadcrumb\",\"itemListElement\":[{\"@type\":\"ListItem\",\"position\":1,\"name\":\"In\u00edcio\",\"item\":\"https:\\\/\\\/interclinicaslitoral.com.br\\\/blog\\\/\"},{\"@type\":\"ListItem\",\"position\":2,\"name\":\"Cl\u00ednica de Recupera\u00e7\u00e3o Acess\u00edvel em S\u00e3o Vicente\"}]},{\"@type\":\"WebSite\",\"@id\":\"https:\\\/\\\/interclinicaslitoral.com.br\\\/blog\\\/#website\",\"url\":\"https:\\\/\\\/interclinicaslitoral.com.br\\\/blog\\\/\",\"name\":\"Blog Inter Cl\u00ednicas Litoral\",\"description\":\"Conte\u00fados sobre depend\u00eancia qu\u00edmica, alcoolismo, sa\u00fade mental, apoio familiar e caminhos de cuidado em todo o Litoral Paulista.\",\"potentialAction\":[{\"@type\":\"SearchAction\",\"target\":{\"@type\":\"EntryPoint\",\"urlTemplate\":\"https:\\\/\\\/interclinicaslitoral.com.br\\\/blog\\\/?s={search_term_string}\"},\"query-input\":{\"@type\":\"PropertyValueSpecification\",\"valueRequired\":true,\"valueName\":\"search_term_string\"}}],\"inLanguage\":\"pt-PT\"},{\"@type\":\"Person\",\"@id\":\"https:\\\/\\\/interclinicaslitoral.com.br\\\/blog\\\/#\\\/schema\\\/person\\\/0722a1a552d2deb98d1ad7f7ef92ffd4\",\"name\":\"admin\",\"image\":{\"@type\":\"ImageObject\",\"inLanguage\":\"pt-PT\",\"@id\":\"https:\\\/\\\/secure.gravatar.com\\\/avatar\\\/f7939cba5930278804513e8435a0e8943ddbb1f002264bfb6cbe0fbe692dd410?s=96&d=mm&r=g\",\"url\":\"https:\\\/\\\/secure.gravatar.com\\\/avatar\\\/f7939cba5930278804513e8435a0e8943ddbb1f002264bfb6cbe0fbe692dd410?s=96&d=mm&r=g\",\"contentUrl\":\"https:\\\/\\\/secure.gravatar.com\\\/avatar\\\/f7939cba5930278804513e8435a0e8943ddbb1f002264bfb6cbe0fbe692dd410?s=96&d=mm&r=g\",\"caption\":\"admin\"},\"url\":\"https:\\\/\\\/interclinicaslitoral.com.br\\\/blog\\\/author\\\/admin\\\/\"}]}<\/script>\n<!-- \/ Yoast SEO Premium plugin. -->","yoast_head_json":{"title":"Cl\u00ednica de Recupera\u00e7\u00e3o Acess\u00edvel em S\u00e3o Vicente - Blog Inter Cl\u00ednicas Litoral","description":"Cl\u00ednica de recupera\u00e7\u00e3o acess\u00edvel em S\u00e3o Vicente com tratamento para depend\u00eancia qu\u00edmica, alcoolismo e sa\u00fade mental. Atendimento humanizado, interna\u00e7\u00e3o 24 horas e condi\u00e7\u00f5es facilitadas de pagamento.","robots":{"index":"index","follow":"follow","max-snippet":"max-snippet:-1","max-image-preview":"max-image-preview:large","max-video-preview":"max-video-preview:-1"},"canonical":"https:\/\/interclinicaslitoral.com.br\/blog\/clinica-de-recuperacao-acessivel-em-sao-vicente\/","og_locale":"pt_PT","og_type":"article","og_title":"Cl\u00ednica de Recupera\u00e7\u00e3o Acess\u00edvel em S\u00e3o Vicente","og_description":"Cl\u00ednica de recupera\u00e7\u00e3o acess\u00edvel em S\u00e3o Vicente com tratamento para depend\u00eancia qu\u00edmica, alcoolismo e sa\u00fade mental. Atendimento humanizado, interna\u00e7\u00e3o 24 horas e condi\u00e7\u00f5es facilitadas de pagamento.","og_url":"https:\/\/interclinicaslitoral.com.br\/blog\/clinica-de-recuperacao-acessivel-em-sao-vicente\/","og_site_name":"Blog Inter Cl\u00ednicas Litoral","article_published_time":"2026-08-06T13:32:15+00:00","author":"admin","twitter_card":"summary_large_image","twitter_misc":{"Escrito por":"admin","Tempo estimado de leitura":"3 minutos"},"schema":{"@context":"https:\/\/schema.org","@graph":[{"@type":"Article","@id":"https:\/\/interclinicaslitoral.com.br\/blog\/clinica-de-recuperacao-acessivel-em-sao-vicente\/#article","isPartOf":{"@id":"https:\/\/interclinicaslitoral.com.br\/blog\/clinica-de-recuperacao-acessivel-em-sao-vicente\/"},"author":{"name":"admin","@id":"https:\/\/interclinicaslitoral.com.br\/blog\/#\/schema\/person\/0722a1a552d2deb98d1ad7f7ef92ffd4"},"headline":"Cl\u00ednica de Recupera\u00e7\u00e3o Acess\u00edvel em S\u00e3o Vicente","datePublished":"2026-08-06T13:32:15+00:00","mainEntityOfPage":{"@id":"https:\/\/interclinicaslitoral.com.br\/blog\/clinica-de-recuperacao-acessivel-em-sao-vicente\/"},"wordCount":639,"commentCount":0,"keywords":["clinica de recupera\u00e7\u00e3o acessivel em s\u00e3o vicente","clinica de recupera\u00e7\u00e3o acessivel masculina","clinica de recupera\u00e7\u00e3o feminina acessivel"],"articleSection":["S\u00e3o Vicente"],"inLanguage":"pt-PT","potentialAction":[{"@type":"CommentAction","name":"Comment","target":["https:\/\/interclinicaslitoral.com.br\/blog\/clinica-de-recuperacao-acessivel-em-sao-vicente\/#respond"]}]},{"@type":"WebPage","@id":"https:\/\/interclinicaslitoral.com.br\/blog\/clinica-de-recuperacao-acessivel-em-sao-vicente\/","url":"https:\/\/interclinicaslitoral.com.br\/blog\/clinica-de-recuperacao-acessivel-em-sao-vicente\/","name":"Cl\u00ednica de Recupera\u00e7\u00e3o Acess\u00edvel em S\u00e3o Vicente - Blog Inter Cl\u00ednicas Litoral","isPartOf":{"@id":"https:\/\/interclinicaslitoral.com.br\/blog\/#website"},"datePublished":"2026-08-06T13:32:15+00:00","author":{"@id":"https:\/\/interclinicaslitoral.com.br\/blog\/#\/schema\/person\/0722a1a552d2deb98d1ad7f7ef92ffd4"},"description":"Cl\u00ednica de recupera\u00e7\u00e3o acess\u00edvel em S\u00e3o Vicente com tratamento para depend\u00eancia qu\u00edmica, alcoolismo e sa\u00fade mental. Atendimento humanizado, interna\u00e7\u00e3o 24 horas e condi\u00e7\u00f5es facilitadas de pagamento.","breadcrumb":{"@id":"https:\/\/interclinicaslitoral.com.br\/blog\/clinica-de-recuperacao-acessivel-em-sao-vicente\/#breadcrumb"},"inLanguage":"pt-PT","potentialAction":[{"@type":"ReadAction","target":["https:\/\/interclinicaslitoral.com.br\/blog\/clinica-de-recuperacao-acessivel-em-sao-vicente\/"]}]},{"@type":"BreadcrumbList","@id":"https:\/\/interclinicaslitoral.com.br\/blog\/clinica-de-recuperacao-acessivel-em-sao-vicente\/#breadcrumb","itemListElement":[{"@type":"ListItem","position":1,"name":"In\u00edcio","item":"https:\/\/interclinicaslitoral.com.br\/blog\/"},{"@type":"ListItem","position":2,"name":"Cl\u00ednica de Recupera\u00e7\u00e3o Acess\u00edvel em S\u00e3o Vicente"}]},{"@type":"WebSite","@id":"https:\/\/interclinicaslitoral.com.br\/blog\/#website","url":"https:\/\/interclinicaslitoral.com.br\/blog\/","name":"Blog Inter Cl\u00ednicas Litoral","description":"Conte\u00fados sobre depend\u00eancia qu\u00edmica, alcoolismo, sa\u00fade mental, apoio familiar e caminhos de cuidado em todo o Litoral Paulista.","potentialAction":[{"@type":"SearchAction","target":{"@type":"EntryPoint","urlTemplate":"https:\/\/interclinicaslitoral.com.br\/blog\/?s={search_term_string}"},"query-input":{"@type":"PropertyValueSpecification","valueRequired":true,"valueName":"search_term_string"}}],"inLanguage":"pt-PT"},{"@type":"Person","@id":"https:\/\/interclinicaslitoral.com.br\/blog\/#\/schema\/person\/0722a1a552d2deb98d1ad7f7ef92ffd4","name":"admin","image":{"@type":"ImageObject","inLanguage":"pt-PT","@id":"https:\/\/secure.gravatar.com\/avatar\/f7939cba5930278804513e8435a0e8943ddbb1f002264bfb6cbe0fbe692dd410?s=96&d=mm&r=g","url":"https:\/\/secure.gravatar.com\/avatar\/f7939cba5930278804513e8435a0e8943ddbb1f002264bfb6cbe0fbe692dd410?s=96&d=mm&r=g","contentUrl":"https:\/\/secure.gravatar.com\/avatar\/f7939cba5930278804513e8435a0e8943ddbb1f002264bfb6cbe0fbe692dd410?s=96&d=mm&r=g","caption":"admin"},"url":"https:\/\/interclinicaslitoral.com.br\/blog\/author\/admin\/"}]}},"_links":{"self":[{"href":"https:\/\/interclinicaslitoral.com.br\/blog\/wp-json\/wp\/v2\/posts\/10049","targetHints":{"allow":["GET"]}}],"collection":[{"href":"https:\/\/interclinicaslitoral.com.br\/blog\/wp-json\/wp\/v2\/posts"}],"about":[{"href":"https:\/\/interclinicaslitoral.com.br\/blog\/wp-json\/wp\/v2\/types\/post"}],"author":[{"embeddable":true,"href":"https:\/\/interclinicaslitoral.com.br\/blog\/wp-json\/wp\/v2\/users\/1"}],"replies":[{"embeddable":true,"href":"https:\/\/interclinicaslitoral.com.br\/blog\/wp-json\/wp\/v2\/comments?post=10049"}],"version-history":[{"count":1,"href":"https:\/\/interclinicaslitoral.com.br\/blog\/wp-json\/wp\/v2\/posts\/10049\/revisions"}],"predecessor-version":[{"id":10050,"href":"https:\/\/interclinicaslitoral.com.br\/blog\/wp-json\/wp\/v2\/posts\/10049\/revisions\/10050"}],"wp:attachment":[{"href":"https:\/\/interclinicaslitoral.com.br\/blog\/wp-json\/wp\/v2\/media?parent=10049"}],"wp:term":[{"taxonomy":"category","embeddable":true,"href":"https:\/\/interclinicaslitoral.com.br\/blog\/wp-json\/wp\/v2\/categories?post=10049"},{"taxonomy":"post_tag","embeddable":true,"href":"https:\/\/interclinicaslitoral.com.br\/blog\/wp-json\/wp\/v2\/tags?post=10049"}],"curies":[{"name":"wp","href":"https:\/\/api.w.org\/{rel}","templated":true}]}}