{"id":10045,"date":"2026-08-05T09:27:57","date_gmt":"2026-08-05T12:27:57","guid":{"rendered":"https:\/\/interclinicaslitoral.com.br\/blog\/?p=10045"},"modified":"2026-08-05T09:27:57","modified_gmt":"2026-08-05T12:27:57","slug":"clinica-de-recuperacao-acessivel-em-santos","status":"publish","type":"post","link":"https:\/\/interclinicaslitoral.com.br\/blog\/clinica-de-recuperacao-acessivel-em-santos\/","title":{"rendered":"Cl\u00ednica de Recupera\u00e7\u00e3o Acess\u00edvel em Santos"},"content":{"rendered":"<h1 data-section-id=\"14e3p8r\" data-start=\"0\" data-end=\"97\">Cl\u00ednica de Recupera\u00e7\u00e3o Acess\u00edvel em Santos: Tratamento Humanizado com Excelente Custo-Benef\u00edcio<\/h1>\n<p data-start=\"99\" data-end=\"511\">Encontrar uma <strong data-start=\"113\" data-end=\"159\">cl\u00ednica de recupera\u00e7\u00e3o acess\u00edvel em Santos<\/strong> \u00e9 uma decis\u00e3o importante para fam\u00edlias que buscam tratamento para depend\u00eancia qu\u00edmica, alcoolismo ou transtornos relacionados sem abrir m\u00e3o da qualidade do atendimento. Atualmente, \u00e9 poss\u00edvel encontrar institui\u00e7\u00f5es que oferecem atendimento humanizado, equipe multidisciplinar e condi\u00e7\u00f5es facilitadas de pagamento, tornando o tratamento mais acess\u00edvel.<\/p>\n<p data-start=\"513\" data-end=\"730\">A depend\u00eancia qu\u00edmica \u00e9 uma doen\u00e7a que exige acompanhamento especializado. Quanto mais cedo o tratamento for iniciado, maiores s\u00e3o as chances de recupera\u00e7\u00e3o, fortalecimento dos v\u00ednculos familiares e reinser\u00e7\u00e3o social.<\/p>\n<hr data-start=\"732\" data-end=\"735\" \/>\n<h1 data-section-id=\"1f9h20o\" data-start=\"737\" data-end=\"784\">O Que \u00e9 uma Cl\u00ednica de Recupera\u00e7\u00e3o Acess\u00edvel?<\/h1>\n<p data-start=\"786\" data-end=\"993\">Uma cl\u00ednica acess\u00edvel n\u00e3o significa apenas menor pre\u00e7o. O principal objetivo \u00e9 oferecer um tratamento completo, seguro e eficiente, aliado a condi\u00e7\u00f5es financeiras compat\u00edveis com a realidade de cada fam\u00edlia.<\/p>\n<p data-start=\"995\" data-end=\"1031\">Os diferenciais normalmente incluem:<\/p>\n<ul data-start=\"1033\" data-end=\"1290\">\n<li data-section-id=\"1wptz17\" data-start=\"1033\" data-end=\"1058\">Atendimento humanizado;<\/li>\n<li data-section-id=\"1g397e0\" data-start=\"1059\" data-end=\"1099\">Equipe multidisciplinar especializada;<\/li>\n<li data-section-id=\"ivih6r\" data-start=\"1100\" data-end=\"1136\">Plano terap\u00eautico individualizado;<\/li>\n<li data-section-id=\"gber2f\" data-start=\"1137\" data-end=\"1167\">Ambiente seguro e acolhedor;<\/li>\n<li data-section-id=\"x05bmk\" data-start=\"1168\" data-end=\"1191\">Atendimento 24 horas;<\/li>\n<li data-section-id=\"1ydvyd4\" data-start=\"1192\" data-end=\"1229\">Condi\u00e7\u00f5es facilitadas de pagamento;<\/li>\n<li data-section-id=\"3xjkyd\" data-start=\"1230\" data-end=\"1290\">Avalia\u00e7\u00e3o para utiliza\u00e7\u00e3o de conv\u00eanios, quando dispon\u00edvel.<\/li>\n<\/ul>\n<hr data-start=\"1292\" data-end=\"1295\" \/>\n<h1 data-section-id=\"qwmdug\" data-start=\"1297\" data-end=\"1321\">Quando Procurar Ajuda?<\/h1>\n<p data-start=\"1323\" data-end=\"1389\">Alguns sinais indicam que chegou o momento de procurar tratamento:<\/p>\n<ul data-start=\"1391\" data-end=\"1654\">\n<li data-section-id=\"enrna8\" data-start=\"1391\" data-end=\"1427\">Uso frequente de \u00e1lcool ou drogas;<\/li>\n<li data-section-id=\"5rx9eg\" data-start=\"1428\" data-end=\"1464\">Perda do controle sobre o consumo;<\/li>\n<li data-section-id=\"6hfph1\" data-start=\"1465\" data-end=\"1487\">Reca\u00eddas constantes;<\/li>\n<li data-section-id=\"1yp0nmr\" data-start=\"1488\" data-end=\"1512\">Crises de abstin\u00eancia;<\/li>\n<li data-section-id=\"w0sdbd\" data-start=\"1513\" data-end=\"1536\">Problemas familiares;<\/li>\n<li data-section-id=\"93s68g\" data-start=\"1537\" data-end=\"1565\">Mudan\u00e7as de comportamento;<\/li>\n<li data-section-id=\"zj9dm0\" data-start=\"1566\" data-end=\"1590\">Ansiedade e depress\u00e3o;<\/li>\n<li data-section-id=\"118l0st\" data-start=\"1591\" data-end=\"1611\">Isolamento social;<\/li>\n<li data-section-id=\"1tbpaio\" data-start=\"1612\" data-end=\"1654\">Dificuldades no trabalho ou nos estudos.<\/li>\n<\/ul>\n<p data-start=\"1656\" data-end=\"1736\">Quanto antes houver interven\u00e7\u00e3o, maiores ser\u00e3o as possibilidades de recupera\u00e7\u00e3o.<\/p>\n<hr data-start=\"1738\" data-end=\"1741\" \/>\n<h1 data-section-id=\"zcqcxs\" data-start=\"1743\" data-end=\"1772\">Como Funciona o Tratamento?<\/h1>\n<p data-start=\"1774\" data-end=\"1853\">Cada paciente recebe um plano terap\u00eautico elaborado conforme suas necessidades.<\/p>\n<h2 data-section-id=\"102dyl7\" data-start=\"1855\" data-end=\"1875\">Avalia\u00e7\u00e3o Cl\u00ednica<\/h2>\n<p data-start=\"1877\" data-end=\"2012\">O tratamento come\u00e7a com uma avalia\u00e7\u00e3o completa realizada por profissionais especializados para definir a melhor estrat\u00e9gia terap\u00eautica.<\/p>\n<h2 data-section-id=\"2a3yc0\" data-start=\"2014\" data-end=\"2041\">Desintoxica\u00e7\u00e3o Assistida<\/h2>\n<p data-start=\"2043\" data-end=\"2181\">Quando necess\u00e1ria, a retirada das subst\u00e2ncias acontece com acompanhamento profissional, oferecendo mais seguran\u00e7a durante todo o processo.<\/p>\n<h2 data-section-id=\"wr1ibd\" data-start=\"2183\" data-end=\"2198\">Psicoterapia<\/h2>\n<p data-start=\"2200\" data-end=\"2236\">O programa terap\u00eautico pode incluir:<\/p>\n<ul data-start=\"2238\" data-end=\"2392\">\n<li data-section-id=\"w5p39i\" data-start=\"2238\" data-end=\"2264\">Psicoterapia individual;<\/li>\n<li data-section-id=\"oji84t\" data-start=\"2265\" data-end=\"2285\">Terapias em grupo;<\/li>\n<li data-section-id=\"1recp5z\" data-start=\"2286\" data-end=\"2308\">Terapia ocupacional;<\/li>\n<li data-section-id=\"5hyo8s\" data-start=\"2309\" data-end=\"2337\">Desenvolvimento emocional;<\/li>\n<li data-section-id=\"1yck3wu\" data-start=\"2338\" data-end=\"2369\">Fortalecimento da autoestima;<\/li>\n<li data-section-id=\"7pceay\" data-start=\"2370\" data-end=\"2392\">Preven\u00e7\u00e3o \u00e0 reca\u00edda.<\/li>\n<\/ul>\n<h2 data-section-id=\"7fozse\" data-start=\"2394\" data-end=\"2421\">Atendimento Psiqui\u00e1trico<\/h2>\n<p data-start=\"2423\" data-end=\"2489\">Quando indicado, tamb\u00e9m s\u00e3o tratados transtornos associados, como:<\/p>\n<ul data-start=\"2491\" data-end=\"2596\">\n<li data-section-id=\"c2ficn\" data-start=\"2491\" data-end=\"2503\">Ansiedade;<\/li>\n<li data-section-id=\"1pkjm0p\" data-start=\"2504\" data-end=\"2516\">Depress\u00e3o;<\/li>\n<li data-section-id=\"1qdefwq\" data-start=\"2517\" data-end=\"2538\">Transtorno bipolar;<\/li>\n<li data-section-id=\"uy5reo\" data-start=\"2539\" data-end=\"2560\">S\u00edndrome do p\u00e2nico;<\/li>\n<li data-section-id=\"18y951t\" data-start=\"2561\" data-end=\"2596\">Outros transtornos psiqui\u00e1tricos.<\/li>\n<\/ul>\n<hr data-start=\"2598\" data-end=\"2601\" \/>\n<h1 data-section-id=\"8li42\" data-start=\"2603\" data-end=\"2630\">Modalidades de Interna\u00e7\u00e3o<\/h1>\n<p data-start=\"2632\" data-end=\"2703\">Dependendo da avalia\u00e7\u00e3o cl\u00ednica, o tratamento pode ocorrer por meio de:<\/p>\n<ul data-start=\"2705\" data-end=\"2816\">\n<li data-section-id=\"1bh85xu\" data-start=\"2705\" data-end=\"2729\">Interna\u00e7\u00e3o volunt\u00e1ria;<\/li>\n<li data-section-id=\"d4bmol\" data-start=\"2730\" data-end=\"2756\">Interna\u00e7\u00e3o involunt\u00e1ria;<\/li>\n<li data-section-id=\"162ejqa\" data-start=\"2757\" data-end=\"2816\">Interna\u00e7\u00e3o compuls\u00f3ria, conforme a legisla\u00e7\u00e3o brasileira.<\/li>\n<\/ul>\n<hr data-start=\"2818\" data-end=\"2821\" \/>\n<h1 data-section-id=\"q94m5w\" data-start=\"2823\" data-end=\"2860\">Benef\u00edcios de uma Cl\u00ednica em Santos<\/h1>\n<p data-start=\"2862\" data-end=\"2932\">Optar por uma cl\u00ednica localizada em Santos oferece diversas vantagens:<\/p>\n<ul data-start=\"2934\" data-end=\"3188\">\n<li data-section-id=\"61d5ci\" data-start=\"2934\" data-end=\"2984\">F\u00e1cil acesso para moradores da Baixada Santista;<\/li>\n<li data-section-id=\"1l62y8\" data-start=\"2985\" data-end=\"3048\">Proximidade com S\u00e3o Vicente, Praia Grande, Guaruj\u00e1 e Cubat\u00e3o;<\/li>\n<li data-section-id=\"jl6ibh\" data-start=\"3049\" data-end=\"3086\">Facilidade para visitas familiares;<\/li>\n<li data-section-id=\"5r23dq\" data-start=\"3087\" data-end=\"3140\">Maior participa\u00e7\u00e3o da fam\u00edlia durante o tratamento;<\/li>\n<li data-section-id=\"qxx1xj\" data-start=\"3141\" data-end=\"3188\">Ambiente tranquilo e favor\u00e1vel \u00e0 recupera\u00e7\u00e3o.<\/li>\n<\/ul>\n<hr data-start=\"3190\" data-end=\"3193\" \/>\n<h1 data-section-id=\"8zp9bv\" data-start=\"3195\" data-end=\"3221\">A Import\u00e2ncia da Fam\u00edlia<\/h1>\n<p data-start=\"3223\" data-end=\"3283\">O apoio da fam\u00edlia \u00e9 fundamental durante toda a recupera\u00e7\u00e3o.<\/p>\n<p data-start=\"3285\" data-end=\"3310\">Muitas cl\u00ednicas oferecem:<\/p>\n<ul data-start=\"3312\" data-end=\"3419\">\n<li data-section-id=\"1kkh8cc\" data-start=\"3312\" data-end=\"3331\">Terapia familiar;<\/li>\n<li data-section-id=\"uqm46k\" data-start=\"3332\" data-end=\"3360\">Orienta\u00e7\u00e3o aos familiares;<\/li>\n<li data-section-id=\"zyi8uo\" data-start=\"3361\" data-end=\"3381\">Apoio psicol\u00f3gico;<\/li>\n<li data-section-id=\"lorax8\" data-start=\"3382\" data-end=\"3419\">Educa\u00e7\u00e3o sobre depend\u00eancia qu\u00edmica.<\/li>\n<\/ul>\n<hr data-start=\"3421\" data-end=\"3424\" \/>\n<h1 data-section-id=\"1hkrky\" data-start=\"3426\" data-end=\"3451\">Recupera\u00e7\u00e3o Ap\u00f3s a Alta<\/h1>\n<p data-start=\"3453\" data-end=\"3498\">A recupera\u00e7\u00e3o continua ap\u00f3s a interna\u00e7\u00e3o com:<\/p>\n<ul data-start=\"3500\" data-end=\"3626\">\n<li data-section-id=\"1oiebxq\" data-start=\"3500\" data-end=\"3524\">Psicoterapia cont\u00ednua;<\/li>\n<li data-section-id=\"1pbjb3a\" data-start=\"3525\" data-end=\"3543\">Grupos de apoio;<\/li>\n<li data-section-id=\"p3v6ev\" data-start=\"3544\" data-end=\"3564\">Reinser\u00e7\u00e3o social;<\/li>\n<li data-section-id=\"7tfug3\" data-start=\"3565\" data-end=\"3594\">Acompanhamento psicol\u00f3gico;<\/li>\n<li data-section-id=\"17vn5fb\" data-start=\"3595\" data-end=\"3626\">Plano de preven\u00e7\u00e3o \u00e0 reca\u00edda.<\/li>\n<\/ul>\n<hr data-start=\"3628\" data-end=\"3631\" \/>\n<h1 data-section-id=\"165q7ws\" data-start=\"3633\" data-end=\"3665\">Como Escolher uma Boa Cl\u00ednica?<\/h1>\n<p data-start=\"3667\" data-end=\"3734\">Antes de iniciar o tratamento, procure uma institui\u00e7\u00e3o que ofere\u00e7a:<\/p>\n<ul data-start=\"3736\" data-end=\"3924\">\n<li data-section-id=\"1g397e0\" data-start=\"3736\" data-end=\"3776\">Equipe multidisciplinar especializada;<\/li>\n<li data-section-id=\"1wptz17\" data-start=\"3777\" data-end=\"3802\">Atendimento humanizado;<\/li>\n<li data-section-id=\"xczkh0\" data-start=\"3803\" data-end=\"3824\">Estrutura adequada;<\/li>\n<li data-section-id=\"1jdbuj6\" data-start=\"3825\" data-end=\"3859\">Plano terap\u00eautico personalizado;<\/li>\n<li data-section-id=\"x05bmk\" data-start=\"3860\" data-end=\"3883\">Atendimento 24 horas;<\/li>\n<li data-section-id=\"12kj94m\" data-start=\"3884\" data-end=\"3924\">Transpar\u00eancia durante todo o processo.<\/li>\n<\/ul>\n<hr data-start=\"3926\" data-end=\"3929\" \/>\n<h1 data-section-id=\"1g4xr35\" data-start=\"3931\" data-end=\"3942\">Conclus\u00e3o<\/h1>\n<p data-start=\"3944\" data-end=\"4283\">Escolher uma <strong data-start=\"3957\" data-end=\"4003\">cl\u00ednica de recupera\u00e7\u00e3o acess\u00edvel em Santos<\/strong> \u00e9 investir em um tratamento s\u00e9rio, acolhedor e focado na recupera\u00e7\u00e3o completa do paciente. Com acompanhamento profissional, atendimento humanizado e suporte cont\u00ednuo, \u00e9 poss\u00edvel vencer a depend\u00eancia qu\u00edmica e construir uma nova hist\u00f3ria de vida com sa\u00fade, equil\u00edbrio e esperan\u00e7a.<\/p>\n","protected":false},"excerpt":{"rendered":"<p>Cl\u00ednica de Recupera\u00e7\u00e3o Acess\u00edvel em Santos: Tratamento Humanizado com Excelente Custo-Benef\u00edcio Encontrar uma cl\u00ednica de recupera\u00e7\u00e3o acess\u00edvel em Santos \u00e9 uma decis\u00e3o importante para\u2026<\/p>\n","protected":false},"author":1,"featured_media":0,"comment_status":"open","ping_status":"open","sticky":false,"template":"","format":"standard","meta":{"footnotes":""},"categories":[233],"tags":[300,299,301],"class_list":["post-10045","post","type-post","status-publish","format-standard","hentry","category-santos","tag-clinica-de-recuperacao-em-santos-feminina","tag-clinica-de-recuperacao-em-santos-masculina","tag-tratamento-de-baixo-custo-em-santos"],"yoast_head":"<!-- This site is optimized with the Yoast SEO Premium plugin v27.6.1 (Yoast SEO v28.2) - https:\/\/yoast.com\/product\/yoast-seo-premium-wordpress\/ -->\n<title>Cl\u00ednica de Recupera\u00e7\u00e3o Acess\u00edvel em Santos - Blog Inter Cl\u00ednicas Litoral<\/title>\n<meta name=\"description\" content=\"Cl\u00ednica de recupera\u00e7\u00e3o acess\u00edvel em Santos com tratamento para depend\u00eancia qu\u00edmica, alcoolismo e sa\u00fade mental. Atendimento humanizado, interna\u00e7\u00e3o 24 horas e condi\u00e7\u00f5es facilitadas de pagamento.\" \/>\n<meta name=\"robots\" content=\"index, follow, max-snippet:-1, max-image-preview:large, max-video-preview:-1\" \/>\n<link rel=\"canonical\" href=\"https:\/\/interclinicaslitoral.com.br\/blog\/clinica-de-recuperacao-acessivel-em-santos\/\" \/>\n<meta property=\"og:locale\" content=\"pt_PT\" \/>\n<meta property=\"og:type\" content=\"article\" \/>\n<meta property=\"og:title\" content=\"Cl\u00ednica de Recupera\u00e7\u00e3o Acess\u00edvel em Santos\" \/>\n<meta property=\"og:description\" content=\"Cl\u00ednica de recupera\u00e7\u00e3o acess\u00edvel em Santos com tratamento para depend\u00eancia qu\u00edmica, alcoolismo e sa\u00fade mental. Atendimento humanizado, interna\u00e7\u00e3o 24 horas e condi\u00e7\u00f5es facilitadas de pagamento.\" \/>\n<meta property=\"og:url\" content=\"https:\/\/interclinicaslitoral.com.br\/blog\/clinica-de-recuperacao-acessivel-em-santos\/\" \/>\n<meta property=\"og:site_name\" content=\"Blog Inter Cl\u00ednicas Litoral\" \/>\n<meta property=\"article:published_time\" content=\"2026-08-05T12:27:57+00:00\" \/>\n<meta name=\"author\" content=\"admin\" \/>\n<meta name=\"twitter:card\" content=\"summary_large_image\" \/>\n<meta name=\"twitter:label1\" content=\"Escrito por\" \/>\n\t<meta name=\"twitter:data1\" content=\"admin\" \/>\n\t<meta name=\"twitter:label2\" content=\"Tempo estimado de leitura\" \/>\n\t<meta name=\"twitter:data2\" content=\"3 minutos\" \/>\n<script type=\"application\/ld+json\" class=\"yoast-schema-graph\">{\"@context\":\"https:\\\/\\\/schema.org\",\"@graph\":[{\"@type\":\"Article\",\"@id\":\"https:\\\/\\\/interclinicaslitoral.com.br\\\/blog\\\/clinica-de-recuperacao-acessivel-em-santos\\\/#article\",\"isPartOf\":{\"@id\":\"https:\\\/\\\/interclinicaslitoral.com.br\\\/blog\\\/clinica-de-recuperacao-acessivel-em-santos\\\/\"},\"author\":{\"name\":\"admin\",\"@id\":\"https:\\\/\\\/interclinicaslitoral.com.br\\\/blog\\\/#\\\/schema\\\/person\\\/0722a1a552d2deb98d1ad7f7ef92ffd4\"},\"headline\":\"Cl\u00ednica de Recupera\u00e7\u00e3o Acess\u00edvel em Santos\",\"datePublished\":\"2026-08-05T12:27:57+00:00\",\"mainEntityOfPage\":{\"@id\":\"https:\\\/\\\/interclinicaslitoral.com.br\\\/blog\\\/clinica-de-recuperacao-acessivel-em-santos\\\/\"},\"wordCount\":640,\"commentCount\":0,\"keywords\":[\"clinica de recupera\u00e7\u00e3o em santos feminina\",\"clinica de recupera\u00e7\u00e3o em santos masculina\",\"tratamento de baixo custo em santos\"],\"articleSection\":[\"Santos\"],\"inLanguage\":\"pt-PT\",\"potentialAction\":[{\"@type\":\"CommentAction\",\"name\":\"Comment\",\"target\":[\"https:\\\/\\\/interclinicaslitoral.com.br\\\/blog\\\/clinica-de-recuperacao-acessivel-em-santos\\\/#respond\"]}]},{\"@type\":\"WebPage\",\"@id\":\"https:\\\/\\\/interclinicaslitoral.com.br\\\/blog\\\/clinica-de-recuperacao-acessivel-em-santos\\\/\",\"url\":\"https:\\\/\\\/interclinicaslitoral.com.br\\\/blog\\\/clinica-de-recuperacao-acessivel-em-santos\\\/\",\"name\":\"Cl\u00ednica de Recupera\u00e7\u00e3o Acess\u00edvel em Santos - Blog Inter Cl\u00ednicas Litoral\",\"isPartOf\":{\"@id\":\"https:\\\/\\\/interclinicaslitoral.com.br\\\/blog\\\/#website\"},\"datePublished\":\"2026-08-05T12:27:57+00:00\",\"author\":{\"@id\":\"https:\\\/\\\/interclinicaslitoral.com.br\\\/blog\\\/#\\\/schema\\\/person\\\/0722a1a552d2deb98d1ad7f7ef92ffd4\"},\"description\":\"Cl\u00ednica de recupera\u00e7\u00e3o acess\u00edvel em Santos com tratamento para depend\u00eancia qu\u00edmica, alcoolismo e sa\u00fade mental. Atendimento humanizado, interna\u00e7\u00e3o 24 horas e condi\u00e7\u00f5es facilitadas de pagamento.\",\"breadcrumb\":{\"@id\":\"https:\\\/\\\/interclinicaslitoral.com.br\\\/blog\\\/clinica-de-recuperacao-acessivel-em-santos\\\/#breadcrumb\"},\"inLanguage\":\"pt-PT\",\"potentialAction\":[{\"@type\":\"ReadAction\",\"target\":[\"https:\\\/\\\/interclinicaslitoral.com.br\\\/blog\\\/clinica-de-recuperacao-acessivel-em-santos\\\/\"]}]},{\"@type\":\"BreadcrumbList\",\"@id\":\"https:\\\/\\\/interclinicaslitoral.com.br\\\/blog\\\/clinica-de-recuperacao-acessivel-em-santos\\\/#breadcrumb\",\"itemListElement\":[{\"@type\":\"ListItem\",\"position\":1,\"name\":\"In\u00edcio\",\"item\":\"https:\\\/\\\/interclinicaslitoral.com.br\\\/blog\\\/\"},{\"@type\":\"ListItem\",\"position\":2,\"name\":\"Cl\u00ednica de Recupera\u00e7\u00e3o Acess\u00edvel em Santos\"}]},{\"@type\":\"WebSite\",\"@id\":\"https:\\\/\\\/interclinicaslitoral.com.br\\\/blog\\\/#website\",\"url\":\"https:\\\/\\\/interclinicaslitoral.com.br\\\/blog\\\/\",\"name\":\"Blog Inter Cl\u00ednicas Litoral\",\"description\":\"Conte\u00fados sobre depend\u00eancia qu\u00edmica, alcoolismo, sa\u00fade mental, apoio familiar e caminhos de cuidado em todo o Litoral Paulista.\",\"potentialAction\":[{\"@type\":\"SearchAction\",\"target\":{\"@type\":\"EntryPoint\",\"urlTemplate\":\"https:\\\/\\\/interclinicaslitoral.com.br\\\/blog\\\/?s={search_term_string}\"},\"query-input\":{\"@type\":\"PropertyValueSpecification\",\"valueRequired\":true,\"valueName\":\"search_term_string\"}}],\"inLanguage\":\"pt-PT\"},{\"@type\":\"Person\",\"@id\":\"https:\\\/\\\/interclinicaslitoral.com.br\\\/blog\\\/#\\\/schema\\\/person\\\/0722a1a552d2deb98d1ad7f7ef92ffd4\",\"name\":\"admin\",\"image\":{\"@type\":\"ImageObject\",\"inLanguage\":\"pt-PT\",\"@id\":\"https:\\\/\\\/secure.gravatar.com\\\/avatar\\\/f7939cba5930278804513e8435a0e8943ddbb1f002264bfb6cbe0fbe692dd410?s=96&d=mm&r=g\",\"url\":\"https:\\\/\\\/secure.gravatar.com\\\/avatar\\\/f7939cba5930278804513e8435a0e8943ddbb1f002264bfb6cbe0fbe692dd410?s=96&d=mm&r=g\",\"contentUrl\":\"https:\\\/\\\/secure.gravatar.com\\\/avatar\\\/f7939cba5930278804513e8435a0e8943ddbb1f002264bfb6cbe0fbe692dd410?s=96&d=mm&r=g\",\"caption\":\"admin\"},\"url\":\"https:\\\/\\\/interclinicaslitoral.com.br\\\/blog\\\/author\\\/admin\\\/\"}]}<\/script>\n<!-- \/ Yoast SEO Premium plugin. -->","yoast_head_json":{"title":"Cl\u00ednica de Recupera\u00e7\u00e3o Acess\u00edvel em Santos - Blog Inter Cl\u00ednicas Litoral","description":"Cl\u00ednica de recupera\u00e7\u00e3o acess\u00edvel em Santos com tratamento para depend\u00eancia qu\u00edmica, alcoolismo e sa\u00fade mental. Atendimento humanizado, interna\u00e7\u00e3o 24 horas e condi\u00e7\u00f5es facilitadas de pagamento.","robots":{"index":"index","follow":"follow","max-snippet":"max-snippet:-1","max-image-preview":"max-image-preview:large","max-video-preview":"max-video-preview:-1"},"canonical":"https:\/\/interclinicaslitoral.com.br\/blog\/clinica-de-recuperacao-acessivel-em-santos\/","og_locale":"pt_PT","og_type":"article","og_title":"Cl\u00ednica de Recupera\u00e7\u00e3o Acess\u00edvel em Santos","og_description":"Cl\u00ednica de recupera\u00e7\u00e3o acess\u00edvel em Santos com tratamento para depend\u00eancia qu\u00edmica, alcoolismo e sa\u00fade mental. Atendimento humanizado, interna\u00e7\u00e3o 24 horas e condi\u00e7\u00f5es facilitadas de pagamento.","og_url":"https:\/\/interclinicaslitoral.com.br\/blog\/clinica-de-recuperacao-acessivel-em-santos\/","og_site_name":"Blog Inter Cl\u00ednicas Litoral","article_published_time":"2026-08-05T12:27:57+00:00","author":"admin","twitter_card":"summary_large_image","twitter_misc":{"Escrito por":"admin","Tempo estimado de leitura":"3 minutos"},"schema":{"@context":"https:\/\/schema.org","@graph":[{"@type":"Article","@id":"https:\/\/interclinicaslitoral.com.br\/blog\/clinica-de-recuperacao-acessivel-em-santos\/#article","isPartOf":{"@id":"https:\/\/interclinicaslitoral.com.br\/blog\/clinica-de-recuperacao-acessivel-em-santos\/"},"author":{"name":"admin","@id":"https:\/\/interclinicaslitoral.com.br\/blog\/#\/schema\/person\/0722a1a552d2deb98d1ad7f7ef92ffd4"},"headline":"Cl\u00ednica de Recupera\u00e7\u00e3o Acess\u00edvel em Santos","datePublished":"2026-08-05T12:27:57+00:00","mainEntityOfPage":{"@id":"https:\/\/interclinicaslitoral.com.br\/blog\/clinica-de-recuperacao-acessivel-em-santos\/"},"wordCount":640,"commentCount":0,"keywords":["clinica de recupera\u00e7\u00e3o em santos feminina","clinica de recupera\u00e7\u00e3o em santos masculina","tratamento de baixo custo em santos"],"articleSection":["Santos"],"inLanguage":"pt-PT","potentialAction":[{"@type":"CommentAction","name":"Comment","target":["https:\/\/interclinicaslitoral.com.br\/blog\/clinica-de-recuperacao-acessivel-em-santos\/#respond"]}]},{"@type":"WebPage","@id":"https:\/\/interclinicaslitoral.com.br\/blog\/clinica-de-recuperacao-acessivel-em-santos\/","url":"https:\/\/interclinicaslitoral.com.br\/blog\/clinica-de-recuperacao-acessivel-em-santos\/","name":"Cl\u00ednica de Recupera\u00e7\u00e3o Acess\u00edvel em Santos - Blog Inter Cl\u00ednicas Litoral","isPartOf":{"@id":"https:\/\/interclinicaslitoral.com.br\/blog\/#website"},"datePublished":"2026-08-05T12:27:57+00:00","author":{"@id":"https:\/\/interclinicaslitoral.com.br\/blog\/#\/schema\/person\/0722a1a552d2deb98d1ad7f7ef92ffd4"},"description":"Cl\u00ednica de recupera\u00e7\u00e3o acess\u00edvel em Santos com tratamento para depend\u00eancia qu\u00edmica, alcoolismo e sa\u00fade mental. Atendimento humanizado, interna\u00e7\u00e3o 24 horas e condi\u00e7\u00f5es facilitadas de pagamento.","breadcrumb":{"@id":"https:\/\/interclinicaslitoral.com.br\/blog\/clinica-de-recuperacao-acessivel-em-santos\/#breadcrumb"},"inLanguage":"pt-PT","potentialAction":[{"@type":"ReadAction","target":["https:\/\/interclinicaslitoral.com.br\/blog\/clinica-de-recuperacao-acessivel-em-santos\/"]}]},{"@type":"BreadcrumbList","@id":"https:\/\/interclinicaslitoral.com.br\/blog\/clinica-de-recuperacao-acessivel-em-santos\/#breadcrumb","itemListElement":[{"@type":"ListItem","position":1,"name":"In\u00edcio","item":"https:\/\/interclinicaslitoral.com.br\/blog\/"},{"@type":"ListItem","position":2,"name":"Cl\u00ednica de Recupera\u00e7\u00e3o Acess\u00edvel em Santos"}]},{"@type":"WebSite","@id":"https:\/\/interclinicaslitoral.com.br\/blog\/#website","url":"https:\/\/interclinicaslitoral.com.br\/blog\/","name":"Blog Inter Cl\u00ednicas Litoral","description":"Conte\u00fados sobre depend\u00eancia qu\u00edmica, alcoolismo, sa\u00fade mental, apoio familiar e caminhos de cuidado em todo o Litoral Paulista.","potentialAction":[{"@type":"SearchAction","target":{"@type":"EntryPoint","urlTemplate":"https:\/\/interclinicaslitoral.com.br\/blog\/?s={search_term_string}"},"query-input":{"@type":"PropertyValueSpecification","valueRequired":true,"valueName":"search_term_string"}}],"inLanguage":"pt-PT"},{"@type":"Person","@id":"https:\/\/interclinicaslitoral.com.br\/blog\/#\/schema\/person\/0722a1a552d2deb98d1ad7f7ef92ffd4","name":"admin","image":{"@type":"ImageObject","inLanguage":"pt-PT","@id":"https:\/\/secure.gravatar.com\/avatar\/f7939cba5930278804513e8435a0e8943ddbb1f002264bfb6cbe0fbe692dd410?s=96&d=mm&r=g","url":"https:\/\/secure.gravatar.com\/avatar\/f7939cba5930278804513e8435a0e8943ddbb1f002264bfb6cbe0fbe692dd410?s=96&d=mm&r=g","contentUrl":"https:\/\/secure.gravatar.com\/avatar\/f7939cba5930278804513e8435a0e8943ddbb1f002264bfb6cbe0fbe692dd410?s=96&d=mm&r=g","caption":"admin"},"url":"https:\/\/interclinicaslitoral.com.br\/blog\/author\/admin\/"}]}},"_links":{"self":[{"href":"https:\/\/interclinicaslitoral.com.br\/blog\/wp-json\/wp\/v2\/posts\/10045","targetHints":{"allow":["GET"]}}],"collection":[{"href":"https:\/\/interclinicaslitoral.com.br\/blog\/wp-json\/wp\/v2\/posts"}],"about":[{"href":"https:\/\/interclinicaslitoral.com.br\/blog\/wp-json\/wp\/v2\/types\/post"}],"author":[{"embeddable":true,"href":"https:\/\/interclinicaslitoral.com.br\/blog\/wp-json\/wp\/v2\/users\/1"}],"replies":[{"embeddable":true,"href":"https:\/\/interclinicaslitoral.com.br\/blog\/wp-json\/wp\/v2\/comments?post=10045"}],"version-history":[{"count":1,"href":"https:\/\/interclinicaslitoral.com.br\/blog\/wp-json\/wp\/v2\/posts\/10045\/revisions"}],"predecessor-version":[{"id":10046,"href":"https:\/\/interclinicaslitoral.com.br\/blog\/wp-json\/wp\/v2\/posts\/10045\/revisions\/10046"}],"wp:attachment":[{"href":"https:\/\/interclinicaslitoral.com.br\/blog\/wp-json\/wp\/v2\/media?parent=10045"}],"wp:term":[{"taxonomy":"category","embeddable":true,"href":"https:\/\/interclinicaslitoral.com.br\/blog\/wp-json\/wp\/v2\/categories?post=10045"},{"taxonomy":"post_tag","embeddable":true,"href":"https:\/\/interclinicaslitoral.com.br\/blog\/wp-json\/wp\/v2\/tags?post=10045"}],"curies":[{"name":"wp","href":"https:\/\/api.w.org\/{rel}","templated":true}]}}