{"id":10039,"date":"2026-08-05T08:52:48","date_gmt":"2026-08-05T11:52:48","guid":{"rendered":"https:\/\/interclinicaslitoral.com.br\/blog\/?p=10039"},"modified":"2026-08-05T08:52:48","modified_gmt":"2026-08-05T11:52:48","slug":"clinica-de-recuperacao-acessivel-na-zona-leste","status":"publish","type":"post","link":"https:\/\/interclinicaslitoral.com.br\/blog\/clinica-de-recuperacao-acessivel-na-zona-leste\/","title":{"rendered":"Cl\u00ednica de Recupera\u00e7\u00e3o Acess\u00edvel na Zona Leste"},"content":{"rendered":"<h1 class=\"PDq2pG_selectionAnchorContainer\" data-section-id=\"ezn555\" data-start=\"0\" data-end=\"101\">Cl\u00ednica de Recupera\u00e7\u00e3o Acess\u00edvel na Zona Leste: Tratamento Humanizado com Excelente Custo-Benef\u00edcio<\/h1>\n<p data-start=\"103\" data-end=\"523\">Encontrar uma <strong data-start=\"117\" data-end=\"180\">cl\u00ednica de recupera\u00e7\u00e3o acess\u00edvel na Zona Leste de S\u00e3o Paulo<\/strong> \u00e9 uma das principais preocupa\u00e7\u00f5es de fam\u00edlias que buscam tratamento para depend\u00eancia qu\u00edmica e alcoolismo sem comprometer o or\u00e7amento. Felizmente, existem institui\u00e7\u00f5es que oferecem atendimento especializado, equipe multidisciplinar e op\u00e7\u00f5es de pagamento facilitadas, tornando o tratamento mais acess\u00edvel.<\/p>\n<p data-start=\"525\" data-end=\"704\">A depend\u00eancia qu\u00edmica \u00e9 uma doen\u00e7a que necessita de acompanhamento profissional. Quanto antes o tratamento for iniciado, maiores s\u00e3o as chances de recupera\u00e7\u00e3o e reinser\u00e7\u00e3o social.<\/p>\n<h2 data-section-id=\"1bo1lej\" data-start=\"706\" data-end=\"754\">O Que \u00e9 uma Cl\u00ednica de Recupera\u00e7\u00e3o Acess\u00edvel?<\/h2>\n<p data-start=\"756\" data-end=\"841\">Uma cl\u00ednica acess\u00edvel n\u00e3o significa apenas menor custo. O mais importante \u00e9 oferecer:<\/p>\n<ul data-start=\"843\" data-end=\"1091\">\n<li data-section-id=\"1wptz17\" data-start=\"843\" data-end=\"868\">Atendimento humanizado;<\/li>\n<li data-section-id=\"fxxhyz\" data-start=\"869\" data-end=\"895\">Equipe multidisciplinar;<\/li>\n<li data-section-id=\"kamced\" data-start=\"896\" data-end=\"929\">Estrutura segura e confort\u00e1vel;<\/li>\n<li data-section-id=\"zn3hjg\" data-start=\"930\" data-end=\"959\">Tratamento individualizado;<\/li>\n<li data-section-id=\"1thcil5\" data-start=\"960\" data-end=\"1009\">Op\u00e7\u00f5es de parcelamento e condi\u00e7\u00f5es facilitadas;<\/li>\n<li data-section-id=\"hmgcoz\" data-start=\"1010\" data-end=\"1091\">Avalia\u00e7\u00e3o de conv\u00eanios, quando aplic\u00e1vel.<\/li>\n<\/ul>\n<h2 data-section-id=\"bngqxn\" data-start=\"1093\" data-end=\"1118\">Quando Procurar Ajuda?<\/h2>\n<p data-start=\"1120\" data-end=\"1179\">Alguns sinais indicam que o tratamento pode ser necess\u00e1rio:<\/p>\n<ul data-start=\"1181\" data-end=\"1444\">\n<li data-section-id=\"enrna8\" data-start=\"1181\" data-end=\"1217\">Uso frequente de \u00e1lcool ou drogas;<\/li>\n<li data-section-id=\"5rx9eg\" data-start=\"1218\" data-end=\"1254\">Perda do controle sobre o consumo;<\/li>\n<li data-section-id=\"6hfph1\" data-start=\"1255\" data-end=\"1277\">Reca\u00eddas constantes;<\/li>\n<li data-section-id=\"1yp0nmr\" data-start=\"1278\" data-end=\"1302\">Crises de abstin\u00eancia;<\/li>\n<li data-section-id=\"w0sdbd\" data-start=\"1303\" data-end=\"1326\">Problemas familiares;<\/li>\n<li data-section-id=\"93s68g\" data-start=\"1327\" data-end=\"1355\">Mudan\u00e7as de comportamento;<\/li>\n<li data-section-id=\"zj9dm0\" data-start=\"1356\" data-end=\"1380\">Ansiedade e depress\u00e3o;<\/li>\n<li data-section-id=\"118l0st\" data-start=\"1381\" data-end=\"1401\">Isolamento social;<\/li>\n<li data-section-id=\"1tbpaio\" data-start=\"1402\" data-end=\"1444\">Dificuldades no trabalho ou nos estudos.<\/li>\n<\/ul>\n<p data-start=\"1446\" data-end=\"1523\">Buscar ajuda precocemente aumenta as possibilidades de sucesso no tratamento.<\/p>\n<h2 data-section-id=\"1gsvlb7\" data-start=\"1525\" data-end=\"1555\">Como Funciona o Tratamento?<\/h2>\n<p data-start=\"1557\" data-end=\"1613\">Cada paciente recebe um plano terap\u00eautico personalizado.<\/p>\n<h3 data-section-id=\"1bo6tw8\" data-start=\"1615\" data-end=\"1636\">Avalia\u00e7\u00e3o Cl\u00ednica<\/h3>\n<p data-start=\"1638\" data-end=\"1744\">A equipe realiza uma avalia\u00e7\u00e3o completa para definir o melhor tratamento conforme a realidade do paciente.<\/p>\n<h3 data-section-id=\"jdohf7\" data-start=\"1746\" data-end=\"1774\">Desintoxica\u00e7\u00e3o Assistida<\/h3>\n<p data-start=\"1776\" data-end=\"1895\">Quando indicada, ocorre com acompanhamento profissional para proporcionar seguran\u00e7a durante a retirada das subst\u00e2ncias.<\/p>\n<h3 data-section-id=\"3zjryy\" data-start=\"1897\" data-end=\"1913\">Psicoterapia<\/h3>\n<p data-start=\"1915\" data-end=\"1945\">O programa normalmente inclui:<\/p>\n<ul data-start=\"1947\" data-end=\"2101\">\n<li data-section-id=\"w5p39i\" data-start=\"1947\" data-end=\"1973\">Psicoterapia individual;<\/li>\n<li data-section-id=\"oji84t\" data-start=\"1974\" data-end=\"1994\">Terapias em grupo;<\/li>\n<li data-section-id=\"1recp5z\" data-start=\"1995\" data-end=\"2017\">Terapia ocupacional;<\/li>\n<li data-section-id=\"5hyo8s\" data-start=\"2018\" data-end=\"2046\">Desenvolvimento emocional;<\/li>\n<li data-section-id=\"1yck3wu\" data-start=\"2047\" data-end=\"2078\">Fortalecimento da autoestima;<\/li>\n<li data-section-id=\"7pceay\" data-start=\"2079\" data-end=\"2101\">Preven\u00e7\u00e3o \u00e0 reca\u00edda.<\/li>\n<\/ul>\n<h3 data-section-id=\"1blbaz1\" data-start=\"2103\" data-end=\"2131\">Atendimento Psiqui\u00e1trico<\/h3>\n<p data-start=\"2133\" data-end=\"2219\">Quando necess\u00e1rio, o paciente recebe acompanhamento para transtornos associados, como:<\/p>\n<ul data-start=\"2221\" data-end=\"2326\">\n<li data-section-id=\"c2ficn\" data-start=\"2221\" data-end=\"2233\">Ansiedade;<\/li>\n<li data-section-id=\"1pkjm0p\" data-start=\"2234\" data-end=\"2246\">Depress\u00e3o;<\/li>\n<li data-section-id=\"1qdefwq\" data-start=\"2247\" data-end=\"2268\">Transtorno bipolar;<\/li>\n<li data-section-id=\"uy5reo\" data-start=\"2269\" data-end=\"2290\">S\u00edndrome do p\u00e2nico;<\/li>\n<li data-section-id=\"18y951t\" data-start=\"2291\" data-end=\"2326\">Outros transtornos psiqui\u00e1tricos.<\/li>\n<\/ul>\n<h2 data-section-id=\"1q63ya9\" data-start=\"2328\" data-end=\"2356\">Modalidades de Interna\u00e7\u00e3o<\/h2>\n<p data-start=\"2358\" data-end=\"2406\">Conforme avalia\u00e7\u00e3o cl\u00ednica, podem ser indicadas:<\/p>\n<ul data-start=\"2408\" data-end=\"2516\">\n<li data-section-id=\"1bh85xu\" data-start=\"2408\" data-end=\"2432\">Interna\u00e7\u00e3o volunt\u00e1ria;<\/li>\n<li data-section-id=\"d4bmol\" data-start=\"2433\" data-end=\"2459\">Interna\u00e7\u00e3o involunt\u00e1ria;<\/li>\n<li data-section-id=\"onq3aw\" data-start=\"2460\" data-end=\"2516\">Interna\u00e7\u00e3o compuls\u00f3ria, conforme a legisla\u00e7\u00e3o vigente.<\/li>\n<\/ul>\n<h2 data-section-id=\"juoygk\" data-start=\"2518\" data-end=\"2566\">Vantagens de uma Cl\u00ednica Pr\u00f3xima \u00e0 Zona Leste<\/h2>\n<p data-start=\"2568\" data-end=\"2666\">Escolher uma cl\u00ednica com f\u00e1cil acesso para quem mora na Zona Leste oferece benef\u00edcios importantes:<\/p>\n<ul data-start=\"2668\" data-end=\"2948\">\n<li data-section-id=\"jl6ibh\" data-start=\"2668\" data-end=\"2705\">Facilidade para visitas familiares;<\/li>\n<li data-section-id=\"y6zt81\" data-start=\"2706\" data-end=\"2757\">Acompanhamento mais pr\u00f3ximo durante o tratamento;<\/li>\n<li data-section-id=\"al5g2j\" data-start=\"2758\" data-end=\"2888\">Acesso r\u00e1pido por bairros como Itaquera, S\u00e3o Mateus, Guaianases, Penha, Tatuap\u00e9, Vila Matilde, Arthur Alvim e Cidade Tiradentes;<\/li>\n<li data-section-id=\"sf78da\" data-start=\"2889\" data-end=\"2948\">Maior participa\u00e7\u00e3o da fam\u00edlia no processo de recupera\u00e7\u00e3o.<\/li>\n<\/ul>\n<h2 data-section-id=\"ie9fco\" data-start=\"2950\" data-end=\"2977\">A Import\u00e2ncia da Fam\u00edlia<\/h2>\n<p data-start=\"2979\" data-end=\"3072\">A participa\u00e7\u00e3o da fam\u00edlia \u00e9 um dos fatores que mais contribuem para o sucesso da recupera\u00e7\u00e3o.<\/p>\n<p data-start=\"3074\" data-end=\"3099\">Muitas cl\u00ednicas oferecem:<\/p>\n<ul data-start=\"3101\" data-end=\"3208\">\n<li data-section-id=\"1kkh8cc\" data-start=\"3101\" data-end=\"3120\">Terapia familiar;<\/li>\n<li data-section-id=\"uqm46k\" data-start=\"3121\" data-end=\"3149\">Orienta\u00e7\u00e3o aos familiares;<\/li>\n<li data-section-id=\"zyi8uo\" data-start=\"3150\" data-end=\"3170\">Apoio psicol\u00f3gico;<\/li>\n<li data-section-id=\"lorax8\" data-start=\"3171\" data-end=\"3208\">Educa\u00e7\u00e3o sobre depend\u00eancia qu\u00edmica.<\/li>\n<\/ul>\n<h2 data-section-id=\"ygunlt\" data-start=\"3210\" data-end=\"3236\">Recupera\u00e7\u00e3o Ap\u00f3s a Alta<\/h2>\n<p data-start=\"3238\" data-end=\"3291\">A recupera\u00e7\u00e3o continua ap\u00f3s a interna\u00e7\u00e3o por meio de:<\/p>\n<ul data-start=\"3293\" data-end=\"3419\">\n<li data-section-id=\"1oiebxq\" data-start=\"3293\" data-end=\"3317\">Psicoterapia cont\u00ednua;<\/li>\n<li data-section-id=\"1pbjb3a\" data-start=\"3318\" data-end=\"3336\">Grupos de apoio;<\/li>\n<li data-section-id=\"p3v6ev\" data-start=\"3337\" data-end=\"3357\">Reinser\u00e7\u00e3o social;<\/li>\n<li data-section-id=\"7tfug3\" data-start=\"3358\" data-end=\"3387\">Acompanhamento psicol\u00f3gico;<\/li>\n<li data-section-id=\"17vn5fb\" data-start=\"3388\" data-end=\"3419\">Plano de preven\u00e7\u00e3o \u00e0 reca\u00edda.<\/li>\n<\/ul>\n<h2 data-section-id=\"792ytr\" data-start=\"3421\" data-end=\"3454\">Como Escolher uma Boa Cl\u00ednica?<\/h2>\n<p data-start=\"3456\" data-end=\"3509\">Antes de decidir, verifique se a institui\u00e7\u00e3o oferece:<\/p>\n<ul data-start=\"3511\" data-end=\"3693\">\n<li data-section-id=\"1g397e0\" data-start=\"3511\" data-end=\"3551\">Equipe multidisciplinar especializada;<\/li>\n<li data-section-id=\"1wptz17\" data-start=\"3552\" data-end=\"3577\">Atendimento humanizado;<\/li>\n<li data-section-id=\"xczkh0\" data-start=\"3578\" data-end=\"3599\">Estrutura adequada;<\/li>\n<li data-section-id=\"ivih6r\" data-start=\"3600\" data-end=\"3636\">Plano terap\u00eautico individualizado;<\/li>\n<li data-section-id=\"iuvlql\" data-start=\"3637\" data-end=\"3669\">Transpar\u00eancia nas informa\u00e7\u00f5es;<\/li>\n<li data-section-id=\"x05bm1\" data-start=\"3670\" data-end=\"3693\">Atendimento 24 horas.<\/li>\n<\/ul>\n<h2 data-section-id=\"h85oci\" data-start=\"3695\" data-end=\"3707\">Conclus\u00e3o<\/h2>\n<p data-start=\"3709\" data-end=\"4035\">Encontrar uma <strong data-start=\"3723\" data-end=\"3773\">cl\u00ednica de recupera\u00e7\u00e3o acess\u00edvel na Zona Leste<\/strong> \u00e9 poss\u00edvel quando se prioriza qualidade, seguran\u00e7a e atendimento humanizado. Com profissionais qualificados e um tratamento individualizado, \u00e9 poss\u00edvel superar a depend\u00eancia qu\u00edmica, reconstruir os v\u00ednculos familiares e conquistar uma nova oportunidade de vida.<\/p>\n","protected":false},"excerpt":{"rendered":"<p>Cl\u00ednica de Recupera\u00e7\u00e3o Acess\u00edvel na Zona Leste: Tratamento Humanizado com Excelente Custo-Benef\u00edcio Encontrar uma cl\u00ednica de recupera\u00e7\u00e3o acess\u00edvel na Zona Leste de S\u00e3o Paulo\u2026<\/p>\n","protected":false},"author":1,"featured_media":0,"comment_status":"open","ping_status":"open","sticky":false,"template":"","format":"standard","meta":{"footnotes":""},"categories":[295],"tags":[],"class_list":["post-10039","post","type-post","status-publish","format-standard","hentry","category-zona-leste-sp"],"yoast_head":"<!-- This site is optimized with the Yoast SEO Premium plugin v27.6.1 (Yoast SEO v28.2) - https:\/\/yoast.com\/product\/yoast-seo-premium-wordpress\/ -->\n<title>Cl\u00ednica de Recupera\u00e7\u00e3o Acess\u00edvel na Zona Leste - Blog Inter Cl\u00ednicas Litoral<\/title>\n<meta name=\"description\" content=\"Cl\u00ednica de recupera\u00e7\u00e3o acess\u00edvel na Zona Leste com tratamento para depend\u00eancia qu\u00edmica, alcoolismo e sa\u00fade mental. Atendimento humanizado, interna\u00e7\u00e3o 24 horas e condi\u00e7\u00f5es facilitadas.\" \/>\n<meta name=\"robots\" content=\"index, follow, max-snippet:-1, max-image-preview:large, max-video-preview:-1\" \/>\n<link rel=\"canonical\" href=\"https:\/\/interclinicaslitoral.com.br\/blog\/clinica-de-recuperacao-acessivel-na-zona-leste\/\" \/>\n<meta property=\"og:locale\" content=\"pt_PT\" \/>\n<meta property=\"og:type\" content=\"article\" \/>\n<meta property=\"og:title\" content=\"Cl\u00ednica de Recupera\u00e7\u00e3o Acess\u00edvel na Zona Leste\" \/>\n<meta property=\"og:description\" content=\"Cl\u00ednica de recupera\u00e7\u00e3o acess\u00edvel na Zona Leste com tratamento para depend\u00eancia qu\u00edmica, alcoolismo e sa\u00fade mental. Atendimento humanizado, interna\u00e7\u00e3o 24 horas e condi\u00e7\u00f5es facilitadas.\" \/>\n<meta property=\"og:url\" content=\"https:\/\/interclinicaslitoral.com.br\/blog\/clinica-de-recuperacao-acessivel-na-zona-leste\/\" \/>\n<meta property=\"og:site_name\" content=\"Blog Inter Cl\u00ednicas Litoral\" \/>\n<meta property=\"article:published_time\" content=\"2026-08-05T11:52:48+00:00\" \/>\n<meta name=\"author\" content=\"admin\" \/>\n<meta name=\"twitter:card\" content=\"summary_large_image\" \/>\n<meta name=\"twitter:label1\" content=\"Escrito por\" \/>\n\t<meta name=\"twitter:data1\" content=\"admin\" \/>\n\t<meta name=\"twitter:label2\" content=\"Tempo estimado de leitura\" \/>\n\t<meta name=\"twitter:data2\" content=\"3 minutos\" \/>\n<script type=\"application\/ld+json\" class=\"yoast-schema-graph\">{\"@context\":\"https:\\\/\\\/schema.org\",\"@graph\":[{\"@type\":\"Article\",\"@id\":\"https:\\\/\\\/interclinicaslitoral.com.br\\\/blog\\\/clinica-de-recuperacao-acessivel-na-zona-leste\\\/#article\",\"isPartOf\":{\"@id\":\"https:\\\/\\\/interclinicaslitoral.com.br\\\/blog\\\/clinica-de-recuperacao-acessivel-na-zona-leste\\\/\"},\"author\":{\"name\":\"admin\",\"@id\":\"https:\\\/\\\/interclinicaslitoral.com.br\\\/blog\\\/#\\\/schema\\\/person\\\/0722a1a552d2deb98d1ad7f7ef92ffd4\"},\"headline\":\"Cl\u00ednica de Recupera\u00e7\u00e3o Acess\u00edvel na Zona Leste\",\"datePublished\":\"2026-08-05T11:52:48+00:00\",\"mainEntityOfPage\":{\"@id\":\"https:\\\/\\\/interclinicaslitoral.com.br\\\/blog\\\/clinica-de-recuperacao-acessivel-na-zona-leste\\\/\"},\"wordCount\":594,\"commentCount\":0,\"articleSection\":[\"Zona Leste SP\"],\"inLanguage\":\"pt-PT\",\"potentialAction\":[{\"@type\":\"CommentAction\",\"name\":\"Comment\",\"target\":[\"https:\\\/\\\/interclinicaslitoral.com.br\\\/blog\\\/clinica-de-recuperacao-acessivel-na-zona-leste\\\/#respond\"]}]},{\"@type\":\"WebPage\",\"@id\":\"https:\\\/\\\/interclinicaslitoral.com.br\\\/blog\\\/clinica-de-recuperacao-acessivel-na-zona-leste\\\/\",\"url\":\"https:\\\/\\\/interclinicaslitoral.com.br\\\/blog\\\/clinica-de-recuperacao-acessivel-na-zona-leste\\\/\",\"name\":\"Cl\u00ednica de Recupera\u00e7\u00e3o Acess\u00edvel na Zona Leste - Blog Inter Cl\u00ednicas Litoral\",\"isPartOf\":{\"@id\":\"https:\\\/\\\/interclinicaslitoral.com.br\\\/blog\\\/#website\"},\"datePublished\":\"2026-08-05T11:52:48+00:00\",\"author\":{\"@id\":\"https:\\\/\\\/interclinicaslitoral.com.br\\\/blog\\\/#\\\/schema\\\/person\\\/0722a1a552d2deb98d1ad7f7ef92ffd4\"},\"description\":\"Cl\u00ednica de recupera\u00e7\u00e3o acess\u00edvel na Zona Leste com tratamento para depend\u00eancia qu\u00edmica, alcoolismo e sa\u00fade mental. Atendimento humanizado, interna\u00e7\u00e3o 24 horas e condi\u00e7\u00f5es facilitadas.\",\"breadcrumb\":{\"@id\":\"https:\\\/\\\/interclinicaslitoral.com.br\\\/blog\\\/clinica-de-recuperacao-acessivel-na-zona-leste\\\/#breadcrumb\"},\"inLanguage\":\"pt-PT\",\"potentialAction\":[{\"@type\":\"ReadAction\",\"target\":[\"https:\\\/\\\/interclinicaslitoral.com.br\\\/blog\\\/clinica-de-recuperacao-acessivel-na-zona-leste\\\/\"]}]},{\"@type\":\"BreadcrumbList\",\"@id\":\"https:\\\/\\\/interclinicaslitoral.com.br\\\/blog\\\/clinica-de-recuperacao-acessivel-na-zona-leste\\\/#breadcrumb\",\"itemListElement\":[{\"@type\":\"ListItem\",\"position\":1,\"name\":\"In\u00edcio\",\"item\":\"https:\\\/\\\/interclinicaslitoral.com.br\\\/blog\\\/\"},{\"@type\":\"ListItem\",\"position\":2,\"name\":\"Cl\u00ednica de Recupera\u00e7\u00e3o Acess\u00edvel na Zona Leste\"}]},{\"@type\":\"WebSite\",\"@id\":\"https:\\\/\\\/interclinicaslitoral.com.br\\\/blog\\\/#website\",\"url\":\"https:\\\/\\\/interclinicaslitoral.com.br\\\/blog\\\/\",\"name\":\"Blog Inter Cl\u00ednicas Litoral\",\"description\":\"Conte\u00fados sobre depend\u00eancia qu\u00edmica, alcoolismo, sa\u00fade mental, apoio familiar e caminhos de cuidado em todo o Litoral Paulista.\",\"potentialAction\":[{\"@type\":\"SearchAction\",\"target\":{\"@type\":\"EntryPoint\",\"urlTemplate\":\"https:\\\/\\\/interclinicaslitoral.com.br\\\/blog\\\/?s={search_term_string}\"},\"query-input\":{\"@type\":\"PropertyValueSpecification\",\"valueRequired\":true,\"valueName\":\"search_term_string\"}}],\"inLanguage\":\"pt-PT\"},{\"@type\":\"Person\",\"@id\":\"https:\\\/\\\/interclinicaslitoral.com.br\\\/blog\\\/#\\\/schema\\\/person\\\/0722a1a552d2deb98d1ad7f7ef92ffd4\",\"name\":\"admin\",\"image\":{\"@type\":\"ImageObject\",\"inLanguage\":\"pt-PT\",\"@id\":\"https:\\\/\\\/secure.gravatar.com\\\/avatar\\\/f7939cba5930278804513e8435a0e8943ddbb1f002264bfb6cbe0fbe692dd410?s=96&d=mm&r=g\",\"url\":\"https:\\\/\\\/secure.gravatar.com\\\/avatar\\\/f7939cba5930278804513e8435a0e8943ddbb1f002264bfb6cbe0fbe692dd410?s=96&d=mm&r=g\",\"contentUrl\":\"https:\\\/\\\/secure.gravatar.com\\\/avatar\\\/f7939cba5930278804513e8435a0e8943ddbb1f002264bfb6cbe0fbe692dd410?s=96&d=mm&r=g\",\"caption\":\"admin\"},\"url\":\"https:\\\/\\\/interclinicaslitoral.com.br\\\/blog\\\/author\\\/admin\\\/\"}]}<\/script>\n<!-- \/ Yoast SEO Premium plugin. -->","yoast_head_json":{"title":"Cl\u00ednica de Recupera\u00e7\u00e3o Acess\u00edvel na Zona Leste - Blog Inter Cl\u00ednicas Litoral","description":"Cl\u00ednica de recupera\u00e7\u00e3o acess\u00edvel na Zona Leste com tratamento para depend\u00eancia qu\u00edmica, alcoolismo e sa\u00fade mental. Atendimento humanizado, interna\u00e7\u00e3o 24 horas e condi\u00e7\u00f5es facilitadas.","robots":{"index":"index","follow":"follow","max-snippet":"max-snippet:-1","max-image-preview":"max-image-preview:large","max-video-preview":"max-video-preview:-1"},"canonical":"https:\/\/interclinicaslitoral.com.br\/blog\/clinica-de-recuperacao-acessivel-na-zona-leste\/","og_locale":"pt_PT","og_type":"article","og_title":"Cl\u00ednica de Recupera\u00e7\u00e3o Acess\u00edvel na Zona Leste","og_description":"Cl\u00ednica de recupera\u00e7\u00e3o acess\u00edvel na Zona Leste com tratamento para depend\u00eancia qu\u00edmica, alcoolismo e sa\u00fade mental. Atendimento humanizado, interna\u00e7\u00e3o 24 horas e condi\u00e7\u00f5es facilitadas.","og_url":"https:\/\/interclinicaslitoral.com.br\/blog\/clinica-de-recuperacao-acessivel-na-zona-leste\/","og_site_name":"Blog Inter Cl\u00ednicas Litoral","article_published_time":"2026-08-05T11:52:48+00:00","author":"admin","twitter_card":"summary_large_image","twitter_misc":{"Escrito por":"admin","Tempo estimado de leitura":"3 minutos"},"schema":{"@context":"https:\/\/schema.org","@graph":[{"@type":"Article","@id":"https:\/\/interclinicaslitoral.com.br\/blog\/clinica-de-recuperacao-acessivel-na-zona-leste\/#article","isPartOf":{"@id":"https:\/\/interclinicaslitoral.com.br\/blog\/clinica-de-recuperacao-acessivel-na-zona-leste\/"},"author":{"name":"admin","@id":"https:\/\/interclinicaslitoral.com.br\/blog\/#\/schema\/person\/0722a1a552d2deb98d1ad7f7ef92ffd4"},"headline":"Cl\u00ednica de Recupera\u00e7\u00e3o Acess\u00edvel na Zona Leste","datePublished":"2026-08-05T11:52:48+00:00","mainEntityOfPage":{"@id":"https:\/\/interclinicaslitoral.com.br\/blog\/clinica-de-recuperacao-acessivel-na-zona-leste\/"},"wordCount":594,"commentCount":0,"articleSection":["Zona Leste SP"],"inLanguage":"pt-PT","potentialAction":[{"@type":"CommentAction","name":"Comment","target":["https:\/\/interclinicaslitoral.com.br\/blog\/clinica-de-recuperacao-acessivel-na-zona-leste\/#respond"]}]},{"@type":"WebPage","@id":"https:\/\/interclinicaslitoral.com.br\/blog\/clinica-de-recuperacao-acessivel-na-zona-leste\/","url":"https:\/\/interclinicaslitoral.com.br\/blog\/clinica-de-recuperacao-acessivel-na-zona-leste\/","name":"Cl\u00ednica de Recupera\u00e7\u00e3o Acess\u00edvel na Zona Leste - Blog Inter Cl\u00ednicas Litoral","isPartOf":{"@id":"https:\/\/interclinicaslitoral.com.br\/blog\/#website"},"datePublished":"2026-08-05T11:52:48+00:00","author":{"@id":"https:\/\/interclinicaslitoral.com.br\/blog\/#\/schema\/person\/0722a1a552d2deb98d1ad7f7ef92ffd4"},"description":"Cl\u00ednica de recupera\u00e7\u00e3o acess\u00edvel na Zona Leste com tratamento para depend\u00eancia qu\u00edmica, alcoolismo e sa\u00fade mental. Atendimento humanizado, interna\u00e7\u00e3o 24 horas e condi\u00e7\u00f5es facilitadas.","breadcrumb":{"@id":"https:\/\/interclinicaslitoral.com.br\/blog\/clinica-de-recuperacao-acessivel-na-zona-leste\/#breadcrumb"},"inLanguage":"pt-PT","potentialAction":[{"@type":"ReadAction","target":["https:\/\/interclinicaslitoral.com.br\/blog\/clinica-de-recuperacao-acessivel-na-zona-leste\/"]}]},{"@type":"BreadcrumbList","@id":"https:\/\/interclinicaslitoral.com.br\/blog\/clinica-de-recuperacao-acessivel-na-zona-leste\/#breadcrumb","itemListElement":[{"@type":"ListItem","position":1,"name":"In\u00edcio","item":"https:\/\/interclinicaslitoral.com.br\/blog\/"},{"@type":"ListItem","position":2,"name":"Cl\u00ednica de Recupera\u00e7\u00e3o Acess\u00edvel na Zona Leste"}]},{"@type":"WebSite","@id":"https:\/\/interclinicaslitoral.com.br\/blog\/#website","url":"https:\/\/interclinicaslitoral.com.br\/blog\/","name":"Blog Inter Cl\u00ednicas Litoral","description":"Conte\u00fados sobre depend\u00eancia qu\u00edmica, alcoolismo, sa\u00fade mental, apoio familiar e caminhos de cuidado em todo o Litoral Paulista.","potentialAction":[{"@type":"SearchAction","target":{"@type":"EntryPoint","urlTemplate":"https:\/\/interclinicaslitoral.com.br\/blog\/?s={search_term_string}"},"query-input":{"@type":"PropertyValueSpecification","valueRequired":true,"valueName":"search_term_string"}}],"inLanguage":"pt-PT"},{"@type":"Person","@id":"https:\/\/interclinicaslitoral.com.br\/blog\/#\/schema\/person\/0722a1a552d2deb98d1ad7f7ef92ffd4","name":"admin","image":{"@type":"ImageObject","inLanguage":"pt-PT","@id":"https:\/\/secure.gravatar.com\/avatar\/f7939cba5930278804513e8435a0e8943ddbb1f002264bfb6cbe0fbe692dd410?s=96&d=mm&r=g","url":"https:\/\/secure.gravatar.com\/avatar\/f7939cba5930278804513e8435a0e8943ddbb1f002264bfb6cbe0fbe692dd410?s=96&d=mm&r=g","contentUrl":"https:\/\/secure.gravatar.com\/avatar\/f7939cba5930278804513e8435a0e8943ddbb1f002264bfb6cbe0fbe692dd410?s=96&d=mm&r=g","caption":"admin"},"url":"https:\/\/interclinicaslitoral.com.br\/blog\/author\/admin\/"}]}},"_links":{"self":[{"href":"https:\/\/interclinicaslitoral.com.br\/blog\/wp-json\/wp\/v2\/posts\/10039","targetHints":{"allow":["GET"]}}],"collection":[{"href":"https:\/\/interclinicaslitoral.com.br\/blog\/wp-json\/wp\/v2\/posts"}],"about":[{"href":"https:\/\/interclinicaslitoral.com.br\/blog\/wp-json\/wp\/v2\/types\/post"}],"author":[{"embeddable":true,"href":"https:\/\/interclinicaslitoral.com.br\/blog\/wp-json\/wp\/v2\/users\/1"}],"replies":[{"embeddable":true,"href":"https:\/\/interclinicaslitoral.com.br\/blog\/wp-json\/wp\/v2\/comments?post=10039"}],"version-history":[{"count":1,"href":"https:\/\/interclinicaslitoral.com.br\/blog\/wp-json\/wp\/v2\/posts\/10039\/revisions"}],"predecessor-version":[{"id":10040,"href":"https:\/\/interclinicaslitoral.com.br\/blog\/wp-json\/wp\/v2\/posts\/10039\/revisions\/10040"}],"wp:attachment":[{"href":"https:\/\/interclinicaslitoral.com.br\/blog\/wp-json\/wp\/v2\/media?parent=10039"}],"wp:term":[{"taxonomy":"category","embeddable":true,"href":"https:\/\/interclinicaslitoral.com.br\/blog\/wp-json\/wp\/v2\/categories?post=10039"},{"taxonomy":"post_tag","embeddable":true,"href":"https:\/\/interclinicaslitoral.com.br\/blog\/wp-json\/wp\/v2\/tags?post=10039"}],"curies":[{"name":"wp","href":"https:\/\/api.w.org\/{rel}","templated":true}]}}