{"id":10037,"date":"2026-08-04T11:46:02","date_gmt":"2026-08-04T14:46:02","guid":{"rendered":"https:\/\/interclinicaslitoral.com.br\/blog\/?p=10037"},"modified":"2026-08-04T11:46:02","modified_gmt":"2026-08-04T14:46:02","slug":"clinica-de-recuperacao-intensiva-em-santos-para-dependentes-quimicos","status":"publish","type":"post","link":"https:\/\/interclinicaslitoral.com.br\/blog\/clinica-de-recuperacao-intensiva-em-santos-para-dependentes-quimicos\/","title":{"rendered":"Cl\u00ednica de Recupera\u00e7\u00e3o Intensiva em Santos para Dependentes Qu\u00edmicos"},"content":{"rendered":"<h1 data-section-id=\"e6pr2h\" data-start=\"0\" data-end=\"122\">Cl\u00ednica de Recupera\u00e7\u00e3o Intensiva em Santos para Dependentes Qu\u00edmicos: Tratamento Especializado para Recupera\u00e7\u00e3o Completa<\/h1>\n<p data-start=\"124\" data-end=\"438\">A depend\u00eancia qu\u00edmica \u00e9 uma doen\u00e7a cr\u00f4nica que afeta a sa\u00fade f\u00edsica, emocional, psicol\u00f3gica e social. Quando o uso de drogas se torna frequente e compromete a qualidade de vida, o tratamento intensivo pode ser a alternativa mais segura para interromper o ciclo da depend\u00eancia e iniciar uma recupera\u00e7\u00e3o consistente.<\/p>\n<p data-start=\"440\" data-end=\"740\">Se voc\u00ea procura uma <strong data-start=\"460\" data-end=\"532\">cl\u00ednica de recupera\u00e7\u00e3o intensiva em Santos para dependentes qu\u00edmicos<\/strong>, \u00e9 essencial escolher uma institui\u00e7\u00e3o que ofere\u00e7a atendimento humanizado, equipe multidisciplinar e um plano terap\u00eautico personalizado, proporcionando suporte cont\u00ednuo durante todo o processo de recupera\u00e7\u00e3o.<\/p>\n<h2 data-section-id=\"oukyty\" data-start=\"742\" data-end=\"803\">O Que \u00e9 um Tratamento Intensivo para Dependentes Qu\u00edmicos?<\/h2>\n<p data-start=\"805\" data-end=\"978\">O tratamento intensivo \u00e9 indicado para pacientes que apresentam depend\u00eancia qu\u00edmica em est\u00e1gio avan\u00e7ado ou que necessitam de acompanhamento permanente durante a recupera\u00e7\u00e3o.<\/p>\n<p data-start=\"980\" data-end=\"1122\">Durante a interna\u00e7\u00e3o, o paciente permanece em um ambiente protegido, recebendo assist\u00eancia m\u00e9dica, psicol\u00f3gica e terap\u00eautica 24 horas por dia.<\/p>\n<p data-start=\"1124\" data-end=\"1252\">O objetivo \u00e9 promover a recupera\u00e7\u00e3o f\u00edsica, emocional e social, preparando o paciente para uma vida saud\u00e1vel e livre das drogas.<\/p>\n<h2 data-section-id=\"iwwkpm\" data-start=\"1254\" data-end=\"1301\">Quando a Interna\u00e7\u00e3o Intensiva \u00e9 Recomendada?<\/h2>\n<p data-start=\"1303\" data-end=\"1354\">O tratamento intensivo pode ser indicado quando h\u00e1:<\/p>\n<ul data-start=\"1356\" data-end=\"1667\">\n<li data-section-id=\"ye8y5m\" data-start=\"1356\" data-end=\"1384\">Depend\u00eancia qu\u00edmica grave;<\/li>\n<li data-section-id=\"14hkn35\" data-start=\"1385\" data-end=\"1469\">Uso frequente de coca\u00edna, crack, maconha, drogas sint\u00e9ticas ou outras subst\u00e2ncias;<\/li>\n<li data-section-id=\"1t8f9nr\" data-start=\"1470\" data-end=\"1493\">Alcoolismo associado;<\/li>\n<li data-section-id=\"1kl3f29\" data-start=\"1494\" data-end=\"1516\">Reca\u00eddas frequentes;<\/li>\n<li data-section-id=\"1yp0nmr\" data-start=\"1517\" data-end=\"1541\">Crises de abstin\u00eancia;<\/li>\n<li data-section-id=\"ad5x05\" data-start=\"1542\" data-end=\"1576\">Risco para si ou para terceiros;<\/li>\n<li data-section-id=\"k78yux\" data-start=\"1577\" data-end=\"1616\">Transtornos psiqui\u00e1tricos associados;<\/li>\n<li data-section-id=\"1l017cx\" data-start=\"1617\" data-end=\"1667\">Tentativas anteriores de tratamento sem sucesso.<\/li>\n<\/ul>\n<p data-start=\"1669\" data-end=\"1749\">Quanto antes o tratamento for iniciado, maiores ser\u00e3o as chances de recupera\u00e7\u00e3o.<\/p>\n<h2 data-section-id=\"1gsvlb7\" data-start=\"1751\" data-end=\"1781\">Como Funciona o Tratamento?<\/h2>\n<p data-start=\"1783\" data-end=\"1868\">Cada paciente recebe um plano terap\u00eautico elaborado conforme sua necessidade cl\u00ednica.<\/p>\n<h3 data-section-id=\"1bo6tw8\" data-start=\"1870\" data-end=\"1891\">Avalia\u00e7\u00e3o Cl\u00ednica<\/h3>\n<p data-start=\"1893\" data-end=\"2036\">A equipe multidisciplinar realiza uma avalia\u00e7\u00e3o completa da sa\u00fade f\u00edsica, psicol\u00f3gica e emocional para definir a melhor estrat\u00e9gia terap\u00eautica.<\/p>\n<h3 data-section-id=\"jdohf7\" data-start=\"2038\" data-end=\"2066\">Desintoxica\u00e7\u00e3o Assistida<\/h3>\n<p data-start=\"2068\" data-end=\"2203\">Quando necess\u00e1ria, a retirada das subst\u00e2ncias ocorre com acompanhamento profissional, proporcionando mais seguran\u00e7a durante o processo.<\/p>\n<h3 data-section-id=\"sjbj3m\" data-start=\"2205\" data-end=\"2231\">Tratamento Psicol\u00f3gico<\/h3>\n<p data-start=\"2233\" data-end=\"2275\">O programa terap\u00eautico normalmente inclui:<\/p>\n<ul data-start=\"2277\" data-end=\"2431\">\n<li data-section-id=\"w5p39i\" data-start=\"2277\" data-end=\"2303\">Psicoterapia individual;<\/li>\n<li data-section-id=\"oji84t\" data-start=\"2304\" data-end=\"2324\">Terapias em grupo;<\/li>\n<li data-section-id=\"1recp5z\" data-start=\"2325\" data-end=\"2347\">Terapia ocupacional;<\/li>\n<li data-section-id=\"5hyo8s\" data-start=\"2348\" data-end=\"2376\">Desenvolvimento emocional;<\/li>\n<li data-section-id=\"1yck3wu\" data-start=\"2377\" data-end=\"2408\">Fortalecimento da autoestima;<\/li>\n<li data-section-id=\"7pceay\" data-start=\"2409\" data-end=\"2431\">Preven\u00e7\u00e3o \u00e0 reca\u00edda.<\/li>\n<\/ul>\n<h3 data-section-id=\"1blbaz1\" data-start=\"2433\" data-end=\"2461\">Atendimento Psiqui\u00e1trico<\/h3>\n<p data-start=\"2463\" data-end=\"2567\">Quando indicado, o paciente recebe acompanhamento especializado para tratar transtornos associados como:<\/p>\n<ul data-start=\"2569\" data-end=\"2674\">\n<li data-section-id=\"1pkjm0p\" data-start=\"2569\" data-end=\"2581\">Depress\u00e3o;<\/li>\n<li data-section-id=\"c2ficn\" data-start=\"2582\" data-end=\"2594\">Ansiedade;<\/li>\n<li data-section-id=\"1qdefwq\" data-start=\"2595\" data-end=\"2616\">Transtorno bipolar;<\/li>\n<li data-section-id=\"uy5reo\" data-start=\"2617\" data-end=\"2638\">S\u00edndrome do p\u00e2nico;<\/li>\n<li data-section-id=\"18y951t\" data-start=\"2639\" data-end=\"2674\">Outros transtornos psiqui\u00e1tricos.<\/li>\n<\/ul>\n<h2 data-section-id=\"1q63ya9\" data-start=\"2676\" data-end=\"2704\">Modalidades de Interna\u00e7\u00e3o<\/h2>\n<p data-start=\"2706\" data-end=\"2776\">Dependendo da situa\u00e7\u00e3o cl\u00ednica, o tratamento pode ocorrer por meio de:<\/p>\n<ul data-start=\"2778\" data-end=\"2899\">\n<li data-section-id=\"1bh85xu\" data-start=\"2778\" data-end=\"2802\">Interna\u00e7\u00e3o volunt\u00e1ria;<\/li>\n<li data-section-id=\"d4bmol\" data-start=\"2803\" data-end=\"2829\">Interna\u00e7\u00e3o involunt\u00e1ria;<\/li>\n<li data-section-id=\"1y5mou4\" data-start=\"2830\" data-end=\"2899\">Interna\u00e7\u00e3o compuls\u00f3ria, conforme previsto na legisla\u00e7\u00e3o brasileira.<\/li>\n<\/ul>\n<h2 data-section-id=\"q6sl3m\" data-start=\"2901\" data-end=\"2946\">Benef\u00edcios de uma Cl\u00ednica Pr\u00f3xima a Santos<\/h2>\n<p data-start=\"2948\" data-end=\"3040\">Escolher uma cl\u00ednica localizada em Santos ou na Baixada Santista oferece diversas vantagens:<\/p>\n<ul data-start=\"3042\" data-end=\"3260\">\n<li data-section-id=\"8946jf\" data-start=\"3042\" data-end=\"3073\">F\u00e1cil acesso para familiares;<\/li>\n<li data-section-id=\"1nd6d4g\" data-start=\"3074\" data-end=\"3137\">Proximidade com S\u00e3o Vicente, Praia Grande, Cubat\u00e3o e Guaruj\u00e1;<\/li>\n<li data-section-id=\"l3jl8u\" data-start=\"3138\" data-end=\"3175\">Ambiente adequado para recupera\u00e7\u00e3o;<\/li>\n<li data-section-id=\"7pw7bk\" data-start=\"3176\" data-end=\"3223\">Acompanhamento familiar durante o tratamento;<\/li>\n<li data-section-id=\"10uy5k4\" data-start=\"3224\" data-end=\"3260\">Atendimento humanizado e cont\u00ednuo.<\/li>\n<\/ul>\n<h2 data-section-id=\"ie9fco\" data-start=\"3262\" data-end=\"3289\">A Import\u00e2ncia da Fam\u00edlia<\/h2>\n<p data-start=\"3291\" data-end=\"3365\">O apoio da fam\u00edlia fortalece significativamente o processo de recupera\u00e7\u00e3o.<\/p>\n<p data-start=\"3367\" data-end=\"3414\">Durante o tratamento, muitas cl\u00ednicas oferecem:<\/p>\n<ul data-start=\"3416\" data-end=\"3523\">\n<li data-section-id=\"1kkh8cc\" data-start=\"3416\" data-end=\"3435\">Terapia familiar;<\/li>\n<li data-section-id=\"uqm46k\" data-start=\"3436\" data-end=\"3464\">Orienta\u00e7\u00e3o aos familiares;<\/li>\n<li data-section-id=\"zyi8uo\" data-start=\"3465\" data-end=\"3485\">Apoio psicol\u00f3gico;<\/li>\n<li data-section-id=\"lorax8\" data-start=\"3486\" data-end=\"3523\">Educa\u00e7\u00e3o sobre depend\u00eancia qu\u00edmica.<\/li>\n<\/ul>\n<p data-start=\"3525\" data-end=\"3618\">Esse suporte contribui para reduzir os riscos de reca\u00edda e fortalecer os v\u00ednculos familiares.<\/p>\n<h2 data-section-id=\"ygunlt\" data-start=\"3620\" data-end=\"3646\">Recupera\u00e7\u00e3o Ap\u00f3s a Alta<\/h2>\n<p data-start=\"3648\" data-end=\"3695\">A recupera\u00e7\u00e3o continua mesmo ap\u00f3s a interna\u00e7\u00e3o.<\/p>\n<p data-start=\"3697\" data-end=\"3727\">O acompanhamento pode incluir:<\/p>\n<ul data-start=\"3729\" data-end=\"3855\">\n<li data-section-id=\"1oiebxq\" data-start=\"3729\" data-end=\"3753\">Psicoterapia cont\u00ednua;<\/li>\n<li data-section-id=\"1pbjb3a\" data-start=\"3754\" data-end=\"3772\">Grupos de apoio;<\/li>\n<li data-section-id=\"p3v6ev\" data-start=\"3773\" data-end=\"3793\">Reinser\u00e7\u00e3o social;<\/li>\n<li data-section-id=\"7tfug3\" data-start=\"3794\" data-end=\"3823\">Acompanhamento psicol\u00f3gico;<\/li>\n<li data-section-id=\"17vn5fb\" data-start=\"3824\" data-end=\"3855\">Plano de preven\u00e7\u00e3o \u00e0 reca\u00edda.<\/li>\n<\/ul>\n<h2 data-section-id=\"g12jmj\" data-start=\"3857\" data-end=\"3911\">Como Escolher uma Cl\u00ednica de Recupera\u00e7\u00e3o Intensiva?<\/h2>\n<p data-start=\"3913\" data-end=\"3979\">Antes de iniciar o tratamento, verifique se a institui\u00e7\u00e3o oferece:<\/p>\n<ul data-start=\"3981\" data-end=\"4190\">\n<li data-section-id=\"1dkt8z7\" data-start=\"3981\" data-end=\"4019\">Equipe multidisciplinar qualificada;<\/li>\n<li data-section-id=\"6u4ssm\" data-start=\"4020\" data-end=\"4055\">Atendimento m\u00e9dico e psicol\u00f3gico;<\/li>\n<li data-section-id=\"xczkh0\" data-start=\"4056\" data-end=\"4077\">Estrutura adequada;<\/li>\n<li data-section-id=\"1wptz17\" data-start=\"4078\" data-end=\"4103\">Atendimento humanizado;<\/li>\n<li data-section-id=\"ivih6r\" data-start=\"4104\" data-end=\"4140\">Plano terap\u00eautico individualizado;<\/li>\n<li data-section-id=\"1hysgsx\" data-start=\"4141\" data-end=\"4190\">Transpar\u00eancia em todas as etapas do tratamento.<\/li>\n<\/ul>\n<h2 data-section-id=\"h85oci\" data-start=\"4192\" data-end=\"4204\">Conclus\u00e3o<\/h2>\n<p data-start=\"4206\" data-end=\"4414\">Buscar uma <strong data-start=\"4217\" data-end=\"4289\">cl\u00ednica de recupera\u00e7\u00e3o intensiva em Santos para dependentes qu\u00edmicos<\/strong> \u00e9 um passo importante para recuperar a sa\u00fade, reconstruir os v\u00ednculos familiares e conquistar uma nova oportunidade de vida.<\/p>\n<p data-start=\"4416\" data-end=\"4616\">Com profissionais especializados, atendimento 24 horas e acompanhamento cont\u00ednuo, \u00e9 poss\u00edvel superar a depend\u00eancia qu\u00edmica e iniciar uma trajet\u00f3ria de recupera\u00e7\u00e3o com dignidade, seguran\u00e7a e esperan\u00e7a.<\/p>\n","protected":false},"excerpt":{"rendered":"<p>Cl\u00ednica de Recupera\u00e7\u00e3o Intensiva em Santos para Dependentes Qu\u00edmicos: Tratamento Especializado para Recupera\u00e7\u00e3o Completa A depend\u00eancia qu\u00edmica \u00e9 uma doen\u00e7a cr\u00f4nica que afeta a\u2026<\/p>\n","protected":false},"author":1,"featured_media":0,"comment_status":"open","ping_status":"open","sticky":false,"template":"","format":"standard","meta":{"footnotes":""},"categories":[233],"tags":[293,292,294],"class_list":["post-10037","post","type-post","status-publish","format-standard","hentry","category-santos","tag-clinica-de-recuperacao-feminina-intensiva-em-santos","tag-clinica-de-recuperacao-masculina-intensiva-em-santos","tag-tratamento-intensivo-em-santos"],"yoast_head":"<!-- This site is optimized with the Yoast SEO Premium plugin v27.6.1 (Yoast SEO v28.2) - https:\/\/yoast.com\/product\/yoast-seo-premium-wordpress\/ -->\n<title>Cl\u00ednica de Recupera\u00e7\u00e3o Intensiva em Santos para Dependentes Qu\u00edmicos - Blog Inter Cl\u00ednicas Litoral<\/title>\n<meta name=\"description\" content=\"Cl\u00ednica de recupera\u00e7\u00e3o intensiva em Santos para dependentes qu\u00edmicos com tratamento especializado, atendimento humanizado, interna\u00e7\u00e3o 24 horas e equipe multidisciplinar.\" \/>\n<meta name=\"robots\" content=\"index, follow, max-snippet:-1, max-image-preview:large, max-video-preview:-1\" \/>\n<link rel=\"canonical\" href=\"https:\/\/interclinicaslitoral.com.br\/blog\/clinica-de-recuperacao-intensiva-em-santos-para-dependentes-quimicos\/\" \/>\n<meta property=\"og:locale\" content=\"pt_PT\" \/>\n<meta property=\"og:type\" content=\"article\" \/>\n<meta property=\"og:title\" content=\"Cl\u00ednica de Recupera\u00e7\u00e3o Intensiva em Santos para Dependentes Qu\u00edmicos\" \/>\n<meta property=\"og:description\" content=\"Cl\u00ednica de recupera\u00e7\u00e3o intensiva em Santos para dependentes qu\u00edmicos com tratamento especializado, atendimento humanizado, interna\u00e7\u00e3o 24 horas e equipe multidisciplinar.\" \/>\n<meta property=\"og:url\" content=\"https:\/\/interclinicaslitoral.com.br\/blog\/clinica-de-recuperacao-intensiva-em-santos-para-dependentes-quimicos\/\" \/>\n<meta property=\"og:site_name\" content=\"Blog Inter Cl\u00ednicas Litoral\" \/>\n<meta property=\"article:published_time\" content=\"2026-08-04T14:46:02+00:00\" \/>\n<meta name=\"author\" content=\"admin\" \/>\n<meta name=\"twitter:card\" content=\"summary_large_image\" \/>\n<meta name=\"twitter:label1\" content=\"Escrito por\" \/>\n\t<meta name=\"twitter:data1\" content=\"admin\" \/>\n\t<meta name=\"twitter:label2\" content=\"Tempo estimado de leitura\" \/>\n\t<meta name=\"twitter:data2\" content=\"4 minutos\" \/>\n<script type=\"application\/ld+json\" class=\"yoast-schema-graph\">{\"@context\":\"https:\\\/\\\/schema.org\",\"@graph\":[{\"@type\":\"Article\",\"@id\":\"https:\\\/\\\/interclinicaslitoral.com.br\\\/blog\\\/clinica-de-recuperacao-intensiva-em-santos-para-dependentes-quimicos\\\/#article\",\"isPartOf\":{\"@id\":\"https:\\\/\\\/interclinicaslitoral.com.br\\\/blog\\\/clinica-de-recuperacao-intensiva-em-santos-para-dependentes-quimicos\\\/\"},\"author\":{\"name\":\"admin\",\"@id\":\"https:\\\/\\\/interclinicaslitoral.com.br\\\/blog\\\/#\\\/schema\\\/person\\\/0722a1a552d2deb98d1ad7f7ef92ffd4\"},\"headline\":\"Cl\u00ednica de Recupera\u00e7\u00e3o Intensiva em Santos para Dependentes Qu\u00edmicos\",\"datePublished\":\"2026-08-04T14:46:02+00:00\",\"mainEntityOfPage\":{\"@id\":\"https:\\\/\\\/interclinicaslitoral.com.br\\\/blog\\\/clinica-de-recuperacao-intensiva-em-santos-para-dependentes-quimicos\\\/\"},\"wordCount\":708,\"commentCount\":0,\"keywords\":[\"clinica de recupera\u00e7\u00e3o feminina intensiva em santos\",\"clinica de recupera\u00e7\u00e3o masculina intensiva em santos\",\"tratamento intensivo em santos\"],\"articleSection\":[\"Santos\"],\"inLanguage\":\"pt-PT\",\"potentialAction\":[{\"@type\":\"CommentAction\",\"name\":\"Comment\",\"target\":[\"https:\\\/\\\/interclinicaslitoral.com.br\\\/blog\\\/clinica-de-recuperacao-intensiva-em-santos-para-dependentes-quimicos\\\/#respond\"]}]},{\"@type\":\"WebPage\",\"@id\":\"https:\\\/\\\/interclinicaslitoral.com.br\\\/blog\\\/clinica-de-recuperacao-intensiva-em-santos-para-dependentes-quimicos\\\/\",\"url\":\"https:\\\/\\\/interclinicaslitoral.com.br\\\/blog\\\/clinica-de-recuperacao-intensiva-em-santos-para-dependentes-quimicos\\\/\",\"name\":\"Cl\u00ednica de Recupera\u00e7\u00e3o Intensiva em Santos para Dependentes Qu\u00edmicos - Blog Inter Cl\u00ednicas Litoral\",\"isPartOf\":{\"@id\":\"https:\\\/\\\/interclinicaslitoral.com.br\\\/blog\\\/#website\"},\"datePublished\":\"2026-08-04T14:46:02+00:00\",\"author\":{\"@id\":\"https:\\\/\\\/interclinicaslitoral.com.br\\\/blog\\\/#\\\/schema\\\/person\\\/0722a1a552d2deb98d1ad7f7ef92ffd4\"},\"description\":\"Cl\u00ednica de recupera\u00e7\u00e3o intensiva em Santos para dependentes qu\u00edmicos com tratamento especializado, atendimento humanizado, interna\u00e7\u00e3o 24 horas e equipe multidisciplinar.\",\"breadcrumb\":{\"@id\":\"https:\\\/\\\/interclinicaslitoral.com.br\\\/blog\\\/clinica-de-recuperacao-intensiva-em-santos-para-dependentes-quimicos\\\/#breadcrumb\"},\"inLanguage\":\"pt-PT\",\"potentialAction\":[{\"@type\":\"ReadAction\",\"target\":[\"https:\\\/\\\/interclinicaslitoral.com.br\\\/blog\\\/clinica-de-recuperacao-intensiva-em-santos-para-dependentes-quimicos\\\/\"]}]},{\"@type\":\"BreadcrumbList\",\"@id\":\"https:\\\/\\\/interclinicaslitoral.com.br\\\/blog\\\/clinica-de-recuperacao-intensiva-em-santos-para-dependentes-quimicos\\\/#breadcrumb\",\"itemListElement\":[{\"@type\":\"ListItem\",\"position\":1,\"name\":\"In\u00edcio\",\"item\":\"https:\\\/\\\/interclinicaslitoral.com.br\\\/blog\\\/\"},{\"@type\":\"ListItem\",\"position\":2,\"name\":\"Cl\u00ednica de Recupera\u00e7\u00e3o Intensiva em Santos para Dependentes Qu\u00edmicos\"}]},{\"@type\":\"WebSite\",\"@id\":\"https:\\\/\\\/interclinicaslitoral.com.br\\\/blog\\\/#website\",\"url\":\"https:\\\/\\\/interclinicaslitoral.com.br\\\/blog\\\/\",\"name\":\"Blog Inter Cl\u00ednicas Litoral\",\"description\":\"Conte\u00fados sobre depend\u00eancia qu\u00edmica, alcoolismo, sa\u00fade mental, apoio familiar e caminhos de cuidado em todo o Litoral Paulista.\",\"potentialAction\":[{\"@type\":\"SearchAction\",\"target\":{\"@type\":\"EntryPoint\",\"urlTemplate\":\"https:\\\/\\\/interclinicaslitoral.com.br\\\/blog\\\/?s={search_term_string}\"},\"query-input\":{\"@type\":\"PropertyValueSpecification\",\"valueRequired\":true,\"valueName\":\"search_term_string\"}}],\"inLanguage\":\"pt-PT\"},{\"@type\":\"Person\",\"@id\":\"https:\\\/\\\/interclinicaslitoral.com.br\\\/blog\\\/#\\\/schema\\\/person\\\/0722a1a552d2deb98d1ad7f7ef92ffd4\",\"name\":\"admin\",\"image\":{\"@type\":\"ImageObject\",\"inLanguage\":\"pt-PT\",\"@id\":\"https:\\\/\\\/secure.gravatar.com\\\/avatar\\\/f7939cba5930278804513e8435a0e8943ddbb1f002264bfb6cbe0fbe692dd410?s=96&d=mm&r=g\",\"url\":\"https:\\\/\\\/secure.gravatar.com\\\/avatar\\\/f7939cba5930278804513e8435a0e8943ddbb1f002264bfb6cbe0fbe692dd410?s=96&d=mm&r=g\",\"contentUrl\":\"https:\\\/\\\/secure.gravatar.com\\\/avatar\\\/f7939cba5930278804513e8435a0e8943ddbb1f002264bfb6cbe0fbe692dd410?s=96&d=mm&r=g\",\"caption\":\"admin\"},\"url\":\"https:\\\/\\\/interclinicaslitoral.com.br\\\/blog\\\/author\\\/admin\\\/\"}]}<\/script>\n<!-- \/ Yoast SEO Premium plugin. -->","yoast_head_json":{"title":"Cl\u00ednica de Recupera\u00e7\u00e3o Intensiva em Santos para Dependentes Qu\u00edmicos - Blog Inter Cl\u00ednicas Litoral","description":"Cl\u00ednica de recupera\u00e7\u00e3o intensiva em Santos para dependentes qu\u00edmicos com tratamento especializado, atendimento humanizado, interna\u00e7\u00e3o 24 horas e equipe multidisciplinar.","robots":{"index":"index","follow":"follow","max-snippet":"max-snippet:-1","max-image-preview":"max-image-preview:large","max-video-preview":"max-video-preview:-1"},"canonical":"https:\/\/interclinicaslitoral.com.br\/blog\/clinica-de-recuperacao-intensiva-em-santos-para-dependentes-quimicos\/","og_locale":"pt_PT","og_type":"article","og_title":"Cl\u00ednica de Recupera\u00e7\u00e3o Intensiva em Santos para Dependentes Qu\u00edmicos","og_description":"Cl\u00ednica de recupera\u00e7\u00e3o intensiva em Santos para dependentes qu\u00edmicos com tratamento especializado, atendimento humanizado, interna\u00e7\u00e3o 24 horas e equipe multidisciplinar.","og_url":"https:\/\/interclinicaslitoral.com.br\/blog\/clinica-de-recuperacao-intensiva-em-santos-para-dependentes-quimicos\/","og_site_name":"Blog Inter Cl\u00ednicas Litoral","article_published_time":"2026-08-04T14:46:02+00:00","author":"admin","twitter_card":"summary_large_image","twitter_misc":{"Escrito por":"admin","Tempo estimado de leitura":"4 minutos"},"schema":{"@context":"https:\/\/schema.org","@graph":[{"@type":"Article","@id":"https:\/\/interclinicaslitoral.com.br\/blog\/clinica-de-recuperacao-intensiva-em-santos-para-dependentes-quimicos\/#article","isPartOf":{"@id":"https:\/\/interclinicaslitoral.com.br\/blog\/clinica-de-recuperacao-intensiva-em-santos-para-dependentes-quimicos\/"},"author":{"name":"admin","@id":"https:\/\/interclinicaslitoral.com.br\/blog\/#\/schema\/person\/0722a1a552d2deb98d1ad7f7ef92ffd4"},"headline":"Cl\u00ednica de Recupera\u00e7\u00e3o Intensiva em Santos para Dependentes Qu\u00edmicos","datePublished":"2026-08-04T14:46:02+00:00","mainEntityOfPage":{"@id":"https:\/\/interclinicaslitoral.com.br\/blog\/clinica-de-recuperacao-intensiva-em-santos-para-dependentes-quimicos\/"},"wordCount":708,"commentCount":0,"keywords":["clinica de recupera\u00e7\u00e3o feminina intensiva em santos","clinica de recupera\u00e7\u00e3o masculina intensiva em santos","tratamento intensivo em santos"],"articleSection":["Santos"],"inLanguage":"pt-PT","potentialAction":[{"@type":"CommentAction","name":"Comment","target":["https:\/\/interclinicaslitoral.com.br\/blog\/clinica-de-recuperacao-intensiva-em-santos-para-dependentes-quimicos\/#respond"]}]},{"@type":"WebPage","@id":"https:\/\/interclinicaslitoral.com.br\/blog\/clinica-de-recuperacao-intensiva-em-santos-para-dependentes-quimicos\/","url":"https:\/\/interclinicaslitoral.com.br\/blog\/clinica-de-recuperacao-intensiva-em-santos-para-dependentes-quimicos\/","name":"Cl\u00ednica de Recupera\u00e7\u00e3o Intensiva em Santos para Dependentes Qu\u00edmicos - Blog Inter Cl\u00ednicas Litoral","isPartOf":{"@id":"https:\/\/interclinicaslitoral.com.br\/blog\/#website"},"datePublished":"2026-08-04T14:46:02+00:00","author":{"@id":"https:\/\/interclinicaslitoral.com.br\/blog\/#\/schema\/person\/0722a1a552d2deb98d1ad7f7ef92ffd4"},"description":"Cl\u00ednica de recupera\u00e7\u00e3o intensiva em Santos para dependentes qu\u00edmicos com tratamento especializado, atendimento humanizado, interna\u00e7\u00e3o 24 horas e equipe multidisciplinar.","breadcrumb":{"@id":"https:\/\/interclinicaslitoral.com.br\/blog\/clinica-de-recuperacao-intensiva-em-santos-para-dependentes-quimicos\/#breadcrumb"},"inLanguage":"pt-PT","potentialAction":[{"@type":"ReadAction","target":["https:\/\/interclinicaslitoral.com.br\/blog\/clinica-de-recuperacao-intensiva-em-santos-para-dependentes-quimicos\/"]}]},{"@type":"BreadcrumbList","@id":"https:\/\/interclinicaslitoral.com.br\/blog\/clinica-de-recuperacao-intensiva-em-santos-para-dependentes-quimicos\/#breadcrumb","itemListElement":[{"@type":"ListItem","position":1,"name":"In\u00edcio","item":"https:\/\/interclinicaslitoral.com.br\/blog\/"},{"@type":"ListItem","position":2,"name":"Cl\u00ednica de Recupera\u00e7\u00e3o Intensiva em Santos para Dependentes Qu\u00edmicos"}]},{"@type":"WebSite","@id":"https:\/\/interclinicaslitoral.com.br\/blog\/#website","url":"https:\/\/interclinicaslitoral.com.br\/blog\/","name":"Blog Inter Cl\u00ednicas Litoral","description":"Conte\u00fados sobre depend\u00eancia qu\u00edmica, alcoolismo, sa\u00fade mental, apoio familiar e caminhos de cuidado em todo o Litoral Paulista.","potentialAction":[{"@type":"SearchAction","target":{"@type":"EntryPoint","urlTemplate":"https:\/\/interclinicaslitoral.com.br\/blog\/?s={search_term_string}"},"query-input":{"@type":"PropertyValueSpecification","valueRequired":true,"valueName":"search_term_string"}}],"inLanguage":"pt-PT"},{"@type":"Person","@id":"https:\/\/interclinicaslitoral.com.br\/blog\/#\/schema\/person\/0722a1a552d2deb98d1ad7f7ef92ffd4","name":"admin","image":{"@type":"ImageObject","inLanguage":"pt-PT","@id":"https:\/\/secure.gravatar.com\/avatar\/f7939cba5930278804513e8435a0e8943ddbb1f002264bfb6cbe0fbe692dd410?s=96&d=mm&r=g","url":"https:\/\/secure.gravatar.com\/avatar\/f7939cba5930278804513e8435a0e8943ddbb1f002264bfb6cbe0fbe692dd410?s=96&d=mm&r=g","contentUrl":"https:\/\/secure.gravatar.com\/avatar\/f7939cba5930278804513e8435a0e8943ddbb1f002264bfb6cbe0fbe692dd410?s=96&d=mm&r=g","caption":"admin"},"url":"https:\/\/interclinicaslitoral.com.br\/blog\/author\/admin\/"}]}},"_links":{"self":[{"href":"https:\/\/interclinicaslitoral.com.br\/blog\/wp-json\/wp\/v2\/posts\/10037","targetHints":{"allow":["GET"]}}],"collection":[{"href":"https:\/\/interclinicaslitoral.com.br\/blog\/wp-json\/wp\/v2\/posts"}],"about":[{"href":"https:\/\/interclinicaslitoral.com.br\/blog\/wp-json\/wp\/v2\/types\/post"}],"author":[{"embeddable":true,"href":"https:\/\/interclinicaslitoral.com.br\/blog\/wp-json\/wp\/v2\/users\/1"}],"replies":[{"embeddable":true,"href":"https:\/\/interclinicaslitoral.com.br\/blog\/wp-json\/wp\/v2\/comments?post=10037"}],"version-history":[{"count":1,"href":"https:\/\/interclinicaslitoral.com.br\/blog\/wp-json\/wp\/v2\/posts\/10037\/revisions"}],"predecessor-version":[{"id":10038,"href":"https:\/\/interclinicaslitoral.com.br\/blog\/wp-json\/wp\/v2\/posts\/10037\/revisions\/10038"}],"wp:attachment":[{"href":"https:\/\/interclinicaslitoral.com.br\/blog\/wp-json\/wp\/v2\/media?parent=10037"}],"wp:term":[{"taxonomy":"category","embeddable":true,"href":"https:\/\/interclinicaslitoral.com.br\/blog\/wp-json\/wp\/v2\/categories?post=10037"},{"taxonomy":"post_tag","embeddable":true,"href":"https:\/\/interclinicaslitoral.com.br\/blog\/wp-json\/wp\/v2\/tags?post=10037"}],"curies":[{"name":"wp","href":"https:\/\/api.w.org\/{rel}","templated":true}]}}